{"id":2960,"date":"2019-09-17T20:24:14","date_gmt":"2019-09-17T19:24:14","guid":{"rendered":"https:\/\/micologica-barakaldo.org\/?p=2960"},"modified":"2019-09-20T22:11:19","modified_gmt":"2019-09-20T21:11:19","slug":"taller-de-micologia-cursillo-de-micologia-2019-2","status":"publish","type":"post","link":"https:\/\/micologica-barakaldo.org\/eu\/taller-de-micologia-cursillo-de-micologia-2019-2\/","title":{"rendered":"Taller  de Micolog\u00eda I &#8211; 2 de Octubre de 2019"},"content":{"rendered":"<p style=\"text-align: justify;\">Debido al \u00e9xito de las dos jornadas de este Talle de Micolog\u00eda y que hubo gente que se qued\u00f3 sin plaza, hemos decido volver a repetir este primer Taller de Micolog\u00eda es a\u00f1o de nuevo.<\/p>\n<p>&nbsp;<\/p>\n<p><img loading=\"lazy\" decoding=\"async\" class=\"alignnone size-large wp-image-2972\" src=\"https:\/\/micologica-barakaldo.org\/wp-content\/uploads\/2019\/09\/Taller-de-Micologia-I-1024x577.png\" alt=\"\" width=\"1024\" height=\"577\" srcset=\"https:\/\/micologica-barakaldo.org\/wp-content\/uploads\/2019\/09\/Taller-de-Micologia-I-200x113.png 200w, https:\/\/micologica-barakaldo.org\/wp-content\/uploads\/2019\/09\/Taller-de-Micologia-I-300x169.png 300w, https:\/\/micologica-barakaldo.org\/wp-content\/uploads\/2019\/09\/Taller-de-Micologia-I-400x225.png 400w, https:\/\/micologica-barakaldo.org\/wp-content\/uploads\/2019\/09\/Taller-de-Micologia-I-600x338.png 600w, https:\/\/micologica-barakaldo.org\/wp-content\/uploads\/2019\/09\/Taller-de-Micologia-I-768x433.png 768w, https:\/\/micologica-barakaldo.org\/wp-content\/uploads\/2019\/09\/Taller-de-Micologia-I-800x451.png 800w, https:\/\/micologica-barakaldo.org\/wp-content\/uploads\/2019\/09\/Taller-de-Micologia-I-1024x577.png 1024w, https:\/\/micologica-barakaldo.org\/wp-content\/uploads\/2019\/09\/Taller-de-Micologia-I-1200x676.png 1200w\" sizes=\"auto, (max-width: 1024px) 100vw, 1024px\" \/><\/p>\n<p>Os recordamos que los temas a tratar son los siguientes:<\/p>\n<ul>\n<li>Conceptos b\u00e1sicos de recolecci\u00f3n y preservaci\u00f3n<\/li>\n<li>Principales caracter\u00edsticas que definen a los\u00a0AGARICALES\u00a0s.s.\u00a0 (Hongos con l\u00e1minas)<\/li>\n<li>Principales familias de\u00a0AGARICALES\u00a0y sus caracter\u00edsticas<\/li>\n<li>Identificaci\u00f3n de g\u00e9neros<\/li>\n<li>Algunas especies representativas de\u00a0AGARICALES<\/li>\n<li>Taller pr\u00e1ctico de identificaci\u00f3n<\/li>\n<\/ul>\n<p style=\"text-align: justify;\">La parte te\u00f3rica queremos complementarla con una parte pr\u00e1ctica, ya que, dependiendo de la disponibilidad de ejemplares, haremos un taller pr\u00e1ctico de identificaci\u00f3n.<\/p>\n<p>Las condiciones de este cursillo son las siguientes:<\/p>\n<p>&nbsp;<\/p>\n<ul>\n<li>El n\u00famero de plazas est\u00e1 a limitado a 15 personas<\/li>\n<li>Para inscribirse, se debe enviar un correo electr\u00f3nico a\u00a0micologica@micologica-barakaldo.org, especificando el nombre de la persona.<\/li>\n<li>El Taller se impartir\u00e1 el 4 de octubre.<\/li>\n<li>Se entregar\u00e1 documentaci\u00f3n y material de apoyo<\/li>\n<li>La inscripci\u00f3n es gratuita<\/li>\n<li>El lugar donde se impartir\u00e1 el Taller, es en la Casa de Cultura Clara Campoamor de Barakaldo<\/li>\n<li>El horario ser\u00e1\u00a0de 19 a 21 horas. Se ruega acudir unos minutos antes, para poder comenzar con puntualidad y cumplir con las horas que tenemos asignadas.<\/li>\n<\/ul>\n<p>\u00a1Nos vemos en la XLIV Semana Micologica!<\/p>\n","protected":false},"excerpt":{"rendered":"<p>Debido al \u00e9xito de las dos jornadas de este Talle de Micolog\u00eda y que hubo  [&#8230;]<\/p>\n","protected":false},"author":2,"featured_media":2972,"comment_status":"open","ping_status":"closed","sticky":false,"template":"","format":"standard","meta":{"footnotes":"","jetpack_publicize_message":"","jetpack_publicize_feature_enabled":true,"jetpack_social_post_already_shared":true,"jetpack_social_options":{"image_generator_settings":{"template":"highway","default_image_id":0,"font":"","enabled":false},"version":2}},"categories":[25,7,55],"tags":[],"class_list":["post-2960","post","type-post","status-publish","format-standard","has-post-thumbnail","hentry","category-actividades","category-blog","category-semana-micologica-asociacion-setas"],"jetpack_publicize_connections":[],"jetpack_featured_media_url":"https:\/\/micologica-barakaldo.org\/wp-content\/uploads\/2019\/09\/Taller-de-Micologia-I.png","jetpack_shortlink":"https:\/\/wp.me\/p9dTSQ-LK","_links":{"self":[{"href":"https:\/\/micologica-barakaldo.org\/eu\/wp-json\/wp\/v2\/posts\/2960","targetHints":{"allow":["GET"]}}],"collection":[{"href":"https:\/\/micologica-barakaldo.org\/eu\/wp-json\/wp\/v2\/posts"}],"about":[{"href":"https:\/\/micologica-barakaldo.org\/eu\/wp-json\/wp\/v2\/types\/post"}],"author":[{"embeddable":true,"href":"https:\/\/micologica-barakaldo.org\/eu\/wp-json\/wp\/v2\/users\/2"}],"replies":[{"embeddable":true,"href":"https:\/\/micologica-barakaldo.org\/eu\/wp-json\/wp\/v2\/comments?post=2960"}],"version-history":[{"count":2,"href":"https:\/\/micologica-barakaldo.org\/eu\/wp-json\/wp\/v2\/posts\/2960\/revisions"}],"predecessor-version":[{"id":2974,"href":"https:\/\/micologica-barakaldo.org\/eu\/wp-json\/wp\/v2\/posts\/2960\/revisions\/2974"}],"wp:featuredmedia":[{"embeddable":true,"href":"https:\/\/micologica-barakaldo.org\/eu\/wp-json\/wp\/v2\/media\/2972"}],"wp:attachment":[{"href":"https:\/\/micologica-barakaldo.org\/eu\/wp-json\/wp\/v2\/media?parent=2960"}],"wp:term":[{"taxonomy":"category","embeddable":true,"href":"https:\/\/micologica-barakaldo.org\/eu\/wp-json\/wp\/v2\/categories?post=2960"},{"taxonomy":"post_tag","embeddable":true,"href":"https:\/\/micologica-barakaldo.org\/eu\/wp-json\/wp\/v2\/tags?post=2960"}],"curies":[{"name":"wp","href":"https:\/\/api.w.org\/{rel}","templated":true}]}}