{"id":2978,"date":"2019-09-23T16:02:58","date_gmt":"2019-09-23T15:02:58","guid":{"rendered":"https:\/\/micologica-barakaldo.org\/?p=2978"},"modified":"2019-09-23T16:03:38","modified_gmt":"2019-09-23T15:03:38","slug":"tconferencia-micologica-genero-cantharellus-44-semana-micologica-de-barakaldo","status":"publish","type":"post","link":"https:\/\/micologica-barakaldo.org\/eu\/tconferencia-micologica-genero-cantharellus-44-semana-micologica-de-barakaldo\/","title":{"rendered":"Conferencia: Ocho especies de Cantharellus en Europa por Ibai Olariaga  \u2013 44 Semana Micol\u00f3gica de Barakaldo"},"content":{"rendered":"<p>Dentro de la 44 Semana Micol\u00f3gica de Barakaldo hemos programado est\u00e1 interesant\u00edsima<i>\u00a0<\/i><strong>conferencia sobre el g\u00e9nero\u00a0<em>Cantharellus<\/em><\/strong>, que nos dar\u00e1 una importante visi\u00f3n de las distintas especies de nuestro entorno y sus confusiones m\u00e1s frecuentes.<\/p>\n<p>No os la perd\u00e1is!!<\/p>\n<p>Lugar: Casa de Cultura Clara Campoamor de Barakaldo (Bizkaia)<\/p>\n<p>Fecha: viernes 4 de octubre de 2019<\/p>\n<p>Hora: 19:00h<\/p>\n<p><strong>Ponente: Ibai Olariaga Ibarguren<\/strong><\/p>\n<p>&nbsp;<\/p>\n<p><img loading=\"lazy\" decoding=\"async\" class=\"alignnone size-large wp-image-2977\" src=\"https:\/\/micologica-barakaldo.org\/wp-content\/uploads\/2018\/09\/Cantherellus-pallens_20120707_5437-1024x722.jpg\" alt=\"\" width=\"1024\" height=\"722\" srcset=\"https:\/\/micologica-barakaldo.org\/wp-content\/uploads\/2018\/09\/Cantherellus-pallens_20120707_5437-200x141.jpg 200w, https:\/\/micologica-barakaldo.org\/wp-content\/uploads\/2018\/09\/Cantherellus-pallens_20120707_5437-300x212.jpg 300w, https:\/\/micologica-barakaldo.org\/wp-content\/uploads\/2018\/09\/Cantherellus-pallens_20120707_5437-400x282.jpg 400w, https:\/\/micologica-barakaldo.org\/wp-content\/uploads\/2018\/09\/Cantherellus-pallens_20120707_5437-600x423.jpg 600w, https:\/\/micologica-barakaldo.org\/wp-content\/uploads\/2018\/09\/Cantherellus-pallens_20120707_5437-768x542.jpg 768w, https:\/\/micologica-barakaldo.org\/wp-content\/uploads\/2018\/09\/Cantherellus-pallens_20120707_5437-800x564.jpg 800w, https:\/\/micologica-barakaldo.org\/wp-content\/uploads\/2018\/09\/Cantherellus-pallens_20120707_5437-1024x722.jpg 1024w, https:\/\/micologica-barakaldo.org\/wp-content\/uploads\/2018\/09\/Cantherellus-pallens_20120707_5437.jpg 1028w\" sizes=\"auto, (max-width: 1024px) 100vw, 1024px\" \/><\/p>\n<p>&nbsp;<\/p>\n<p style=\"text-align: justify;\">Las especies del g\u00e9nero\u00a0<strong><em>Cantharellus<\/em>\u00a0(Cantharellales, Basidiomycota)<\/strong>, conocidas popularmente como saltsaperretxiko, zizahori o rebozuelos, poseen cierta importancia econ\u00f3mica, pero a su vez, son mal conocidas por ser complicadas de identificar. Algunos autores han aceptado m\u00e1s de 20 especies en Europa, mientras que, seg\u00fan otros, el n\u00famero de especies\u00a0es considerablemente menor. Tal confusi\u00f3n se debe sobre todo a que existen muy pocas diferencias microsc\u00f3picas que permitan distinguir especies. En esta conferencia se resumir\u00e1n los resultados obtenidos a trav\u00e9s de varios proyectos de investigaci\u00f3n, incluyendo datos moleculares, que han permitido esclarecer que existen 8 especies de Cantharellus en Europa, de las cuales 7 est\u00e1n presentes en el Pa\u00eds Vasco. As\u00ed mismo, gracias a los avances moleculares, en la actualidad es posible poder identificar especies de\u00a0<em>Cantharellus<\/em>\u00a0comercializadas, etiquetadas normalmente como\u00a0<em>Cantharellus cibarius,<\/em>\u00a0identificaci\u00f3n a menudo err\u00f3nea.\u00a0<\/p>\n<p style=\"text-align: justify;\"><strong>Ibai Olariaga Ibarguren<\/strong> es Licenciado en Biolog\u00eda por la UPV\/EHU en 2003. Doctor en Biolog\u00eda por la UPV\/EHU en 2009, t\u00edtulo tesis: <em>The order Cantharellales in the Iberian Peninsula and the Balearic Islands.<\/em><\/p>\n<p style=\"text-align: justify;\">Ha trabajado durante cinco a\u00f1os en distintos contratos postdoctorales en el Swedish Natural History Museum, donde he trabajado en el g\u00e9nero <em>Otidea<\/em>, y \u00faltimamente en <em>Typhulas<\/em> y g\u00e9neros pr\u00f3ximos. Durante siete meses ha sido conservador del herbario de Uppsala, donde est\u00e1 el herbario de E. Fries. Actualmente contratado como profesor en la Universidad Rey Juan Carlos (Madrid, M\u00f3stoles). Miembro de la Sociedad de Ciencias Aranzadi desde 1996, adem\u00e1s es el presidente de la Secci\u00f3n de Micolog\u00eda desde 2016. Tambi\u00e9n es presidente de la Sociedad Ib\u00e9rica de Micolog\u00eda (SIM).<\/p>\n<p style=\"text-align: justify;\">\u00a1Nos vemos en la XLIV\u00a0 Semana Micologica!<\/p>\n","protected":false},"excerpt":{"rendered":"<p>Dentro de la 44 Semana Micol\u00f3gica de Barakaldo hemos programado est\u00e1 interesant\u00edsima\u00a0conferencia sobre el g\u00e9nero\u00a0Cantharellus,  [&#8230;]<\/p>\n","protected":false},"author":2,"featured_media":2977,"comment_status":"open","ping_status":"closed","sticky":false,"template":"","format":"standard","meta":{"footnotes":"","jetpack_publicize_message":"","jetpack_publicize_feature_enabled":true,"jetpack_social_post_already_shared":true,"jetpack_social_options":{"image_generator_settings":{"template":"highway","default_image_id":0,"font":"","enabled":false},"version":2}},"categories":[25,7,55],"tags":[],"class_list":["post-2978","post","type-post","status-publish","format-standard","has-post-thumbnail","hentry","category-actividades","category-blog","category-semana-micologica-asociacion-setas"],"jetpack_publicize_connections":[],"jetpack_featured_media_url":"https:\/\/micologica-barakaldo.org\/wp-content\/uploads\/2018\/09\/Cantherellus-pallens_20120707_5437.jpg","jetpack_shortlink":"https:\/\/wp.me\/p9dTSQ-M2","_links":{"self":[{"href":"https:\/\/micologica-barakaldo.org\/eu\/wp-json\/wp\/v2\/posts\/2978","targetHints":{"allow":["GET"]}}],"collection":[{"href":"https:\/\/micologica-barakaldo.org\/eu\/wp-json\/wp\/v2\/posts"}],"about":[{"href":"https:\/\/micologica-barakaldo.org\/eu\/wp-json\/wp\/v2\/types\/post"}],"author":[{"embeddable":true,"href":"https:\/\/micologica-barakaldo.org\/eu\/wp-json\/wp\/v2\/users\/2"}],"replies":[{"embeddable":true,"href":"https:\/\/micologica-barakaldo.org\/eu\/wp-json\/wp\/v2\/comments?post=2978"}],"version-history":[{"count":2,"href":"https:\/\/micologica-barakaldo.org\/eu\/wp-json\/wp\/v2\/posts\/2978\/revisions"}],"predecessor-version":[{"id":2980,"href":"https:\/\/micologica-barakaldo.org\/eu\/wp-json\/wp\/v2\/posts\/2978\/revisions\/2980"}],"wp:featuredmedia":[{"embeddable":true,"href":"https:\/\/micologica-barakaldo.org\/eu\/wp-json\/wp\/v2\/media\/2977"}],"wp:attachment":[{"href":"https:\/\/micologica-barakaldo.org\/eu\/wp-json\/wp\/v2\/media?parent=2978"}],"wp:term":[{"taxonomy":"category","embeddable":true,"href":"https:\/\/micologica-barakaldo.org\/eu\/wp-json\/wp\/v2\/categories?post=2978"},{"taxonomy":"post_tag","embeddable":true,"href":"https:\/\/micologica-barakaldo.org\/eu\/wp-json\/wp\/v2\/tags?post=2978"}],"curies":[{"name":"wp","href":"https:\/\/api.w.org\/{rel}","templated":true}]}}