{"id":2992,"date":"2019-10-03T20:15:11","date_gmt":"2019-10-03T19:15:11","guid":{"rendered":"https:\/\/micologica-barakaldo.org\/?p=2992"},"modified":"2019-10-03T20:40:48","modified_gmt":"2019-10-03T19:40:48","slug":"temporada-de-setas-octubre-2019","status":"publish","type":"post","link":"https:\/\/micologica-barakaldo.org\/eu\/temporada-de-setas-octubre-2019\/","title":{"rendered":"Temporada de setas: OCTUBRE 2019"},"content":{"rendered":"<p style=\"text-align: justify;\">Las abundantes lluvias y tormentas que han ca\u00eddo desde finales de agosto a principios de septiembre, han provocado en muchas zonas un brote importante de Boletus, sobre todo <em>B. aereus<\/em> y <em>B. edulis<\/em>, tambi\u00e9n <em>Amanita caesarea, Russula cyanoxantha<\/em> y, quiz\u00e1s con menos abundancia de lo habitual, los <em>Cantharellus<\/em> (<em>C. cibarius<\/em> y <em>pallens<\/em>), algunos <em>Craterellus cornucopioides<\/em> e incluso, en las zonas del Pirineo y prepirineo, brotes de <em>Lactarius sanguifluus<\/em> y <em>L. deliciosus<\/em>.<\/p>\n<p style=\"text-align: justify;\">El problema viene con la segunda parte del mes de septiembre, que se ha caracterizado por temperaturas altas, viento sur y una ausencia total de lluvias, necesarias para dar continuidad a la explosi\u00f3n micol\u00f3gica caracter\u00edstica de esta \u00e9poca. Esto hace que el inicio de octubre sea muy incierto en pr\u00e1cticamente toda la pen\u00ednsula. Confiemos, sin embargo, en que, en los pr\u00f3ximos d\u00edas, lleguen esas ansiadas lluvias a nuestros bosques y campos.<\/p>\n<p style=\"text-align: justify;\">Podemos afirmar, sin temor a equivocarnos, que octubre es el mes del a\u00f1o en el que se produce el pleno apogeo de las setas. En \u00e9l suelen coincidir setas t\u00edpicas del final del verano: <em>Russula cyanoxantha, R. virescens, Russula vesca, Cantharellus cibarius, C. pallens, Craterellus cornucopiodes, Boletus reticulatus, Boletus appendiculatus<\/em> (especies de las que hemos hablado en anteriores posts de <strong>Temporada de setas) <\/strong>y setas propias de la estaci\u00f3n que empieza, el oto\u00f1o. Son muchas las especies con inter\u00e9s micol\u00f3gico, pero destacan las siguientes, entre las m\u00e1s cl\u00e1sicas y buscadas: Hongo calabaza (<em>Boletus edulis<\/em>), <em>Boletus pinophilus<\/em>, Amanita vinosa (<em>Amanita rubescens<\/em>), Seta de Cardo (<em>Pleurotus eryngii<\/em>), Parasol (<em>Macrolepiota procera<\/em>), champi\u00f1\u00f3n (<em>Agaricus campestris<\/em>) y la buscad\u00edsima Angula de Monte (<em>Craterellus lutescens<\/em>).<\/p>\n<p><strong>\u00a0<img loading=\"lazy\" decoding=\"async\" class=\" wp-image-2994 aligncenter\" src=\"https:\/\/micologica-barakaldo.org\/wp-content\/uploads\/2019\/10\/Amanita-rubescens_20100824_001-300x221.jpg\" alt=\"\" width=\"425\" height=\"313\" srcset=\"https:\/\/micologica-barakaldo.org\/wp-content\/uploads\/2019\/10\/Amanita-rubescens_20100824_001-200x147.jpg 200w, https:\/\/micologica-barakaldo.org\/wp-content\/uploads\/2019\/10\/Amanita-rubescens_20100824_001-300x221.jpg 300w, https:\/\/micologica-barakaldo.org\/wp-content\/uploads\/2019\/10\/Amanita-rubescens_20100824_001-400x295.jpg 400w, https:\/\/micologica-barakaldo.org\/wp-content\/uploads\/2019\/10\/Amanita-rubescens_20100824_001-600x442.jpg 600w, https:\/\/micologica-barakaldo.org\/wp-content\/uploads\/2019\/10\/Amanita-rubescens_20100824_001-768x566.jpg 768w, https:\/\/micologica-barakaldo.org\/wp-content\/uploads\/2019\/10\/Amanita-rubescens_20100824_001-800x590.jpg 800w, https:\/\/micologica-barakaldo.org\/wp-content\/uploads\/2019\/10\/Amanita-rubescens_20100824_001.jpg 1024w\" sizes=\"auto, (max-width: 425px) 100vw, 425px\" \/><\/strong><\/p>\n<p style=\"text-align: justify;\">En los robledales y hayedos podemos encontrar Amanita vinosa (<em>Amanita rubescens<\/em>)<em>, <\/em>Pardilla (<em>Clitocybe nebularis<\/em>) y Pie azul (<em>Lepista nuda<\/em>), especies con las que tendremos especial cuidado, porque no todo el mundo las tolera y, en algunos casos, son consideradas t\u00f3xicas. Abundantes en este tipo de bosques, pero de suelos \u00e1cidos, son los apreciados y perseguidos <em>Boletus<\/em> de carne blanca (<em>B. edulis, B. pinophilus<\/em> y <em>B. aereus<\/em>).<\/p>\n<p style=\"text-align: justify;\">En los bosques de con\u00edferas, pinos y abetos, se produce una gran explosi\u00f3n de especies, como, por ejemplo, los n\u00edscalos o robellones (<em>Lactarius deliciosus, L. sanguifluus, L. semisanguifluus, L. quieticolor<\/em> y <em>L. salmonicolor<\/em>). Tambi\u00e9n son abundantes en los pinares \u00e1cidos, <em>Boletus edulis<\/em> y <em>B. pinophilus<\/em>. Asimismo, la abundante como buscada \u201cAngula de monte\u201d o <em>Craterellus lutescens<\/em>, es frecuente en pinares b\u00e1sicos o calc\u00e1reos. Otras especies comunes en este tipo de bosques son las Tricholomas. Entre ellas, la <em>Tricholoma equestre<\/em> o seta de los caballeros, de sabor fino y delicado (damos f\u00e9!!), que se encontraba hace unas d\u00e9cadas, entre las especies mejores comestibles. Decimos \u201cse encontraba\u201d porque, al parecer, ha causado varios envenenamientos con desenlace fatal en Francia. Provoca un s\u00edndrome denominado rabdomiolisis al consumirla en grandes cantidades y en d\u00edas sucesivos. Bajo sospecha, se encuentra tambi\u00e9n otro <em>Tricholoma<\/em> muy popular, como es <em>T. terreum<\/em> o negrilla. Y para terminar nuestro paseo por los bosques de con\u00edferas, otra especie abundante en los pinares en \u00e9poca oto\u00f1al es la Lengua de vaca o <em>Hydnum repandum<\/em>.<\/p>\n<p><img loading=\"lazy\" decoding=\"async\" class=\" wp-image-2996 aligncenter\" src=\"https:\/\/micologica-barakaldo.org\/wp-content\/uploads\/2019\/10\/Lactarius-quieticolor_2018102606_3828-300x210.jpg\" alt=\"\" width=\"451\" height=\"316\" srcset=\"https:\/\/micologica-barakaldo.org\/wp-content\/uploads\/2019\/10\/Lactarius-quieticolor_2018102606_3828-200x140.jpg 200w, https:\/\/micologica-barakaldo.org\/wp-content\/uploads\/2019\/10\/Lactarius-quieticolor_2018102606_3828-300x210.jpg 300w, https:\/\/micologica-barakaldo.org\/wp-content\/uploads\/2019\/10\/Lactarius-quieticolor_2018102606_3828-400x280.jpg 400w, https:\/\/micologica-barakaldo.org\/wp-content\/uploads\/2019\/10\/Lactarius-quieticolor_2018102606_3828-600x420.jpg 600w, https:\/\/micologica-barakaldo.org\/wp-content\/uploads\/2019\/10\/Lactarius-quieticolor_2018102606_3828-768x537.jpg 768w, https:\/\/micologica-barakaldo.org\/wp-content\/uploads\/2019\/10\/Lactarius-quieticolor_2018102606_3828-800x559.jpg 800w, https:\/\/micologica-barakaldo.org\/wp-content\/uploads\/2019\/10\/Lactarius-quieticolor_2018102606_3828.jpg 1024w\" sizes=\"auto, (max-width: 451px) 100vw, 451px\" \/><\/p>\n<p style=\"text-align: justify;\">Por \u00faltimo, nos quedan los claros de bosques con brezos y las praderas, donde podemos disfrutar tambi\u00e9n de un gran n\u00famero de especies. En las praderas, el rey es el sabroso y rico champi\u00f1\u00f3n (<em>Agaricus campestris<\/em>), siendo la especie de <em>Agaricus<\/em> m\u00e1s com\u00fan y abundante. Otra especie cl\u00e1sica es la Galanperna o Parasol (<em>Macrolepiota procera<\/em>). Tambi\u00e9n en este h\u00e1bitat encontramos el Pie azul (<em>Lepista<\/em> <em>nuda)<\/em>, as\u00ed como la Seta de brezo (<em>Lepista panaeola<\/em>). Y qu\u00e9 decir de la Seta de cardo (<em>Pleurotus eryngii<\/em>), una de las setas m\u00e1s ricas de la temporada, que brota de forma abundante despu\u00e9s de las grandes lluvias oto\u00f1ales. La lista es larga\u2026. Sigue otro cl\u00e1sico, la Senderuela o carrerilla (<em>Marasmius oreades<\/em>). Menos frecuente y esquiva es <em>Leucopaxillus candidus<\/em>, que brota en grandes hileras de m\u00e1s de 50 metros. Todav\u00eda quedan especies por enumerar, pero vamos a despedirnos ya de los prados y claros de bosques, con otra gran seta, la Platera o <em>Clitocybe geotropa<\/em>.<\/p>\n<p><img loading=\"lazy\" decoding=\"async\" class=\" wp-image-2997 aligncenter\" src=\"https:\/\/micologica-barakaldo.org\/wp-content\/uploads\/2019\/10\/Lepista-rickenii_20121117_10509-300x219.jpg\" alt=\"\" width=\"456\" height=\"333\" srcset=\"https:\/\/micologica-barakaldo.org\/wp-content\/uploads\/2019\/10\/Lepista-rickenii_20121117_10509-200x146.jpg 200w, https:\/\/micologica-barakaldo.org\/wp-content\/uploads\/2019\/10\/Lepista-rickenii_20121117_10509-300x219.jpg 300w, https:\/\/micologica-barakaldo.org\/wp-content\/uploads\/2019\/10\/Lepista-rickenii_20121117_10509-400x293.jpg 400w, https:\/\/micologica-barakaldo.org\/wp-content\/uploads\/2019\/10\/Lepista-rickenii_20121117_10509-600x439.jpg 600w, https:\/\/micologica-barakaldo.org\/wp-content\/uploads\/2019\/10\/Lepista-rickenii_20121117_10509-768x562.jpg 768w, https:\/\/micologica-barakaldo.org\/wp-content\/uploads\/2019\/10\/Lepista-rickenii_20121117_10509-800x585.jpg 800w, https:\/\/micologica-barakaldo.org\/wp-content\/uploads\/2019\/10\/Lepista-rickenii_20121117_10509.jpg 1024w\" sizes=\"auto, (max-width: 456px) 100vw, 456px\" \/><\/p>\n<p style=\"text-align: justify;\">Para terminar, no olvidemos que tambi\u00e9n es tiempo de setas venenosas y mortales. La lista es muy larga: <em>Amanita phalloides, A. pantherina, A. muscaria, Galerina marginata, Lepiota helveola<\/em> y <em>L. subincarnata<\/em>, <em>Entoloma sinuatum, Cortinarius orellanus, Paxillus involotus<\/em> (y posiblemente las especies afines), <em>Agaricus xanthodermus, etc<\/em>. As\u00ed que, por favor, sed cautelosos y no consum\u00e1is setas si no est\u00e1is seguros de su identificaci\u00f3n. Adem\u00e1s, hay que degustarlas en buen estado, porque algunas especies comestibles pero degradadas, pueden ser tan da\u00f1inas como las venenosas.<\/p>\n<p><img loading=\"lazy\" decoding=\"async\" class=\" wp-image-2995 aligncenter\" src=\"https:\/\/micologica-barakaldo.org\/wp-content\/uploads\/2019\/10\/Entoloma-sinuatum_03-300x225.jpg\" alt=\"\" width=\"462\" height=\"346\" srcset=\"https:\/\/micologica-barakaldo.org\/wp-content\/uploads\/2019\/10\/Entoloma-sinuatum_03-200x150.jpg 200w, https:\/\/micologica-barakaldo.org\/wp-content\/uploads\/2019\/10\/Entoloma-sinuatum_03-300x225.jpg 300w, https:\/\/micologica-barakaldo.org\/wp-content\/uploads\/2019\/10\/Entoloma-sinuatum_03-400x300.jpg 400w, https:\/\/micologica-barakaldo.org\/wp-content\/uploads\/2019\/10\/Entoloma-sinuatum_03-600x450.jpg 600w, https:\/\/micologica-barakaldo.org\/wp-content\/uploads\/2019\/10\/Entoloma-sinuatum_03-768x576.jpg 768w, https:\/\/micologica-barakaldo.org\/wp-content\/uploads\/2019\/10\/Entoloma-sinuatum_03-800x600.jpg 800w, https:\/\/micologica-barakaldo.org\/wp-content\/uploads\/2019\/10\/Entoloma-sinuatum_03.jpg 1024w\" sizes=\"auto, (max-width: 462px) 100vw, 462px\" \/><\/p>\n<p>&nbsp;<\/p>\n<p><img loading=\"lazy\" decoding=\"async\" class=\" wp-image-2993 aligncenter\" src=\"https:\/\/micologica-barakaldo.org\/wp-content\/uploads\/2019\/10\/Amanita-phalloides_20111016_2202-300x216.jpg\" alt=\"\" width=\"462\" height=\"332\" srcset=\"https:\/\/micologica-barakaldo.org\/wp-content\/uploads\/2019\/10\/Amanita-phalloides_20111016_2202-200x144.jpg 200w, https:\/\/micologica-barakaldo.org\/wp-content\/uploads\/2019\/10\/Amanita-phalloides_20111016_2202-300x216.jpg 300w, https:\/\/micologica-barakaldo.org\/wp-content\/uploads\/2019\/10\/Amanita-phalloides_20111016_2202-400x288.jpg 400w, https:\/\/micologica-barakaldo.org\/wp-content\/uploads\/2019\/10\/Amanita-phalloides_20111016_2202-600x432.jpg 600w, https:\/\/micologica-barakaldo.org\/wp-content\/uploads\/2019\/10\/Amanita-phalloides_20111016_2202-768x553.jpg 768w, https:\/\/micologica-barakaldo.org\/wp-content\/uploads\/2019\/10\/Amanita-phalloides_20111016_2202-800x576.jpg 800w, https:\/\/micologica-barakaldo.org\/wp-content\/uploads\/2019\/10\/Amanita-phalloides_20111016_2202.jpg 1024w\" sizes=\"auto, (max-width: 462px) 100vw, 462px\" \/><\/p>\n","protected":false},"excerpt":{"rendered":"<p>Las abundantes lluvias y tormentas que han ca\u00eddo desde finales de agosto a principios de  [&#8230;]<\/p>\n","protected":false},"author":3,"featured_media":2993,"comment_status":"open","ping_status":"closed","sticky":false,"template":"","format":"standard","meta":{"footnotes":"","jetpack_publicize_message":"","jetpack_publicize_feature_enabled":true,"jetpack_social_post_already_shared":true,"jetpack_social_options":{"image_generator_settings":{"template":"highway","default_image_id":0,"font":"","enabled":false},"version":2}},"categories":[7,1,27],"tags":[],"class_list":["post-2992","post","type-post","status-publish","format-standard","has-post-thumbnail","hentry","category-blog","category-sin-categorizar","category-temporada-de-setas"],"jetpack_publicize_connections":[],"jetpack_featured_media_url":"https:\/\/micologica-barakaldo.org\/wp-content\/uploads\/2019\/10\/Amanita-phalloides_20111016_2202.jpg","jetpack_shortlink":"https:\/\/wp.me\/p9dTSQ-Mg","_links":{"self":[{"href":"https:\/\/micologica-barakaldo.org\/eu\/wp-json\/wp\/v2\/posts\/2992","targetHints":{"allow":["GET"]}}],"collection":[{"href":"https:\/\/micologica-barakaldo.org\/eu\/wp-json\/wp\/v2\/posts"}],"about":[{"href":"https:\/\/micologica-barakaldo.org\/eu\/wp-json\/wp\/v2\/types\/post"}],"author":[{"embeddable":true,"href":"https:\/\/micologica-barakaldo.org\/eu\/wp-json\/wp\/v2\/users\/3"}],"replies":[{"embeddable":true,"href":"https:\/\/micologica-barakaldo.org\/eu\/wp-json\/wp\/v2\/comments?post=2992"}],"version-history":[{"count":3,"href":"https:\/\/micologica-barakaldo.org\/eu\/wp-json\/wp\/v2\/posts\/2992\/revisions"}],"predecessor-version":[{"id":3000,"href":"https:\/\/micologica-barakaldo.org\/eu\/wp-json\/wp\/v2\/posts\/2992\/revisions\/3000"}],"wp:featuredmedia":[{"embeddable":true,"href":"https:\/\/micologica-barakaldo.org\/eu\/wp-json\/wp\/v2\/media\/2993"}],"wp:attachment":[{"href":"https:\/\/micologica-barakaldo.org\/eu\/wp-json\/wp\/v2\/media?parent=2992"}],"wp:term":[{"taxonomy":"category","embeddable":true,"href":"https:\/\/micologica-barakaldo.org\/eu\/wp-json\/wp\/v2\/categories?post=2992"},{"taxonomy":"post_tag","embeddable":true,"href":"https:\/\/micologica-barakaldo.org\/eu\/wp-json\/wp\/v2\/tags?post=2992"}],"curies":[{"name":"wp","href":"https:\/\/api.w.org\/{rel}","templated":true}]}}