{"id":3009,"date":"2019-10-13T18:46:33","date_gmt":"2019-10-13T17:46:33","guid":{"rendered":"https:\/\/micologica-barakaldo.org\/?p=3009"},"modified":"2019-10-13T20:26:26","modified_gmt":"2019-10-13T19:26:26","slug":"resumen-xliv-semana-micologica","status":"publish","type":"post","link":"https:\/\/micologica-barakaldo.org\/eu\/resumen-xliv-semana-micologica\/","title":{"rendered":"Resumen XLIV Semana Micol\u00f3gica"},"content":{"rendered":"<p>Como ya os hemos informado, acabamos de celebrar la XLIV Semana Micol\u00f3gica de Barakaldo, del 30 de septiembre al 6 de octubre. El balance no ha podido ser m\u00e1s positivo.\u00a0<\/p>\n<p><img loading=\"lazy\" decoding=\"async\" class=\" wp-image-2932 aligncenter\" src=\"https:\/\/micologica-barakaldo.org\/wp-content\/uploads\/2019\/09\/44-Semana-Micologica-1-212x300.jpg\" alt=\"\" width=\"275\" height=\"389\" srcset=\"https:\/\/micologica-barakaldo.org\/wp-content\/uploads\/2019\/09\/44-Semana-Micologica-1-200x283.jpg 200w, https:\/\/micologica-barakaldo.org\/wp-content\/uploads\/2019\/09\/44-Semana-Micologica-1-212x300.jpg 212w, https:\/\/micologica-barakaldo.org\/wp-content\/uploads\/2019\/09\/44-Semana-Micologica-1-400x565.jpg 400w, https:\/\/micologica-barakaldo.org\/wp-content\/uploads\/2019\/09\/44-Semana-Micologica-1-600x848.jpg 600w, https:\/\/micologica-barakaldo.org\/wp-content\/uploads\/2019\/09\/44-Semana-Micologica-1-725x1024.jpg 725w, https:\/\/micologica-barakaldo.org\/wp-content\/uploads\/2019\/09\/44-Semana-Micologica-1-768x1085.jpg 768w, https:\/\/micologica-barakaldo.org\/wp-content\/uploads\/2019\/09\/44-Semana-Micologica-1-800x1130.jpg 800w, https:\/\/micologica-barakaldo.org\/wp-content\/uploads\/2019\/09\/44-Semana-Micologica-1-1200x1696.jpg 1200w, https:\/\/micologica-barakaldo.org\/wp-content\/uploads\/2019\/09\/44-Semana-Micologica-1.jpg 1455w\" sizes=\"auto, (max-width: 275px) 100vw, 275px\" \/><br \/>\n La afluencia de aficionados, tanto al taller de Micolog\u00eda, como a la charla de Ibai Olariaga, ha sido muy satisfactoria. El taller de micolog\u00eda trataba sobre la Identificaci\u00f3n de hongos Agaricales. Es la segunda vez que lo impartimos, dada la aceptaci\u00f3n que tuvo la primera edici\u00f3n, la cual ha sido confirmada en esta segunda. Para el a\u00f1o que viene pretendemos impartir otro con una nueva tem\u00e1tica. Os iremos informando.<\/p>\n<p><img loading=\"lazy\" decoding=\"async\" class=\" wp-image-3010 aligncenter\" src=\"https:\/\/micologica-barakaldo.org\/wp-content\/uploads\/2019\/10\/WhatsApp-Image-2019-10-02-at-20.15.56-300x169.jpeg\" alt=\"\" width=\"385\" height=\"217\" srcset=\"https:\/\/micologica-barakaldo.org\/wp-content\/uploads\/2019\/10\/WhatsApp-Image-2019-10-02-at-20.15.56-200x112.jpeg 200w, https:\/\/micologica-barakaldo.org\/wp-content\/uploads\/2019\/10\/WhatsApp-Image-2019-10-02-at-20.15.56-300x169.jpeg 300w, https:\/\/micologica-barakaldo.org\/wp-content\/uploads\/2019\/10\/WhatsApp-Image-2019-10-02-at-20.15.56-400x225.jpeg 400w, https:\/\/micologica-barakaldo.org\/wp-content\/uploads\/2019\/10\/WhatsApp-Image-2019-10-02-at-20.15.56-600x337.jpeg 600w, https:\/\/micologica-barakaldo.org\/wp-content\/uploads\/2019\/10\/WhatsApp-Image-2019-10-02-at-20.15.56-768x432.jpeg 768w, https:\/\/micologica-barakaldo.org\/wp-content\/uploads\/2019\/10\/WhatsApp-Image-2019-10-02-at-20.15.56-800x450.jpeg 800w, https:\/\/micologica-barakaldo.org\/wp-content\/uploads\/2019\/10\/WhatsApp-Image-2019-10-02-at-20.15.56-1024x576.jpeg 1024w, https:\/\/micologica-barakaldo.org\/wp-content\/uploads\/2019\/10\/WhatsApp-Image-2019-10-02-at-20.15.56-1200x675.jpeg 1200w, https:\/\/micologica-barakaldo.org\/wp-content\/uploads\/2019\/10\/WhatsApp-Image-2019-10-02-at-20.15.56.jpeg 1416w\" sizes=\"auto, (max-width: 385px) 100vw, 385px\" \/><br \/>\n Respecto a la conferencia de Ibai Olariaga, cumpli\u00f3 con creces la expectaci\u00f3n que hab\u00eda generado. Ibai destaca por su amplio curr\u00edculum en el \u00e1mbito de la Micolog\u00eda: presidente de la Sociedad Ib\u00e9rica de Micolog\u00eda (SIM), presidente de la Secci\u00f3n de Micolog\u00eda de la Sociedad de Ciencias Aranzadi, autor de numerosos art\u00edculos y publicaciones de Micolog\u00eda y doctor en Biolog\u00eda, precisamente con una tesis que trataba sobre el tema de su charla, el g\u00e9nero Cantharellus en Europa. No podemos decir menos que fue un placer escucharle, que nos resolvi\u00f3 todas las dudas respecto a este g\u00e9nero de setas y que esperamos verle por Barakaldo en el futuro, con alguna otra charla o colaborando con nosotros en futuros proyectos que ya bullen en nuestras cabezas.<\/p>\n<p>\u00a0<img loading=\"lazy\" decoding=\"async\" class=\" wp-image-3011 aligncenter\" src=\"https:\/\/micologica-barakaldo.org\/wp-content\/uploads\/2019\/10\/IMG_3097-300x225.jpg\" alt=\"\" width=\"367\" height=\"275\" srcset=\"https:\/\/micologica-barakaldo.org\/wp-content\/uploads\/2019\/10\/IMG_3097-200x150.jpg 200w, https:\/\/micologica-barakaldo.org\/wp-content\/uploads\/2019\/10\/IMG_3097-300x225.jpg 300w, https:\/\/micologica-barakaldo.org\/wp-content\/uploads\/2019\/10\/IMG_3097-400x300.jpg 400w, https:\/\/micologica-barakaldo.org\/wp-content\/uploads\/2019\/10\/IMG_3097-600x450.jpg 600w, https:\/\/micologica-barakaldo.org\/wp-content\/uploads\/2019\/10\/IMG_3097-768x576.jpg 768w, https:\/\/micologica-barakaldo.org\/wp-content\/uploads\/2019\/10\/IMG_3097-800x600.jpg 800w, https:\/\/micologica-barakaldo.org\/wp-content\/uploads\/2019\/10\/IMG_3097-1024x768.jpg 1024w, https:\/\/micologica-barakaldo.org\/wp-content\/uploads\/2019\/10\/IMG_3097-1200x900.jpg 1200w\" sizes=\"auto, (max-width: 367px) 100vw, 367px\" \/><\/p>\n<p><img loading=\"lazy\" decoding=\"async\" class=\" wp-image-3013 aligncenter\" src=\"https:\/\/micologica-barakaldo.org\/wp-content\/uploads\/2019\/10\/IMG_3100-300x225.jpg\" alt=\"\" width=\"361\" height=\"271\" srcset=\"https:\/\/micologica-barakaldo.org\/wp-content\/uploads\/2019\/10\/IMG_3100-200x150.jpg 200w, https:\/\/micologica-barakaldo.org\/wp-content\/uploads\/2019\/10\/IMG_3100-300x225.jpg 300w, https:\/\/micologica-barakaldo.org\/wp-content\/uploads\/2019\/10\/IMG_3100-400x300.jpg 400w, https:\/\/micologica-barakaldo.org\/wp-content\/uploads\/2019\/10\/IMG_3100-600x450.jpg 600w, https:\/\/micologica-barakaldo.org\/wp-content\/uploads\/2019\/10\/IMG_3100-768x576.jpg 768w, https:\/\/micologica-barakaldo.org\/wp-content\/uploads\/2019\/10\/IMG_3100-800x600.jpg 800w, https:\/\/micologica-barakaldo.org\/wp-content\/uploads\/2019\/10\/IMG_3100-1024x768.jpg 1024w, https:\/\/micologica-barakaldo.org\/wp-content\/uploads\/2019\/10\/IMG_3100-1200x900.jpg 1200w\" sizes=\"auto, (max-width: 361px) 100vw, 361px\" \/><br \/>\n El domingo 6 de octubre celebramos la XLIV Exposici\u00f3n Micol\u00f3gica. Ten\u00edamos algunas dudas en cuanto a que hubiese setas suficientes para montar una exposici\u00f3n digna. El clima tan irregular que padecemos desde hace unos a\u00f1os, hace dif\u00edcil predecir si habr\u00e1 un brote suficiente de especies. Sin embargo, hubo suerte y recogimos unas 160, muchas de ellas de las m\u00e1s significativas que podemos recoger en esta \u00e9poca. Desde una nutrida representaci\u00f3n de los boletos comestibles (Boletus aereus, B. edulis, B. aestivalis), hasta unas cuantas de las amanitas m\u00e1s t\u00f3xicas (Amanita phaloides, A. pantherina, A. muscaria), entre muchas otras especies.<\/p>\n<p><img loading=\"lazy\" decoding=\"async\" class=\" wp-image-3015 aligncenter\" src=\"https:\/\/micologica-barakaldo.org\/wp-content\/uploads\/2019\/10\/WhatsApp-Image-2019-10-07-at-11.19.45-300x169.jpeg\" alt=\"\" width=\"371\" height=\"209\" srcset=\"https:\/\/micologica-barakaldo.org\/wp-content\/uploads\/2019\/10\/WhatsApp-Image-2019-10-07-at-11.19.45-200x112.jpeg 200w, https:\/\/micologica-barakaldo.org\/wp-content\/uploads\/2019\/10\/WhatsApp-Image-2019-10-07-at-11.19.45-300x169.jpeg 300w, https:\/\/micologica-barakaldo.org\/wp-content\/uploads\/2019\/10\/WhatsApp-Image-2019-10-07-at-11.19.45-400x225.jpeg 400w, https:\/\/micologica-barakaldo.org\/wp-content\/uploads\/2019\/10\/WhatsApp-Image-2019-10-07-at-11.19.45-600x337.jpeg 600w, https:\/\/micologica-barakaldo.org\/wp-content\/uploads\/2019\/10\/WhatsApp-Image-2019-10-07-at-11.19.45-768x432.jpeg 768w, https:\/\/micologica-barakaldo.org\/wp-content\/uploads\/2019\/10\/WhatsApp-Image-2019-10-07-at-11.19.45-800x450.jpeg 800w, https:\/\/micologica-barakaldo.org\/wp-content\/uploads\/2019\/10\/WhatsApp-Image-2019-10-07-at-11.19.45-1024x576.jpeg 1024w, https:\/\/micologica-barakaldo.org\/wp-content\/uploads\/2019\/10\/WhatsApp-Image-2019-10-07-at-11.19.45-1200x675.jpeg 1200w, https:\/\/micologica-barakaldo.org\/wp-content\/uploads\/2019\/10\/WhatsApp-Image-2019-10-07-at-11.19.45.jpeg 1599w\" sizes=\"auto, (max-width: 371px) 100vw, 371px\" \/><\/p>\n<p><img loading=\"lazy\" decoding=\"async\" class=\" wp-image-3016 aligncenter\" src=\"https:\/\/micologica-barakaldo.org\/wp-content\/uploads\/2019\/10\/WhatsApp-Image-2019-10-07-at-11.19.45-2-300x169.jpeg\" alt=\"\" width=\"364\" height=\"205\" srcset=\"https:\/\/micologica-barakaldo.org\/wp-content\/uploads\/2019\/10\/WhatsApp-Image-2019-10-07-at-11.19.45-2-200x112.jpeg 200w, https:\/\/micologica-barakaldo.org\/wp-content\/uploads\/2019\/10\/WhatsApp-Image-2019-10-07-at-11.19.45-2-300x169.jpeg 300w, https:\/\/micologica-barakaldo.org\/wp-content\/uploads\/2019\/10\/WhatsApp-Image-2019-10-07-at-11.19.45-2-400x225.jpeg 400w, https:\/\/micologica-barakaldo.org\/wp-content\/uploads\/2019\/10\/WhatsApp-Image-2019-10-07-at-11.19.45-2-600x337.jpeg 600w, https:\/\/micologica-barakaldo.org\/wp-content\/uploads\/2019\/10\/WhatsApp-Image-2019-10-07-at-11.19.45-2-768x432.jpeg 768w, https:\/\/micologica-barakaldo.org\/wp-content\/uploads\/2019\/10\/WhatsApp-Image-2019-10-07-at-11.19.45-2-800x450.jpeg 800w, https:\/\/micologica-barakaldo.org\/wp-content\/uploads\/2019\/10\/WhatsApp-Image-2019-10-07-at-11.19.45-2-1024x576.jpeg 1024w, https:\/\/micologica-barakaldo.org\/wp-content\/uploads\/2019\/10\/WhatsApp-Image-2019-10-07-at-11.19.45-2-1200x675.jpeg 1200w, https:\/\/micologica-barakaldo.org\/wp-content\/uploads\/2019\/10\/WhatsApp-Image-2019-10-07-at-11.19.45-2.jpeg 1599w\" sizes=\"auto, (max-width: 364px) 100vw, 364px\" \/><\/p>\n<p><img loading=\"lazy\" decoding=\"async\" class=\" wp-image-3014 aligncenter\" src=\"https:\/\/micologica-barakaldo.org\/wp-content\/uploads\/2019\/10\/WhatsApp-Image-2019-10-07-at-11.19.44-300x169.jpeg\" alt=\"\" width=\"364\" height=\"205\" srcset=\"https:\/\/micologica-barakaldo.org\/wp-content\/uploads\/2019\/10\/WhatsApp-Image-2019-10-07-at-11.19.44-200x112.jpeg 200w, https:\/\/micologica-barakaldo.org\/wp-content\/uploads\/2019\/10\/WhatsApp-Image-2019-10-07-at-11.19.44-300x169.jpeg 300w, https:\/\/micologica-barakaldo.org\/wp-content\/uploads\/2019\/10\/WhatsApp-Image-2019-10-07-at-11.19.44-400x225.jpeg 400w, https:\/\/micologica-barakaldo.org\/wp-content\/uploads\/2019\/10\/WhatsApp-Image-2019-10-07-at-11.19.44-600x337.jpeg 600w, https:\/\/micologica-barakaldo.org\/wp-content\/uploads\/2019\/10\/WhatsApp-Image-2019-10-07-at-11.19.44-768x432.jpeg 768w, https:\/\/micologica-barakaldo.org\/wp-content\/uploads\/2019\/10\/WhatsApp-Image-2019-10-07-at-11.19.44-800x450.jpeg 800w, https:\/\/micologica-barakaldo.org\/wp-content\/uploads\/2019\/10\/WhatsApp-Image-2019-10-07-at-11.19.44-1024x576.jpeg 1024w, https:\/\/micologica-barakaldo.org\/wp-content\/uploads\/2019\/10\/WhatsApp-Image-2019-10-07-at-11.19.44-1200x675.jpeg 1200w, https:\/\/micologica-barakaldo.org\/wp-content\/uploads\/2019\/10\/WhatsApp-Image-2019-10-07-at-11.19.44.jpeg 1599w\" sizes=\"auto, (max-width: 364px) 100vw, 364px\" \/><\/p>\n<p>\n El marco para esta Exposici\u00f3n fue la Sala Municipal de exposiciones. Hac\u00eda muchos a\u00f1os que no la celebr\u00e1bamos en un recinto cerrado, pero creemos que ha sido un acierto. Adem\u00e1s de no depender de los caprichos de la meteorolog\u00eda, la hemos podido montar con m\u00e1s calma y criterio, favoreciendo el pausado reconocimiento de los numerosos aficionados que quisieron acercarse a verla.<br \/>\n Adem\u00e1s, la muestra Micol\u00f3gica comparti\u00f3 espacio con la Exposici\u00f3n <strong>\u201cLos Hongos y la Biodiversidad\u201d. <\/strong>Esta exposici\u00f3n consta de numerosos paneles divulgativos que tratan acerca del papel de los hongos en la conservaci\u00f3n de nuestros ecosistemas, as\u00ed como el impacto que est\u00e1 teniendo en ellos el cambio clim\u00e1tico. Tambi\u00e9n versa sobre aspectos de su biolog\u00eda, como sus ciclos reproductivos, sus pautas alimenticias, etc. Se complementa con la proyecci\u00f3n de diversos audiovisuales sobre setas.\u00a0<\/p>\n<p><img loading=\"lazy\" decoding=\"async\" class=\" wp-image-3019 aligncenter\" src=\"https:\/\/micologica-barakaldo.org\/wp-content\/uploads\/2019\/10\/WhatsApp-Image-2019-09-30-at-19.25.43-225x300.jpeg\" alt=\"\" width=\"282\" height=\"376\" srcset=\"https:\/\/micologica-barakaldo.org\/wp-content\/uploads\/2019\/10\/WhatsApp-Image-2019-09-30-at-19.25.43-200x267.jpeg 200w, https:\/\/micologica-barakaldo.org\/wp-content\/uploads\/2019\/10\/WhatsApp-Image-2019-09-30-at-19.25.43-225x300.jpeg 225w, https:\/\/micologica-barakaldo.org\/wp-content\/uploads\/2019\/10\/WhatsApp-Image-2019-09-30-at-19.25.43-400x533.jpeg 400w, https:\/\/micologica-barakaldo.org\/wp-content\/uploads\/2019\/10\/WhatsApp-Image-2019-09-30-at-19.25.43-600x800.jpeg 600w, https:\/\/micologica-barakaldo.org\/wp-content\/uploads\/2019\/10\/WhatsApp-Image-2019-09-30-at-19.25.43-768x1024.jpeg 768w, https:\/\/micologica-barakaldo.org\/wp-content\/uploads\/2019\/10\/WhatsApp-Image-2019-09-30-at-19.25.43-800x1067.jpeg 800w, https:\/\/micologica-barakaldo.org\/wp-content\/uploads\/2019\/10\/WhatsApp-Image-2019-09-30-at-19.25.43.jpeg 1200w\" sizes=\"auto, (max-width: 282px) 100vw, 282px\" \/><\/p>\n<p><img loading=\"lazy\" decoding=\"async\" class=\" wp-image-3017 aligncenter\" src=\"https:\/\/micologica-barakaldo.org\/wp-content\/uploads\/2019\/10\/WhatsApp-Image-2019-09-30-at-19.25.42-1-300x225.jpeg\" alt=\"\" width=\"364\" height=\"273\" srcset=\"https:\/\/micologica-barakaldo.org\/wp-content\/uploads\/2019\/10\/WhatsApp-Image-2019-09-30-at-19.25.42-1-200x150.jpeg 200w, https:\/\/micologica-barakaldo.org\/wp-content\/uploads\/2019\/10\/WhatsApp-Image-2019-09-30-at-19.25.42-1-300x225.jpeg 300w, https:\/\/micologica-barakaldo.org\/wp-content\/uploads\/2019\/10\/WhatsApp-Image-2019-09-30-at-19.25.42-1-400x300.jpeg 400w, https:\/\/micologica-barakaldo.org\/wp-content\/uploads\/2019\/10\/WhatsApp-Image-2019-09-30-at-19.25.42-1-600x450.jpeg 600w, https:\/\/micologica-barakaldo.org\/wp-content\/uploads\/2019\/10\/WhatsApp-Image-2019-09-30-at-19.25.42-1-768x576.jpeg 768w, https:\/\/micologica-barakaldo.org\/wp-content\/uploads\/2019\/10\/WhatsApp-Image-2019-09-30-at-19.25.42-1-800x600.jpeg 800w, https:\/\/micologica-barakaldo.org\/wp-content\/uploads\/2019\/10\/WhatsApp-Image-2019-09-30-at-19.25.42-1-1024x768.jpeg 1024w, https:\/\/micologica-barakaldo.org\/wp-content\/uploads\/2019\/10\/WhatsApp-Image-2019-09-30-at-19.25.42-1-1200x900.jpeg 1200w, https:\/\/micologica-barakaldo.org\/wp-content\/uploads\/2019\/10\/WhatsApp-Image-2019-09-30-at-19.25.42-1.jpeg 1600w\" sizes=\"auto, (max-width: 364px) 100vw, 364px\" \/><\/p>\n<p><img loading=\"lazy\" decoding=\"async\" class=\" wp-image-3020 aligncenter\" src=\"https:\/\/micologica-barakaldo.org\/wp-content\/uploads\/2019\/10\/WhatsApp-Image-2019-09-30-at-19.25.44-300x225.jpeg\" alt=\"\" width=\"356\" height=\"267\" srcset=\"https:\/\/micologica-barakaldo.org\/wp-content\/uploads\/2019\/10\/WhatsApp-Image-2019-09-30-at-19.25.44-200x150.jpeg 200w, https:\/\/micologica-barakaldo.org\/wp-content\/uploads\/2019\/10\/WhatsApp-Image-2019-09-30-at-19.25.44-300x225.jpeg 300w, https:\/\/micologica-barakaldo.org\/wp-content\/uploads\/2019\/10\/WhatsApp-Image-2019-09-30-at-19.25.44-400x300.jpeg 400w, https:\/\/micologica-barakaldo.org\/wp-content\/uploads\/2019\/10\/WhatsApp-Image-2019-09-30-at-19.25.44-600x450.jpeg 600w, https:\/\/micologica-barakaldo.org\/wp-content\/uploads\/2019\/10\/WhatsApp-Image-2019-09-30-at-19.25.44-768x576.jpeg 768w, https:\/\/micologica-barakaldo.org\/wp-content\/uploads\/2019\/10\/WhatsApp-Image-2019-09-30-at-19.25.44-800x600.jpeg 800w, https:\/\/micologica-barakaldo.org\/wp-content\/uploads\/2019\/10\/WhatsApp-Image-2019-09-30-at-19.25.44-1024x768.jpeg 1024w, https:\/\/micologica-barakaldo.org\/wp-content\/uploads\/2019\/10\/WhatsApp-Image-2019-09-30-at-19.25.44-1200x900.jpeg 1200w, https:\/\/micologica-barakaldo.org\/wp-content\/uploads\/2019\/10\/WhatsApp-Image-2019-09-30-at-19.25.44.jpeg 1600w\" sizes=\"auto, (max-width: 356px) 100vw, 356px\" \/><\/p>\n<p style=\"text-align: center;\">\u00a0<\/p>\n<p><img loading=\"lazy\" decoding=\"async\" class=\" wp-image-3018 aligncenter\" src=\"https:\/\/micologica-barakaldo.org\/wp-content\/uploads\/2019\/10\/WhatsApp-Image-2019-09-30-at-19.25.42-300x225.jpeg\" alt=\"\" width=\"356\" height=\"267\" srcset=\"https:\/\/micologica-barakaldo.org\/wp-content\/uploads\/2019\/10\/WhatsApp-Image-2019-09-30-at-19.25.42-200x150.jpeg 200w, https:\/\/micologica-barakaldo.org\/wp-content\/uploads\/2019\/10\/WhatsApp-Image-2019-09-30-at-19.25.42-300x225.jpeg 300w, https:\/\/micologica-barakaldo.org\/wp-content\/uploads\/2019\/10\/WhatsApp-Image-2019-09-30-at-19.25.42-400x300.jpeg 400w, https:\/\/micologica-barakaldo.org\/wp-content\/uploads\/2019\/10\/WhatsApp-Image-2019-09-30-at-19.25.42-600x450.jpeg 600w, https:\/\/micologica-barakaldo.org\/wp-content\/uploads\/2019\/10\/WhatsApp-Image-2019-09-30-at-19.25.42-768x576.jpeg 768w, https:\/\/micologica-barakaldo.org\/wp-content\/uploads\/2019\/10\/WhatsApp-Image-2019-09-30-at-19.25.42-800x600.jpeg 800w, https:\/\/micologica-barakaldo.org\/wp-content\/uploads\/2019\/10\/WhatsApp-Image-2019-09-30-at-19.25.42-1024x768.jpeg 1024w, https:\/\/micologica-barakaldo.org\/wp-content\/uploads\/2019\/10\/WhatsApp-Image-2019-09-30-at-19.25.42-1200x900.jpeg 1200w, https:\/\/micologica-barakaldo.org\/wp-content\/uploads\/2019\/10\/WhatsApp-Image-2019-09-30-at-19.25.42.jpeg 1600w\" sizes=\"auto, (max-width: 356px) 100vw, 356px\" \/><\/p>\n<p><img loading=\"lazy\" decoding=\"async\" class=\" wp-image-3021 aligncenter\" src=\"https:\/\/micologica-barakaldo.org\/wp-content\/uploads\/2019\/10\/WhatsApp-Image-2019-10-06-at-11.59.28-1-300x225.jpeg\" alt=\"\" width=\"357\" height=\"268\" srcset=\"https:\/\/micologica-barakaldo.org\/wp-content\/uploads\/2019\/10\/WhatsApp-Image-2019-10-06-at-11.59.28-1-200x150.jpeg 200w, https:\/\/micologica-barakaldo.org\/wp-content\/uploads\/2019\/10\/WhatsApp-Image-2019-10-06-at-11.59.28-1-300x225.jpeg 300w, https:\/\/micologica-barakaldo.org\/wp-content\/uploads\/2019\/10\/WhatsApp-Image-2019-10-06-at-11.59.28-1-400x300.jpeg 400w, https:\/\/micologica-barakaldo.org\/wp-content\/uploads\/2019\/10\/WhatsApp-Image-2019-10-06-at-11.59.28-1-600x450.jpeg 600w, https:\/\/micologica-barakaldo.org\/wp-content\/uploads\/2019\/10\/WhatsApp-Image-2019-10-06-at-11.59.28-1-768x576.jpeg 768w, https:\/\/micologica-barakaldo.org\/wp-content\/uploads\/2019\/10\/WhatsApp-Image-2019-10-06-at-11.59.28-1-800x600.jpeg 800w, https:\/\/micologica-barakaldo.org\/wp-content\/uploads\/2019\/10\/WhatsApp-Image-2019-10-06-at-11.59.28-1-1024x768.jpeg 1024w, https:\/\/micologica-barakaldo.org\/wp-content\/uploads\/2019\/10\/WhatsApp-Image-2019-10-06-at-11.59.28-1-1200x900.jpeg 1200w, https:\/\/micologica-barakaldo.org\/wp-content\/uploads\/2019\/10\/WhatsApp-Image-2019-10-06-at-11.59.28-1.jpeg 1600w\" sizes=\"auto, (max-width: 357px) 100vw, 357px\" \/><\/p>\n<p>\n Gracias a la buena disposici\u00f3n de los responsables de la Sala Municipal de Exposiciones y del Ayuntamiento de Barakaldo, hemos podido alargar una semana su apertura al p\u00fablico. Desde aqu\u00ed nuestro agradecimiento por su inestimable ayuda en el montaje de este evento.<br \/>\n Esperamos haber cubierto vuestras expectativas y que sig\u00e1is confiando en nosotros para resolver vuestras dudas micol\u00f3gicas. Os animamos a visitarnos (los lunes de 7 a 9) en nuestra sede y, por qu\u00e9 no, a haceros socios y colaborar con nosotros.<\/p>\n<p>Hasta la siguiente edici\u00f3n, un cordial saludo<\/p>\n<p><img loading=\"lazy\" decoding=\"async\" class=\" wp-image-3022 aligncenter\" src=\"https:\/\/micologica-barakaldo.org\/wp-content\/uploads\/2019\/10\/IMG_3107-300x225.jpg\" alt=\"\" width=\"352\" height=\"264\" srcset=\"https:\/\/micologica-barakaldo.org\/wp-content\/uploads\/2019\/10\/IMG_3107-200x150.jpg 200w, https:\/\/micologica-barakaldo.org\/wp-content\/uploads\/2019\/10\/IMG_3107-300x225.jpg 300w, https:\/\/micologica-barakaldo.org\/wp-content\/uploads\/2019\/10\/IMG_3107-400x300.jpg 400w, https:\/\/micologica-barakaldo.org\/wp-content\/uploads\/2019\/10\/IMG_3107-600x450.jpg 600w, https:\/\/micologica-barakaldo.org\/wp-content\/uploads\/2019\/10\/IMG_3107-768x576.jpg 768w, https:\/\/micologica-barakaldo.org\/wp-content\/uploads\/2019\/10\/IMG_3107-800x600.jpg 800w, https:\/\/micologica-barakaldo.org\/wp-content\/uploads\/2019\/10\/IMG_3107-1024x768.jpg 1024w, https:\/\/micologica-barakaldo.org\/wp-content\/uploads\/2019\/10\/IMG_3107-1200x900.jpg 1200w\" sizes=\"auto, (max-width: 352px) 100vw, 352px\" \/><\/p>\n<p>&nbsp;<\/p>\n","protected":false},"excerpt":{"rendered":"<p>Como ya os hemos informado, acabamos de celebrar la XLIV Semana Micol\u00f3gica de Barakaldo, del  [&#8230;]<\/p>\n","protected":false},"author":3,"featured_media":2932,"comment_status":"open","ping_status":"closed","sticky":false,"template":"","format":"standard","meta":{"footnotes":"","jetpack_publicize_message":"","jetpack_publicize_feature_enabled":true,"jetpack_social_post_already_shared":true,"jetpack_social_options":{"image_generator_settings":{"template":"highway","default_image_id":0,"font":"","enabled":false},"version":2}},"categories":[7,55,1],"tags":[],"class_list":["post-3009","post","type-post","status-publish","format-standard","has-post-thumbnail","hentry","category-blog","category-semana-micologica-asociacion-setas","category-sin-categorizar"],"jetpack_publicize_connections":[],"jetpack_featured_media_url":"https:\/\/micologica-barakaldo.org\/wp-content\/uploads\/2019\/09\/44-Semana-Micologica-1.jpg","jetpack_shortlink":"https:\/\/wp.me\/p9dTSQ-Mx","_links":{"self":[{"href":"https:\/\/micologica-barakaldo.org\/eu\/wp-json\/wp\/v2\/posts\/3009","targetHints":{"allow":["GET"]}}],"collection":[{"href":"https:\/\/micologica-barakaldo.org\/eu\/wp-json\/wp\/v2\/posts"}],"about":[{"href":"https:\/\/micologica-barakaldo.org\/eu\/wp-json\/wp\/v2\/types\/post"}],"author":[{"embeddable":true,"href":"https:\/\/micologica-barakaldo.org\/eu\/wp-json\/wp\/v2\/users\/3"}],"replies":[{"embeddable":true,"href":"https:\/\/micologica-barakaldo.org\/eu\/wp-json\/wp\/v2\/comments?post=3009"}],"version-history":[{"count":1,"href":"https:\/\/micologica-barakaldo.org\/eu\/wp-json\/wp\/v2\/posts\/3009\/revisions"}],"predecessor-version":[{"id":3023,"href":"https:\/\/micologica-barakaldo.org\/eu\/wp-json\/wp\/v2\/posts\/3009\/revisions\/3023"}],"wp:featuredmedia":[{"embeddable":true,"href":"https:\/\/micologica-barakaldo.org\/eu\/wp-json\/wp\/v2\/media\/2932"}],"wp:attachment":[{"href":"https:\/\/micologica-barakaldo.org\/eu\/wp-json\/wp\/v2\/media?parent=3009"}],"wp:term":[{"taxonomy":"category","embeddable":true,"href":"https:\/\/micologica-barakaldo.org\/eu\/wp-json\/wp\/v2\/categories?post=3009"},{"taxonomy":"post_tag","embeddable":true,"href":"https:\/\/micologica-barakaldo.org\/eu\/wp-json\/wp\/v2\/tags?post=3009"}],"curies":[{"name":"wp","href":"https:\/\/api.w.org\/{rel}","templated":true}]}}