{"id":3046,"date":"2019-10-18T17:53:03","date_gmt":"2019-10-18T16:53:03","guid":{"rendered":"https:\/\/micologica-barakaldo.org\/?p=3046"},"modified":"2020-05-26T19:43:10","modified_gmt":"2020-05-26T18:43:10","slug":"boletus-reticulatus","status":"publish","type":"post","link":"https:\/\/micologica-barakaldo.org\/eu\/boletus-reticulatus\/","title":{"rendered":"Boletus reticulatus"},"content":{"rendered":"<div class=\"fusion-fullwidth fullwidth-box fusion-builder-row-1 nonhundred-percent-fullwidth non-hundred-percent-height-scrolling\" style=\"--awb-border-radius-top-left:0px;--awb-border-radius-top-right:0px;--awb-border-radius-bottom-right:0px;--awb-border-radius-bottom-left:0px;--awb-padding-bottom:50px;--awb-flex-wrap:wrap;\" ><div class=\"fusion-builder-row fusion-row\"><div class=\"fusion-layout-column fusion_builder_column fusion-builder-column-0 fusion_builder_column_1_2 1_2 fusion-one-half fusion-column-first\" style=\"--awb-bg-size:cover;width:48%; margin-right: 4%;\"><div class=\"fusion-column-wrapper fusion-flex-column-wrapper-legacy\"><div class=\"fusion-text fusion-text-1\"><p style=\"text-align: justify;\">Cast.: Boleto reticulado de verano, Hongo de verano, Cat.: Sureny. Eusk.: Udako onddo zuri. Gal. Bazuncho. Val.: Corvall sureny<\/p>\n<p style=\"text-align: justify;\"><em>Caracteres macrosc\u00f3picos<\/em>. P\u00edleo de hasta 200mm, de hemisf\u00e9rico a plano convexo. Superficie seca, mate, finamente agrietada o reticulada, en tiempo seco se rompe en gruesas placas; marr\u00f3n oscuro, pardo oscuro en tiempo h\u00famedo, ocre claro en tiempo seco. Himen\u00f3foro formado por tubos de sublibres, de blancos a verde oliv\u00e1ceo; poros muy apretados, del color de los tubos. Est\u00edpite de hasta 200 x 100 mm, de obeso a claviforme, blanquecino u ocre-p\u00e1lido;\u00a0 ret\u00edculo blanquecino que puede \u00a0cubrir gran parte del est\u00edpite. Contexto firme, despu\u00e9s blando, blanco incluso bajo la cut\u00edcula; sabor dulce y olor suave.<\/p>\n<p style=\"text-align: justify;\"><em>Caracteres microsc\u00f3picos<\/em>. Basidi\u00f3sporas de 12-15 x 4-5 \u00b5m \/ Q = 2,8-3,2; fusiformes, lisas. Hifas de la pileipellis de entremezcladas a subparalelas, cortas, cil\u00edndricas, art\u00edculos terminales cortos m\u00e1s o menos erectos, cilindr\u00e1ceos, obtusos; de calibre 13-38 x 4-10 \u00b5m \/ Q = 3-8.<\/p>\n<p style=\"text-align: justify;\"><em>Ecolog\u00eda<\/em>. De primavera a principios de oto\u00f1o, en \u00e9pocas c\u00e1lidas, en bosques de frondosas (<em>Quercus, Fagus<\/em> y <em>Castanea<\/em>), m\u00e1s raramente bajo con\u00edferas (<em>Abies alba<\/em>); en suelos ligeramente \u00e1cidos. <em>Distribuci\u00f3n<\/em>. Muy com\u00fan y de amplia distribuci\u00f3n.<\/p>\n<p style=\"text-align: justify;\"><span style=\"color: #339966;\"><span style=\"color: #000000;\">Comestibilidad.<\/span> <strong>Excelente comestible<\/strong><\/span>, su carne se ablanda muy r\u00e1pidamente con el calor.<\/p>\n<\/div><div class=\"fusion-clearfix\"><\/div><\/div><\/div><div class=\"fusion-layout-column fusion_builder_column fusion-builder-column-1 fusion_builder_column_1_2 1_2 fusion-one-half fusion-column-last\" style=\"--awb-bg-size:cover;width:48%;\"><div class=\"fusion-column-wrapper fusion-flex-column-wrapper-legacy\"><div class=\"fusion-image-element in-legacy-container\" style=\"--awb-caption-title-font-family:var(--h2_typography-font-family);--awb-caption-title-font-weight:var(--h2_typography-font-weight);--awb-caption-title-font-style:var(--h2_typography-font-style);--awb-caption-title-size:var(--h2_typography-font-size);--awb-caption-title-transform:var(--h2_typography-text-transform);--awb-caption-title-line-height:var(--h2_typography-line-height);--awb-caption-title-letter-spacing:var(--h2_typography-letter-spacing);\"><span class=\" fusion-imageframe imageframe-none imageframe-1 hover-type-none\"><img loading=\"lazy\" decoding=\"async\" width=\"1024\" height=\"700\" title=\"Boletus reticulatus_20110818_1758\" src=\"https:\/\/micologica-barakaldo.org\/wp-content\/uploads\/2019\/10\/Boletus-reticulatus_20110818_1758-1024x700.jpg\" alt class=\"img-responsive wp-image-8526\" srcset=\"https:\/\/micologica-barakaldo.org\/wp-content\/uploads\/2019\/10\/Boletus-reticulatus_20110818_1758-200x137.jpg 200w, https:\/\/micologica-barakaldo.org\/wp-content\/uploads\/2019\/10\/Boletus-reticulatus_20110818_1758-400x273.jpg 400w, https:\/\/micologica-barakaldo.org\/wp-content\/uploads\/2019\/10\/Boletus-reticulatus_20110818_1758-600x410.jpg 600w, https:\/\/micologica-barakaldo.org\/wp-content\/uploads\/2019\/10\/Boletus-reticulatus_20110818_1758-800x547.jpg 800w, https:\/\/micologica-barakaldo.org\/wp-content\/uploads\/2019\/10\/Boletus-reticulatus_20110818_1758.jpg 1024w\" sizes=\"auto, (max-width: 1024px) 100vw, 800px\" \/><\/span><\/div><div class=\"fusion-clearfix\"><\/div><\/div><\/div><div class=\"fusion-layout-column fusion_builder_column fusion-builder-column-2 fusion_builder_column_1_1 1_1 fusion-one-full fusion-column-first fusion-column-last\" style=\"--awb-padding-top:40px;--awb-bg-size:cover;\"><div class=\"fusion-column-wrapper fusion-flex-column-wrapper-legacy\"><div class=\"fusion-clearfix\"><\/div><\/div><\/div><\/div><\/div>\n","protected":false},"excerpt":{"rendered":"","protected":false},"author":2,"featured_media":3039,"comment_status":"open","ping_status":"closed","sticky":false,"template":"","format":"standard","meta":{"footnotes":"","jetpack_publicize_message":"","jetpack_publicize_feature_enabled":true,"jetpack_social_post_already_shared":true,"jetpack_social_options":{"image_generator_settings":{"template":"highway","default_image_id":0,"font":"","enabled":false},"version":2}},"categories":[29,6],"tags":[],"class_list":["post-3046","post","type-post","status-publish","format-standard","has-post-thumbnail","hentry","category-fichas-micologicas-setas-b","category-fichas-micologicas"],"jetpack_publicize_connections":[],"jetpack_featured_media_url":"https:\/\/micologica-barakaldo.org\/wp-content\/uploads\/2019\/10\/Boletus-reticulatus_20110818_1758.jpg","jetpack_shortlink":"https:\/\/wp.me\/p9dTSQ-N8","_links":{"self":[{"href":"https:\/\/micologica-barakaldo.org\/eu\/wp-json\/wp\/v2\/posts\/3046","targetHints":{"allow":["GET"]}}],"collection":[{"href":"https:\/\/micologica-barakaldo.org\/eu\/wp-json\/wp\/v2\/posts"}],"about":[{"href":"https:\/\/micologica-barakaldo.org\/eu\/wp-json\/wp\/v2\/types\/post"}],"author":[{"embeddable":true,"href":"https:\/\/micologica-barakaldo.org\/eu\/wp-json\/wp\/v2\/users\/2"}],"replies":[{"embeddable":true,"href":"https:\/\/micologica-barakaldo.org\/eu\/wp-json\/wp\/v2\/comments?post=3046"}],"version-history":[{"count":5,"href":"https:\/\/micologica-barakaldo.org\/eu\/wp-json\/wp\/v2\/posts\/3046\/revisions"}],"predecessor-version":[{"id":3621,"href":"https:\/\/micologica-barakaldo.org\/eu\/wp-json\/wp\/v2\/posts\/3046\/revisions\/3621"}],"wp:featuredmedia":[{"embeddable":true,"href":"https:\/\/micologica-barakaldo.org\/eu\/wp-json\/wp\/v2\/media\/3039"}],"wp:attachment":[{"href":"https:\/\/micologica-barakaldo.org\/eu\/wp-json\/wp\/v2\/media?parent=3046"}],"wp:term":[{"taxonomy":"category","embeddable":true,"href":"https:\/\/micologica-barakaldo.org\/eu\/wp-json\/wp\/v2\/categories?post=3046"},{"taxonomy":"post_tag","embeddable":true,"href":"https:\/\/micologica-barakaldo.org\/eu\/wp-json\/wp\/v2\/tags?post=3046"}],"curies":[{"name":"wp","href":"https:\/\/api.w.org\/{rel}","templated":true}]}}