{"id":3063,"date":"2019-10-26T17:51:21","date_gmt":"2019-10-26T16:51:21","guid":{"rendered":"https:\/\/micologica-barakaldo.org\/?p=3063"},"modified":"2020-05-26T19:24:46","modified_gmt":"2020-05-26T18:24:46","slug":"amanita-citrina","status":"publish","type":"post","link":"https:\/\/micologica-barakaldo.org\/eu\/amanita-citrina\/","title":{"rendered":"Amanita citrina"},"content":{"rendered":"<div class=\"fusion-fullwidth fullwidth-box fusion-builder-row-1 nonhundred-percent-fullwidth non-hundred-percent-height-scrolling\" style=\"--awb-border-radius-top-left:0px;--awb-border-radius-top-right:0px;--awb-border-radius-bottom-right:0px;--awb-border-radius-bottom-left:0px;--awb-padding-bottom:50px;--awb-flex-wrap:wrap;\" ><div class=\"fusion-builder-row fusion-row\"><div class=\"fusion-layout-column fusion_builder_column fusion-builder-column-0 fusion_builder_column_1_2 1_2 fusion-one-half fusion-column-first\" style=\"--awb-bg-size:cover;width:48%; margin-right: 4%;\"><div class=\"fusion-column-wrapper fusion-flex-column-wrapper-legacy\"><div class=\"fusion-text fusion-text-1\"><p style=\"text-align: justify;\">Cast.: Amanita citrina, Oronja lim\u00f3n, Cat.: Reig bord groc. Eusk.: Lanperna limoi. Gal.: Francesi\u00f1a<\/p>\n<p style=\"text-align: justify;\"><em>Caracteres macrosc\u00f3picos<\/em>. P\u00edleo de hasta 120 mm de di\u00e1metro, primero hemisf\u00e9rico, despu\u00e9s convexo a plano-convexo; margen recto, fino, no estriado, con abundantes fibrillas desbordantes. Superficie pil\u00e9ica cubierta de placas irregulares blanquecinas u ocr\u00e1ceas, f\u00e1cilmente separables; de color amarillo, amarillo lim\u00f3n o amarillo verdoso p\u00e1lido, incluso completamente blanco en la fma. <em>alba<\/em>. L\u00e1minas apretadas, libres, blanquecinas ligeramente amarillentas. Est\u00edpite de hasta 100 x 20 mm, esbelto, abultado hacia la base, primero lleno, despu\u00e9s hueco, amarillento; anillo amplio y membranoso; volva amplia, marginada, de hasta x40 mm. Contexto firme, blanquecino; olor t\u00edpico a r\u00e1bano, sabor un poco desagradable.<\/p>\n<p style=\"text-align: justify;\"><em>Caracteres microsc\u00f3picos<\/em>. Basidi\u00f3sporas de 7,5-11,0 x 7,0-9,5 \u00b5m \/ Q= 1,0-1,3; subesf\u00e9ricas, lisas, hialinas. Esporada blanca. Elementos del velo formado mayoritariamente por esferocistos hasta x60 \u00b5m.<\/p>\n<p style=\"text-align: justify;\"><em>Ecolog\u00eda<\/em>. En verano y oto\u00f1o en bosques de frondosas y de con\u00edferas, en general en suelos \u00e1cidos. <em>Distribuci\u00f3n<\/em>. Muy com\u00fan. <em>Comestibilidad<\/em>. No comestible.<\/p>\n<\/div><div class=\"fusion-clearfix\"><\/div><\/div><\/div><div class=\"fusion-layout-column fusion_builder_column fusion-builder-column-1 fusion_builder_column_1_2 1_2 fusion-one-half fusion-column-last\" style=\"--awb-bg-size:cover;width:48%;\"><div class=\"fusion-column-wrapper fusion-flex-column-wrapper-legacy\"><div class=\"fusion-image-element in-legacy-container\" style=\"--awb-caption-title-font-family:var(--h2_typography-font-family);--awb-caption-title-font-weight:var(--h2_typography-font-weight);--awb-caption-title-font-style:var(--h2_typography-font-style);--awb-caption-title-size:var(--h2_typography-font-size);--awb-caption-title-transform:var(--h2_typography-text-transform);--awb-caption-title-line-height:var(--h2_typography-line-height);--awb-caption-title-letter-spacing:var(--h2_typography-letter-spacing);\"><span class=\" fusion-imageframe imageframe-none imageframe-1 hover-type-none\"><img loading=\"lazy\" decoding=\"async\" width=\"1024\" height=\"733\" title=\"Amanita citrina_20131107_13787\" src=\"https:\/\/micologica-barakaldo.org\/wp-content\/uploads\/2019\/10\/Amanita-citrina_20131107_13787-1024x733.jpg\" alt class=\"img-responsive wp-image-8531\" srcset=\"https:\/\/micologica-barakaldo.org\/wp-content\/uploads\/2019\/10\/Amanita-citrina_20131107_13787-200x143.jpg 200w, https:\/\/micologica-barakaldo.org\/wp-content\/uploads\/2019\/10\/Amanita-citrina_20131107_13787-400x286.jpg 400w, https:\/\/micologica-barakaldo.org\/wp-content\/uploads\/2019\/10\/Amanita-citrina_20131107_13787-600x429.jpg 600w, https:\/\/micologica-barakaldo.org\/wp-content\/uploads\/2019\/10\/Amanita-citrina_20131107_13787-800x573.jpg 800w, https:\/\/micologica-barakaldo.org\/wp-content\/uploads\/2019\/10\/Amanita-citrina_20131107_13787.jpg 1024w\" sizes=\"auto, (max-width: 1024px) 100vw, 800px\" \/><\/span><\/div><div class=\"fusion-clearfix\"><\/div><\/div><\/div><div class=\"fusion-layout-column fusion_builder_column fusion-builder-column-2 fusion_builder_column_1_1 1_1 fusion-one-full fusion-column-first fusion-column-last\" style=\"--awb-padding-top:40px;--awb-bg-size:cover;\"><div class=\"fusion-column-wrapper fusion-flex-column-wrapper-legacy\"><div class=\"fusion-clearfix\"><\/div><\/div><\/div><\/div><\/div>\n","protected":false},"excerpt":{"rendered":"","protected":false},"author":2,"featured_media":3064,"comment_status":"open","ping_status":"closed","sticky":false,"template":"","format":"standard","meta":{"footnotes":"","jetpack_publicize_message":"","jetpack_publicize_feature_enabled":true,"jetpack_social_post_already_shared":true,"jetpack_social_options":{"image_generator_settings":{"template":"highway","default_image_id":0,"font":"","enabled":false},"version":2}},"categories":[28,6],"tags":[],"class_list":["post-3063","post","type-post","status-publish","format-standard","has-post-thumbnail","hentry","category-fichas-micologicas-setas-a","category-fichas-micologicas"],"jetpack_publicize_connections":[],"jetpack_featured_media_url":"https:\/\/micologica-barakaldo.org\/wp-content\/uploads\/2019\/10\/Amanita-citrina_20131107_13787.jpg","jetpack_shortlink":"https:\/\/wp.me\/p9dTSQ-Np","_links":{"self":[{"href":"https:\/\/micologica-barakaldo.org\/eu\/wp-json\/wp\/v2\/posts\/3063","targetHints":{"allow":["GET"]}}],"collection":[{"href":"https:\/\/micologica-barakaldo.org\/eu\/wp-json\/wp\/v2\/posts"}],"about":[{"href":"https:\/\/micologica-barakaldo.org\/eu\/wp-json\/wp\/v2\/types\/post"}],"author":[{"embeddable":true,"href":"https:\/\/micologica-barakaldo.org\/eu\/wp-json\/wp\/v2\/users\/2"}],"replies":[{"embeddable":true,"href":"https:\/\/micologica-barakaldo.org\/eu\/wp-json\/wp\/v2\/comments?post=3063"}],"version-history":[{"count":3,"href":"https:\/\/micologica-barakaldo.org\/eu\/wp-json\/wp\/v2\/posts\/3063\/revisions"}],"predecessor-version":[{"id":3615,"href":"https:\/\/micologica-barakaldo.org\/eu\/wp-json\/wp\/v2\/posts\/3063\/revisions\/3615"}],"wp:featuredmedia":[{"embeddable":true,"href":"https:\/\/micologica-barakaldo.org\/eu\/wp-json\/wp\/v2\/media\/3064"}],"wp:attachment":[{"href":"https:\/\/micologica-barakaldo.org\/eu\/wp-json\/wp\/v2\/media?parent=3063"}],"wp:term":[{"taxonomy":"category","embeddable":true,"href":"https:\/\/micologica-barakaldo.org\/eu\/wp-json\/wp\/v2\/categories?post=3063"},{"taxonomy":"post_tag","embeddable":true,"href":"https:\/\/micologica-barakaldo.org\/eu\/wp-json\/wp\/v2\/tags?post=3063"}],"curies":[{"name":"wp","href":"https:\/\/api.w.org\/{rel}","templated":true}]}}