{"id":3070,"date":"2019-10-29T22:15:52","date_gmt":"2019-10-29T21:15:52","guid":{"rendered":"https:\/\/micologica-barakaldo.org\/?p=3070"},"modified":"2022-04-08T21:23:52","modified_gmt":"2022-04-08T20:23:52","slug":"amanita-rubescens","status":"publish","type":"post","link":"https:\/\/micologica-barakaldo.org\/eu\/amanita-rubescens\/","title":{"rendered":"Amanita rubescens"},"content":{"rendered":"<div class=\"fusion-fullwidth fullwidth-box fusion-builder-row-1 nonhundred-percent-fullwidth non-hundred-percent-height-scrolling\" style=\"--awb-border-radius-top-left:0px;--awb-border-radius-top-right:0px;--awb-border-radius-bottom-right:0px;--awb-border-radius-bottom-left:0px;--awb-padding-bottom:50px;--awb-flex-wrap:wrap;\" ><div class=\"fusion-builder-row fusion-row\"><div class=\"fusion-layout-column fusion_builder_column fusion-builder-column-0 fusion_builder_column_1_2 1_2 fusion-one-half fusion-column-first\" style=\"--awb-bg-size:cover;width:48%; margin-right: 4%;\"><div class=\"fusion-column-wrapper fusion-flex-column-wrapper-legacy\"><div class=\"fusion-text fusion-text-1\"><p style=\"text-align: justify;\">Cast.: Amanita vinosa, Oronja vinosa. Cat.: Cua de cavall, Eusk.: Ardotsua, Lanperna gorri, Galdakao lanperna, Gal.: Amanita de vi\u00f1o. Val.:Esclatsang rabut.\u00a0<\/p>\n<p style=\"text-align: justify;\"><em>Caracteres macrosc\u00f3picos<\/em>. P\u00edleo de hasta 150 mm, hemisf\u00e9rico a plano-convexo; margen nunca estriado. Superficie brillante, un poco lubrificada; de color marr\u00f3n-rojizo, pardo vinoso o con tonos blancos y rosados; cubierto de restos de volva aislados y agrupados de color crema-gris\u00e1ceo, gris-marr\u00f3n o marr\u00f3n-rojizo. L\u00e1minas apretadas, blancas, con la edad se manchan de rojizo sucio. Est\u00edpite de hasta 160 x 40 mm, robusto, abultado en la base; anillo amplio y membranoso; volva napiforme manchada de color vinoso. Contexto blanco, rojizo-vinoso en las heridas; olor y sabor poco apreciables.\u00a0<\/p>\n<p style=\"text-align: justify;\"><em>Caracteres microsc\u00f3picos<\/em>. Basidi\u00f3sporas de 7,5-10 x 5,5-7 \u00b5m \/ Q = 1,2-1,7; el\u00edpticas, hialinas, amiloides.\u00a0 Esporada blanca. Elementos del velo formado mayoritariamente por esferocistos de hasta x80 \u00b5m y por algunas hifas filamentosas de hasta x7 \u00b5m.<\/p>\n<p style=\"text-align: justify;\"><em>Ecolog\u00eda<\/em>. En primavera, verano y oto\u00f1o en bosques de frondosas y de con\u00edferas, en suelos \u00e1cidos. <em>Distribuci\u00f3n<\/em>. Muy com\u00fan.<\/p>\n<p style=\"text-align: justify;\"><span style=\"color: #339966;\"><em>Comestibilidad<\/em>.<\/span> <strong><span style=\"color: #339966;\">Buen comestible<\/span><\/strong>, conviene cocinarla con temperaturas superiores a 60\u00ba C para eliminar posibles toxinas vol\u00e1tiles, ya que puede provocar una hem\u00f3lisis leve.<\/p>\n<\/div><div class=\"fusion-clearfix\"><\/div><\/div><\/div><div class=\"fusion-layout-column fusion_builder_column fusion-builder-column-1 fusion_builder_column_1_2 1_2 fusion-one-half fusion-column-last\" style=\"--awb-bg-size:cover;width:48%;\"><div class=\"fusion-column-wrapper fusion-flex-column-wrapper-legacy\"><div class=\"fusion-image-element in-legacy-container\" style=\"--awb-caption-title-font-family:var(--h2_typography-font-family);--awb-caption-title-font-weight:var(--h2_typography-font-weight);--awb-caption-title-font-style:var(--h2_typography-font-style);--awb-caption-title-size:var(--h2_typography-font-size);--awb-caption-title-transform:var(--h2_typography-text-transform);--awb-caption-title-line-height:var(--h2_typography-line-height);--awb-caption-title-letter-spacing:var(--h2_typography-letter-spacing);\"><span class=\" fusion-imageframe imageframe-none imageframe-1 hover-type-none\"><img loading=\"lazy\" decoding=\"async\" width=\"1024\" height=\"776\" title=\"Amanita rubescens_20061015_002\" src=\"https:\/\/micologica-barakaldo.org\/wp-content\/uploads\/2019\/10\/Amanita-rubescens_20061015_002-1024x776.jpg\" alt class=\"img-responsive wp-image-8533\" srcset=\"https:\/\/micologica-barakaldo.org\/wp-content\/uploads\/2019\/10\/Amanita-rubescens_20061015_002-200x152.jpg 200w, https:\/\/micologica-barakaldo.org\/wp-content\/uploads\/2019\/10\/Amanita-rubescens_20061015_002-400x303.jpg 400w, https:\/\/micologica-barakaldo.org\/wp-content\/uploads\/2019\/10\/Amanita-rubescens_20061015_002-600x455.jpg 600w, https:\/\/micologica-barakaldo.org\/wp-content\/uploads\/2019\/10\/Amanita-rubescens_20061015_002-800x606.jpg 800w, https:\/\/micologica-barakaldo.org\/wp-content\/uploads\/2019\/10\/Amanita-rubescens_20061015_002.jpg 1024w\" sizes=\"auto, (max-width: 1024px) 100vw, 800px\" \/><\/span><\/div><div class=\"fusion-clearfix\"><\/div><\/div><\/div><div class=\"fusion-layout-column fusion_builder_column fusion-builder-column-2 fusion_builder_column_1_1 1_1 fusion-one-full fusion-column-first fusion-column-last\" style=\"--awb-padding-top:40px;--awb-bg-size:cover;\"><div class=\"fusion-column-wrapper fusion-flex-column-wrapper-legacy\"><div class=\"fusion-clearfix\"><\/div><\/div><\/div><\/div><\/div>\n","protected":false},"excerpt":{"rendered":"","protected":false},"author":2,"featured_media":3066,"comment_status":"open","ping_status":"closed","sticky":false,"template":"","format":"standard","meta":{"footnotes":"","jetpack_publicize_message":"","jetpack_publicize_feature_enabled":true,"jetpack_social_post_already_shared":true,"jetpack_social_options":{"image_generator_settings":{"template":"highway","default_image_id":0,"font":"","enabled":false},"version":2}},"categories":[28,6],"tags":[],"class_list":["post-3070","post","type-post","status-publish","format-standard","has-post-thumbnail","hentry","category-fichas-micologicas-setas-a","category-fichas-micologicas"],"jetpack_publicize_connections":[],"jetpack_featured_media_url":"https:\/\/micologica-barakaldo.org\/wp-content\/uploads\/2019\/10\/Amanita-rubescens_20061015_002.jpg","jetpack_shortlink":"https:\/\/wp.me\/p9dTSQ-Nw","_links":{"self":[{"href":"https:\/\/micologica-barakaldo.org\/eu\/wp-json\/wp\/v2\/posts\/3070","targetHints":{"allow":["GET"]}}],"collection":[{"href":"https:\/\/micologica-barakaldo.org\/eu\/wp-json\/wp\/v2\/posts"}],"about":[{"href":"https:\/\/micologica-barakaldo.org\/eu\/wp-json\/wp\/v2\/types\/post"}],"author":[{"embeddable":true,"href":"https:\/\/micologica-barakaldo.org\/eu\/wp-json\/wp\/v2\/users\/2"}],"replies":[{"embeddable":true,"href":"https:\/\/micologica-barakaldo.org\/eu\/wp-json\/wp\/v2\/comments?post=3070"}],"version-history":[{"count":4,"href":"https:\/\/micologica-barakaldo.org\/eu\/wp-json\/wp\/v2\/posts\/3070\/revisions"}],"predecessor-version":[{"id":6712,"href":"https:\/\/micologica-barakaldo.org\/eu\/wp-json\/wp\/v2\/posts\/3070\/revisions\/6712"}],"wp:featuredmedia":[{"embeddable":true,"href":"https:\/\/micologica-barakaldo.org\/eu\/wp-json\/wp\/v2\/media\/3066"}],"wp:attachment":[{"href":"https:\/\/micologica-barakaldo.org\/eu\/wp-json\/wp\/v2\/media?parent=3070"}],"wp:term":[{"taxonomy":"category","embeddable":true,"href":"https:\/\/micologica-barakaldo.org\/eu\/wp-json\/wp\/v2\/categories?post=3070"},{"taxonomy":"post_tag","embeddable":true,"href":"https:\/\/micologica-barakaldo.org\/eu\/wp-json\/wp\/v2\/tags?post=3070"}],"curies":[{"name":"wp","href":"https:\/\/api.w.org\/{rel}","templated":true}]}}