{"id":3107,"date":"2019-11-26T21:12:56","date_gmt":"2019-11-26T20:12:56","guid":{"rendered":"https:\/\/micologica-barakaldo.org\/?p=3107"},"modified":"2024-08-02T22:16:42","modified_gmt":"2024-08-02T21:16:42","slug":"tolypocladium-capitatum","status":"publish","type":"post","link":"https:\/\/micologica-barakaldo.org\/eu\/tolypocladium-capitatum\/","title":{"rendered":"Tolypocladium capitatum"},"content":{"rendered":"<div class=\"fusion-fullwidth fullwidth-box fusion-builder-row-1 nonhundred-percent-fullwidth non-hundred-percent-height-scrolling\" style=\"--awb-border-radius-top-left:0px;--awb-border-radius-top-right:0px;--awb-border-radius-bottom-right:0px;--awb-border-radius-bottom-left:0px;--awb-padding-bottom:50px;--awb-flex-wrap:wrap;\" ><div class=\"fusion-builder-row fusion-row\"><div class=\"fusion-layout-column fusion_builder_column fusion-builder-column-0 fusion_builder_column_1_2 1_2 fusion-one-half fusion-column-first\" style=\"--awb-bg-size:cover;width:48%; margin-right: 4%;\"><div class=\"fusion-column-wrapper fusion-flex-column-wrapper-legacy\"><div class=\"fusion-text fusion-text-1\"><p>&nbsp;<\/p>\n<p><strong><em>Tolypocladium capitatum<\/em><\/strong><strong> (Holmsk.) <\/strong><strong>Quandt, Kepler &amp; Spatafora<\/strong>, IMA Fungus 5 (1): 126. 2014<\/p>\n<p>Mycobank:\u00a0<span style=\"color: #0000ff;\"><a style=\"color: #0000ff;\" href=\"https:\/\/www.MycoBank.org\/MB\/808699\" target=\"_blank\" rel=\"noopener\">808699<\/a><\/span><\/p>\n<p style=\"text-align: justify;\"><em>Caracteres microsc\u00f3picos<\/em>. Ascomas aislados o agrupados, de 30-120mm de altura. Cabeza estrom\u00e1tica f\u00e9rtil, esf\u00e9rica o c\u00f3nico-redondeada, de 15 x 10 mm, de color amarillo, ocre amarillo, amarillo oliv\u00e1ceo, negruzco en la madurez, cubierto de numerosos peritecios (de 650-950 x 250-420 \u00b5m) de color naranja ocre, abiertos por un peque\u00f1o ostiolo que dan a esta cabeza estrom\u00e1tica un aspecto \u00e1spero o punteado. Est\u00edpite muy fibroso, cil\u00edndrico, liso, lleno, se une directamente sobre el hospedante, de color amarillo vivo o amarillo naranja. Contexto tenaz, amarillo naranja, fibroso.<\/p>\n<p style=\"text-align: justify;\"><em>Caracteres microsc\u00f3picos<\/em>. Ascosporas cil\u00edndricas o filiformes, multiseptadas, que se fragmentan en numerosas esporas baciliformes de 15-22 x 2-3 \u00b5m, hialinas, lisas, gutuladas. Ascas octosporadas, dispuestas en paralelo, de hasta 350 x 12 \u00b5m. Par\u00e1fisis no observados.<\/p>\n<p style=\"text-align: justify;\"><em>Ecolog\u00eda<\/em>. Hongo pat\u00f3geno que se desarrolla sobre ascomas de hongos hipogeos del g\u00e9nero <em>Elaphomyces sp.<\/em>, en bosques de con\u00edferas y de frondosas, <em>Distribuci\u00f3n<\/em>. Muy raro y localizado.<\/p>\n<p style=\"text-align: justify;\"><span style=\"color: #000000;\">Citar como: Mu\u00f1oz S\u00e1nchez, J.A. \u201c<em>Tolypocladium capitatum<\/em> (Holmsk.) Quandt, Kepler &amp; Spatafora\u201d. micol\u00f3gica-barakaldo.org [en l\u00ednea]. Fichas micol\u00f3gicas, n\u00ba 384, 26\/11\/2019 [consultado el (fecha)]. Disponible en <a style=\"color: #000000;\" href=\"https:\/\/micologica-barakaldo.org\/Tolypocladium-capitatum\/\">https:\/\/micologica-barakaldo.org\/Tolypocladium-capitatum\/<\/a><\/span><\/p>\n<\/div><div class=\"fusion-clearfix\"><\/div><\/div><\/div><div class=\"fusion-layout-column fusion_builder_column fusion-builder-column-1 fusion_builder_column_1_2 1_2 fusion-one-half fusion-column-last\" style=\"--awb-bg-size:cover;width:48%;\"><div class=\"fusion-column-wrapper fusion-flex-column-wrapper-legacy\"><div class=\"fusion-image-element in-legacy-container\" style=\"--awb-caption-title-font-family:var(--h2_typography-font-family);--awb-caption-title-font-weight:var(--h2_typography-font-weight);--awb-caption-title-font-style:var(--h2_typography-font-style);--awb-caption-title-size:var(--h2_typography-font-size);--awb-caption-title-transform:var(--h2_typography-text-transform);--awb-caption-title-line-height:var(--h2_typography-line-height);--awb-caption-title-letter-spacing:var(--h2_typography-letter-spacing);\"><span class=\" fusion-imageframe imageframe-none imageframe-1 hover-type-none\"><img loading=\"lazy\" decoding=\"async\" width=\"1024\" height=\"733\" title=\"Elaphocordyceps capitata_20140215_14523\" src=\"https:\/\/micologica-barakaldo.org\/wp-content\/uploads\/2019\/11\/Elaphocordyceps-capitata_20140215_14523-1024x733.jpg\" alt class=\"img-responsive wp-image-8545\" srcset=\"https:\/\/micologica-barakaldo.org\/wp-content\/uploads\/2019\/11\/Elaphocordyceps-capitata_20140215_14523-200x143.jpg 200w, https:\/\/micologica-barakaldo.org\/wp-content\/uploads\/2019\/11\/Elaphocordyceps-capitata_20140215_14523-400x286.jpg 400w, https:\/\/micologica-barakaldo.org\/wp-content\/uploads\/2019\/11\/Elaphocordyceps-capitata_20140215_14523-600x429.jpg 600w, https:\/\/micologica-barakaldo.org\/wp-content\/uploads\/2019\/11\/Elaphocordyceps-capitata_20140215_14523-800x573.jpg 800w, https:\/\/micologica-barakaldo.org\/wp-content\/uploads\/2019\/11\/Elaphocordyceps-capitata_20140215_14523.jpg 1024w\" sizes=\"auto, (max-width: 1024px) 100vw, 800px\" \/><\/span><\/div><div class=\"fusion-clearfix\"><\/div><\/div><\/div><div class=\"fusion-layout-column fusion_builder_column fusion-builder-column-2 fusion_builder_column_1_1 1_1 fusion-one-full fusion-column-first fusion-column-last\" style=\"--awb-padding-top:40px;--awb-bg-size:cover;\"><div class=\"fusion-column-wrapper fusion-flex-column-wrapper-legacy\"><div class=\"fusion-aligncenter\"><a class=\"fusion-button button-flat button-xlarge button-default fusion-button-default button-1 fusion-button-default-span fusion-button-default-type\" target=\"_self\" href=\"https:\/\/micologica-barakaldo.org\/wp-content\/uploads\/2021\/02\/Tolypocladium-capitatum.pdf\"><i class=\"fa-file-pdf far awb-button__icon awb-button__icon--default button-icon-left\" aria-hidden=\"true\"><\/i><span class=\"fusion-button-text awb-button__text awb-button__text--default\">VER FICHA COMPLETA<\/span><\/a><\/div><div class=\"fusion-clearfix\"><\/div><\/div><\/div><\/div><\/div>\n","protected":false},"excerpt":{"rendered":"","protected":false},"author":2,"featured_media":3106,"comment_status":"open","ping_status":"closed","sticky":false,"template":"","format":"standard","meta":{"footnotes":"","jetpack_publicize_message":"","jetpack_publicize_feature_enabled":true,"jetpack_social_post_already_shared":true,"jetpack_social_options":{"image_generator_settings":{"template":"highway","default_image_id":0,"font":"","enabled":false},"version":2}},"categories":[6,47],"tags":[],"class_list":["post-3107","post","type-post","status-publish","format-standard","has-post-thumbnail","hentry","category-fichas-micologicas","category-fichas-micologicas-setas-t"],"jetpack_publicize_connections":[],"jetpack_featured_media_url":"https:\/\/micologica-barakaldo.org\/wp-content\/uploads\/2019\/11\/Elaphocordyceps-capitata_20140215_14523.jpg","jetpack_shortlink":"https:\/\/wp.me\/p9dTSQ-O7","_links":{"self":[{"href":"https:\/\/micologica-barakaldo.org\/eu\/wp-json\/wp\/v2\/posts\/3107","targetHints":{"allow":["GET"]}}],"collection":[{"href":"https:\/\/micologica-barakaldo.org\/eu\/wp-json\/wp\/v2\/posts"}],"about":[{"href":"https:\/\/micologica-barakaldo.org\/eu\/wp-json\/wp\/v2\/types\/post"}],"author":[{"embeddable":true,"href":"https:\/\/micologica-barakaldo.org\/eu\/wp-json\/wp\/v2\/users\/2"}],"replies":[{"embeddable":true,"href":"https:\/\/micologica-barakaldo.org\/eu\/wp-json\/wp\/v2\/comments?post=3107"}],"version-history":[{"count":4,"href":"https:\/\/micologica-barakaldo.org\/eu\/wp-json\/wp\/v2\/posts\/3107\/revisions"}],"predecessor-version":[{"id":10583,"href":"https:\/\/micologica-barakaldo.org\/eu\/wp-json\/wp\/v2\/posts\/3107\/revisions\/10583"}],"wp:featuredmedia":[{"embeddable":true,"href":"https:\/\/micologica-barakaldo.org\/eu\/wp-json\/wp\/v2\/media\/3106"}],"wp:attachment":[{"href":"https:\/\/micologica-barakaldo.org\/eu\/wp-json\/wp\/v2\/media?parent=3107"}],"wp:term":[{"taxonomy":"category","embeddable":true,"href":"https:\/\/micologica-barakaldo.org\/eu\/wp-json\/wp\/v2\/categories?post=3107"},{"taxonomy":"post_tag","embeddable":true,"href":"https:\/\/micologica-barakaldo.org\/eu\/wp-json\/wp\/v2\/tags?post=3107"}],"curies":[{"name":"wp","href":"https:\/\/api.w.org\/{rel}","templated":true}]}}