{"id":3132,"date":"2019-12-01T20:55:05","date_gmt":"2019-12-01T19:55:05","guid":{"rendered":"https:\/\/micologica-barakaldo.org\/?p=3132"},"modified":"2022-03-22T20:34:01","modified_gmt":"2022-03-22T19:34:01","slug":"albatrellus-pes-caprae","status":"publish","type":"post","link":"https:\/\/micologica-barakaldo.org\/eu\/albatrellus-pes-caprae\/","title":{"rendered":"Albatrellus pes-caprae"},"content":{"rendered":"<div class=\"fusion-fullwidth fullwidth-box fusion-builder-row-1 nonhundred-percent-fullwidth non-hundred-percent-height-scrolling\" style=\"--awb-border-radius-top-left:0px;--awb-border-radius-top-right:0px;--awb-border-radius-bottom-right:0px;--awb-border-radius-bottom-left:0px;--awb-padding-bottom:50px;--awb-flex-wrap:wrap;\" ><div class=\"fusion-builder-row fusion-row\"><div class=\"fusion-layout-column fusion_builder_column fusion-builder-column-0 fusion_builder_column_1_2 1_2 fusion-one-half fusion-column-first\" style=\"--awb-bg-size:cover;width:48%; margin-right: 4%;\"><div class=\"fusion-column-wrapper fusion-flex-column-wrapper-legacy\"><div class=\"fusion-text fusion-text-1\"><p><em><strong>Albatrellus pes-caprae<\/strong> <\/em><strong>(Pers.) Pouzar<\/strong>, Folia Geobotanica et Phytotaxonomica 1 (4): 357. 1966<\/p>\n<p><em>\u2261Polyporus pes-caprae<\/em> Pers., Trait\u00e9 sur les Champignons Comestibles: 241, t.3. 1818 [basion.]<\/p>\n<p><a class=\"pr-2 ng-star-inserted\"> <em>\u2261Scutiger pes-caprae<\/em> (Pers.) Bondartsev &amp; Singer, Annales Mycologici 39 (1): 47 (1941<\/a><\/p>\n<p>Cast.: Pie de cabra, Cat.: Sabatera, Eusk.: Ahuntz apo.<\/p>\n<p style=\"text-align: justify;\"><em>Caracteres macrosc\u00f3picos<\/em>. P\u00edleo de hasta 150 cm de di\u00e1metro, primero convexo y pronto extendido, regular o un poco reniforme. Superficie finamente agrietada y cubierta de peque\u00f1as escamas; de color uniforme marr\u00f3n-rojizo o marr\u00f3n amarillo. Himen\u00f3foro formado por tubos cortos (hasta 5 mm), decurrentes, amarillentos; poros amplios, angulosos, primero blanquecinos, despu\u00e9s amarillentos. Est\u00edpite de hasta 60 x 30 mm, generalmente exc\u00e9ntrico, muy irregular, sinuoso, robusto y corto; de color blanquecino, amarillento o marr\u00f3n-amarillo claro. Contexto firme, se rompe con facilidad, blanquecino o amarillento; olor y sabor agradable.<\/p>\n<p style=\"text-align: justify;\"><em>Caracteres microsc\u00f3picos<\/em>. Basidi\u00f3sporas de 8,0-12,5 x 7,0-8,5 \u00b5m \/ Q = 1,3-1,7; largamente el\u00edpticas, lisas, hialinas.\u00a0 Sistema de hifas monom\u00edtico: hifas fibuladas, hasta x30 \u00b5m.<\/p>\n<p style=\"text-align: justify;\"><em>Ecolog\u00eda<\/em>. En verano y oto\u00f1o en el suelo de los bosques de frondosas (<em>Fagus<\/em>) y con\u00edferas (<em>Abies, Picea<\/em>), en suelos \u00e1cidos. <em>Distribuci\u00f3n<\/em>. Muy raro y localizado.<\/p>\n<p style=\"text-align: justify;\"><span style=\"color: #339966;\"><em>Comestibilidad<\/em>. <strong>Buen comestible<\/strong><\/span>.<\/p>\n<\/div><div class=\"fusion-clearfix\"><\/div><\/div><\/div><div class=\"fusion-layout-column fusion_builder_column fusion-builder-column-1 fusion_builder_column_1_2 1_2 fusion-one-half fusion-column-last\" style=\"--awb-bg-size:cover;width:48%;\"><div class=\"fusion-column-wrapper fusion-flex-column-wrapper-legacy\"><div class=\"fusion-image-element in-legacy-container\" style=\"--awb-caption-title-font-family:var(--h2_typography-font-family);--awb-caption-title-font-weight:var(--h2_typography-font-weight);--awb-caption-title-font-style:var(--h2_typography-font-style);--awb-caption-title-size:var(--h2_typography-font-size);--awb-caption-title-transform:var(--h2_typography-text-transform);--awb-caption-title-line-height:var(--h2_typography-line-height);--awb-caption-title-letter-spacing:var(--h2_typography-letter-spacing);\"><span class=\" fusion-imageframe imageframe-none imageframe-1 hover-type-none\"><img loading=\"lazy\" decoding=\"async\" width=\"1024\" height=\"730\" title=\"Albatrellus pes-caprae_20100827_web\" src=\"https:\/\/micologica-barakaldo.org\/wp-content\/uploads\/2019\/12\/Albatrellus-pes-caprae_20100827_web-1024x730.jpg\" alt class=\"img-responsive wp-image-8549\" srcset=\"https:\/\/micologica-barakaldo.org\/wp-content\/uploads\/2019\/12\/Albatrellus-pes-caprae_20100827_web-200x143.jpg 200w, https:\/\/micologica-barakaldo.org\/wp-content\/uploads\/2019\/12\/Albatrellus-pes-caprae_20100827_web-400x285.jpg 400w, https:\/\/micologica-barakaldo.org\/wp-content\/uploads\/2019\/12\/Albatrellus-pes-caprae_20100827_web-600x428.jpg 600w, https:\/\/micologica-barakaldo.org\/wp-content\/uploads\/2019\/12\/Albatrellus-pes-caprae_20100827_web-800x570.jpg 800w, https:\/\/micologica-barakaldo.org\/wp-content\/uploads\/2019\/12\/Albatrellus-pes-caprae_20100827_web.jpg 1024w\" sizes=\"auto, (max-width: 1024px) 100vw, 800px\" \/><\/span><\/div><div class=\"fusion-clearfix\"><\/div><\/div><\/div><div class=\"fusion-layout-column fusion_builder_column fusion-builder-column-2 fusion_builder_column_1_1 1_1 fusion-one-full fusion-column-first fusion-column-last\" style=\"--awb-padding-top:40px;--awb-bg-size:cover;\"><div class=\"fusion-column-wrapper fusion-flex-column-wrapper-legacy\"><div class=\"fusion-clearfix\"><\/div><\/div><\/div><\/div><\/div>\n","protected":false},"excerpt":{"rendered":"","protected":false},"author":2,"featured_media":3118,"comment_status":"open","ping_status":"closed","sticky":false,"template":"","format":"standard","meta":{"footnotes":"","jetpack_publicize_message":"","jetpack_publicize_feature_enabled":true,"jetpack_social_post_already_shared":true,"jetpack_social_options":{"image_generator_settings":{"template":"highway","default_image_id":0,"font":"","enabled":false},"version":2}},"categories":[28,6],"tags":[],"class_list":["post-3132","post","type-post","status-publish","format-standard","has-post-thumbnail","hentry","category-fichas-micologicas-setas-a","category-fichas-micologicas"],"jetpack_publicize_connections":[],"jetpack_featured_media_url":"https:\/\/micologica-barakaldo.org\/wp-content\/uploads\/2019\/12\/Albatrellus-pes-caprae_20100827_web.jpg","jetpack_shortlink":"https:\/\/wp.me\/p9dTSQ-Ow","_links":{"self":[{"href":"https:\/\/micologica-barakaldo.org\/eu\/wp-json\/wp\/v2\/posts\/3132","targetHints":{"allow":["GET"]}}],"collection":[{"href":"https:\/\/micologica-barakaldo.org\/eu\/wp-json\/wp\/v2\/posts"}],"about":[{"href":"https:\/\/micologica-barakaldo.org\/eu\/wp-json\/wp\/v2\/types\/post"}],"author":[{"embeddable":true,"href":"https:\/\/micologica-barakaldo.org\/eu\/wp-json\/wp\/v2\/users\/2"}],"replies":[{"embeddable":true,"href":"https:\/\/micologica-barakaldo.org\/eu\/wp-json\/wp\/v2\/comments?post=3132"}],"version-history":[{"count":5,"href":"https:\/\/micologica-barakaldo.org\/eu\/wp-json\/wp\/v2\/posts\/3132\/revisions"}],"predecessor-version":[{"id":6626,"href":"https:\/\/micologica-barakaldo.org\/eu\/wp-json\/wp\/v2\/posts\/3132\/revisions\/6626"}],"wp:featuredmedia":[{"embeddable":true,"href":"https:\/\/micologica-barakaldo.org\/eu\/wp-json\/wp\/v2\/media\/3118"}],"wp:attachment":[{"href":"https:\/\/micologica-barakaldo.org\/eu\/wp-json\/wp\/v2\/media?parent=3132"}],"wp:term":[{"taxonomy":"category","embeddable":true,"href":"https:\/\/micologica-barakaldo.org\/eu\/wp-json\/wp\/v2\/categories?post=3132"},{"taxonomy":"post_tag","embeddable":true,"href":"https:\/\/micologica-barakaldo.org\/eu\/wp-json\/wp\/v2\/tags?post=3132"}],"curies":[{"name":"wp","href":"https:\/\/api.w.org\/{rel}","templated":true}]}}