{"id":3214,"date":"2018-07-07T21:42:05","date_gmt":"2018-07-07T20:42:05","guid":{"rendered":"https:\/\/micologica-barakaldo.org\/?p=3214"},"modified":"2023-11-21T08:20:19","modified_gmt":"2023-11-21T07:20:19","slug":"cortinarius-collinitus","status":"publish","type":"post","link":"https:\/\/micologica-barakaldo.org\/eu\/cortinarius-collinitus\/","title":{"rendered":"2018  &#8211; Historia taxon\u00f3mica y nomenclatural de Cortinarius collinitus (Sowerby : Fr.) Gray y de especies pr\u00f3ximas del subg\u00e9nero Myxacium"},"content":{"rendered":"<div class=\"fusion-fullwidth fullwidth-box fusion-builder-row-1 nonhundred-percent-fullwidth non-hundred-percent-height-scrolling\" style=\"--awb-border-radius-top-left:0px;--awb-border-radius-top-right:0px;--awb-border-radius-bottom-right:0px;--awb-border-radius-bottom-left:0px;--awb-padding-bottom:50px;--awb-flex-wrap:wrap;\" ><div class=\"fusion-builder-row fusion-row\"><div class=\"fusion-layout-column fusion_builder_column fusion-builder-column-0 fusion_builder_column_1_1 1_1 fusion-one-full fusion-column-first fusion-column-last\" style=\"--awb-bg-size:cover;\"><div class=\"fusion-column-wrapper fusion-flex-column-wrapper-legacy\"><div class=\"fusion-text fusion-text-1\"><p><b>2018 &#8211;\u00a0<\/b>Historia taxono\u0301mica y nomenclatural de <em>Cortinarius collinitus<\/em> (Sowerby : Fr.) Gray y de especies pro\u0301ximas del subge\u0301nero <em>Myxacium<\/em><\/p>\n<p><strong>por:<\/strong> G\u00f3mez Arenaza, M. &amp; Cadi\u00f1anos Aguirre, J.A.<\/p>\n<p style=\"text-align: justify;\"><strong>Palabras clave<\/strong>: Cortinarius collinitus, Myxacium, Taxonom\u00eda, Nomenclatura<\/p>\n<\/div><div class=\"fusion-clearfix\"><\/div><\/div><\/div><div class=\"fusion-layout-column fusion_builder_column fusion-builder-column-1 fusion_builder_column_1_1 1_1 fusion-one-full fusion-column-first fusion-column-last\" style=\"--awb-padding-top:40px;--awb-bg-size:cover;\"><div class=\"fusion-column-wrapper fusion-flex-column-wrapper-legacy\"><div class=\"fusion-aligncenter\"><a class=\"fusion-button button-flat button-xlarge button-default fusion-button-default button-1 fusion-button-default-span fusion-button-default-type\" target=\"_self\" href=\"https:\/\/micologica-barakaldo.org\/wp-content\/uploads\/2020\/01\/2018-Go\u0301mez-Cadin\u0303anos-Taxonomi\u0301a-nomenclatura-Cortinarius-collinitus-y-otros-Myxacium-JEC-50-148.pdf\"><span class=\"fusion-button-text awb-button__text awb-button__text--default\">DESCARGAR PDF<\/span><\/a><\/div><div class=\"fusion-clearfix\"><\/div><\/div><\/div><\/div><\/div>\n","protected":false},"excerpt":{"rendered":"","protected":false},"author":2,"featured_media":3216,"comment_status":"open","ping_status":"closed","sticky":false,"template":"","format":"standard","meta":{"footnotes":"","jetpack_publicize_message":"","jetpack_publicize_feature_enabled":true,"jetpack_social_post_already_shared":true,"jetpack_social_options":{"image_generator_settings":{"template":"highway","default_image_id":0,"font":"","enabled":false},"version":2}},"categories":[5],"tags":[],"class_list":["post-3214","post","type-post","status-publish","format-standard","has-post-thumbnail","hentry","category-publicaciones"],"jetpack_publicize_connections":[],"jetpack_featured_media_url":"https:\/\/micologica-barakaldo.org\/wp-content\/uploads\/2020\/01\/Captura-de-pantalla-2020-01-07-a-las-21.37.29.png","jetpack_shortlink":"https:\/\/wp.me\/p9dTSQ-PQ","_links":{"self":[{"href":"https:\/\/micologica-barakaldo.org\/eu\/wp-json\/wp\/v2\/posts\/3214","targetHints":{"allow":["GET"]}}],"collection":[{"href":"https:\/\/micologica-barakaldo.org\/eu\/wp-json\/wp\/v2\/posts"}],"about":[{"href":"https:\/\/micologica-barakaldo.org\/eu\/wp-json\/wp\/v2\/types\/post"}],"author":[{"embeddable":true,"href":"https:\/\/micologica-barakaldo.org\/eu\/wp-json\/wp\/v2\/users\/2"}],"replies":[{"embeddable":true,"href":"https:\/\/micologica-barakaldo.org\/eu\/wp-json\/wp\/v2\/comments?post=3214"}],"version-history":[{"count":6,"href":"https:\/\/micologica-barakaldo.org\/eu\/wp-json\/wp\/v2\/posts\/3214\/revisions"}],"predecessor-version":[{"id":9612,"href":"https:\/\/micologica-barakaldo.org\/eu\/wp-json\/wp\/v2\/posts\/3214\/revisions\/9612"}],"wp:featuredmedia":[{"embeddable":true,"href":"https:\/\/micologica-barakaldo.org\/eu\/wp-json\/wp\/v2\/media\/3216"}],"wp:attachment":[{"href":"https:\/\/micologica-barakaldo.org\/eu\/wp-json\/wp\/v2\/media?parent=3214"}],"wp:term":[{"taxonomy":"category","embeddable":true,"href":"https:\/\/micologica-barakaldo.org\/eu\/wp-json\/wp\/v2\/categories?post=3214"},{"taxonomy":"post_tag","embeddable":true,"href":"https:\/\/micologica-barakaldo.org\/eu\/wp-json\/wp\/v2\/tags?post=3214"}],"curies":[{"name":"wp","href":"https:\/\/api.w.org\/{rel}","templated":true}]}}