{"id":3430,"date":"2020-03-28T18:14:52","date_gmt":"2020-03-28T17:14:52","guid":{"rendered":"https:\/\/micologica-barakaldo.org\/?p=3430"},"modified":"2021-01-19T22:13:08","modified_gmt":"2021-01-19T21:13:08","slug":"cortinarius-emunctus","status":"publish","type":"post","link":"https:\/\/micologica-barakaldo.org\/eu\/cortinarius-emunctus\/","title":{"rendered":"Cortinarius emunctus"},"content":{"rendered":"<div class=\"fusion-fullwidth fullwidth-box fusion-builder-row-1 nonhundred-percent-fullwidth non-hundred-percent-height-scrolling\" style=\"--awb-border-radius-top-left:0px;--awb-border-radius-top-right:0px;--awb-border-radius-bottom-right:0px;--awb-border-radius-bottom-left:0px;--awb-padding-bottom:50px;--awb-flex-wrap:wrap;\" ><div class=\"fusion-builder-row fusion-row\"><div class=\"fusion-layout-column fusion_builder_column fusion-builder-column-0 fusion_builder_column_1_2 1_2 fusion-one-half fusion-column-first\" style=\"--awb-bg-size:cover;width:48%; margin-right: 4%;\"><div class=\"fusion-column-wrapper fusion-flex-column-wrapper-legacy\"><div class=\"fusion-text fusion-text-1\"><p style=\"text-align: justify;\"><em>Caracteres macrosc\u00f3picos<\/em>. P\u00edleo de hasta 110 mm de di\u00e1metro, primero hemisf\u00e9rico, campanulado, despu\u00e9s convexo a plano convexo, m\u00e1s o menos umbonado, margen regular, enrollado y flexuoso, cut\u00edcula pil\u00e9ica viscosa, lisa, brillante, dulce, de color gris\u00e1ceo violeta, viol\u00e1ceo, con el disco ocre amarillento. L\u00e1minas bastante apretadas, desiguales, con numerosas lam\u00e9lulas, anchas de hasta 8mm, escotado-adnatas, de color gris lilacino al principio, despu\u00e9s p\u00e1lido beige, ocre marr\u00f3n en la madurez, arista un poco crenulada, concolor o un poco m\u00e1s clara. Est\u00edpite hasta 70&#215;12 mm, delgado-cil\u00edndrico abultado hacia la base, primero lleno, hueco en la madurez, viscoso, adornado de fibrillas longitudinales blanquecinas sobre un fondo lilacino, cortina abundante, gris lilacino, ocre ferruginoso en la madurez. Contexto espeso, crema ocr\u00e1ceo, gris azulado en lo alto, con olor agradable y sabor dulce.<\/p>\n<p style=\"text-align: justify;\"><em>Caracteres microsc\u00f3picos<\/em>. Basidi\u00f3sporas de 6,5-8,5 x 5,5 -6,5 \u00b5m \/ Q = 1,1-1,3, subesf\u00e9ricas, apiculadas, adornadas con verrugas de densidad moderada, amarillo-leonado claro con KOH al 2%. Esporada pardo-ferruginosa. Pileipellis gelificada, con hifas tumbadas, m\u00e1s o menos entremezcladas, de hasta x10 \u00b5m, pigmentadas de amarillento, juntas con f\u00edbulas.<\/p>\n<p style=\"text-align: justify;\"><em>Ecolog\u00eda<\/em>. En verano y oto\u00f1o en bosques montanos de frondosas (<em>Fagus, Quercus<\/em> y <em>Betula<\/em>) y de con\u00edferas (<em>Picea, Abies<\/em>.), en suelos \u00e1cidos. <em>Distribuci\u00f3n.<\/em> Muy raro.<\/p>\n<p style=\"text-align: justify;\">Citar como: Mu\u00f1oz S\u00e1nchez, J.A. \u201c<em>Cortinarius emunctus<\/em>\u00a0Fr.\u201d. micol\u00f3gica-barakaldo.org [en l\u00ednea]. Fichas micol\u00f3gicas, n\u00ba 441, 28\/03\/2020 [consultado el (fecha)]. Disponible en <a href=\"https:\/\/micologica-barakaldo.org\/Cortinarius-emunctus\/\">https:\/\/micologica-barakaldo.org\/Cortinarius-emunctus\/<\/a><\/p>\n<\/div><div class=\"fusion-clearfix\"><\/div><\/div><\/div><div class=\"fusion-layout-column fusion_builder_column fusion-builder-column-1 fusion_builder_column_1_2 1_2 fusion-one-half fusion-column-last\" style=\"--awb-bg-size:cover;width:48%;\"><div class=\"fusion-column-wrapper fusion-flex-column-wrapper-legacy\"><div class=\"fusion-image-element in-legacy-container\" style=\"--awb-caption-title-font-family:var(--h2_typography-font-family);--awb-caption-title-font-weight:var(--h2_typography-font-weight);--awb-caption-title-font-style:var(--h2_typography-font-style);--awb-caption-title-size:var(--h2_typography-font-size);--awb-caption-title-transform:var(--h2_typography-text-transform);--awb-caption-title-line-height:var(--h2_typography-line-height);--awb-caption-title-letter-spacing:var(--h2_typography-letter-spacing);\"><span class=\" fusion-imageframe imageframe-none imageframe-1 hover-type-none\"><img loading=\"lazy\" decoding=\"async\" width=\"1024\" height=\"726\" title=\"Cortinarius emunctus_20170923_2797\" src=\"https:\/\/micologica-barakaldo.org\/wp-content\/uploads\/2020\/03\/Cortinarius-emunctus_20170923_2797.jpg\" alt class=\"img-responsive wp-image-8611\" srcset=\"https:\/\/micologica-barakaldo.org\/wp-content\/uploads\/2020\/03\/Cortinarius-emunctus_20170923_2797-200x142.jpg 200w, https:\/\/micologica-barakaldo.org\/wp-content\/uploads\/2020\/03\/Cortinarius-emunctus_20170923_2797-400x284.jpg 400w, https:\/\/micologica-barakaldo.org\/wp-content\/uploads\/2020\/03\/Cortinarius-emunctus_20170923_2797-600x425.jpg 600w, https:\/\/micologica-barakaldo.org\/wp-content\/uploads\/2020\/03\/Cortinarius-emunctus_20170923_2797-800x567.jpg 800w, https:\/\/micologica-barakaldo.org\/wp-content\/uploads\/2020\/03\/Cortinarius-emunctus_20170923_2797.jpg 1024w\" sizes=\"auto, (max-width: 1024px) 100vw, 800px\" \/><\/span><\/div><div class=\"fusion-clearfix\"><\/div><\/div><\/div><div class=\"fusion-layout-column fusion_builder_column fusion-builder-column-2 fusion_builder_column_1_1 1_1 fusion-one-full fusion-column-first fusion-column-last\" style=\"--awb-padding-top:40px;--awb-bg-size:cover;\"><div class=\"fusion-column-wrapper fusion-flex-column-wrapper-legacy\"><div class=\"fusion-aligncenter\"><a class=\"fusion-button button-flat button-xlarge button-default fusion-button-default button-1 fusion-button-default-span fusion-button-default-type\" target=\"_self\" href=\"https:\/\/micologica-barakaldo.org\/wp-content\/uploads\/2021\/01\/Cortinarius-emunctus.pdf\"><i class=\" fa fa-file-pdf-o awb-button__icon awb-button__icon--default button-icon-left\" aria-hidden=\"true\"><\/i><span class=\"fusion-button-text awb-button__text awb-button__text--default\">VER FICHA COMPLETA<\/span><\/a><\/div><div class=\"fusion-clearfix\"><\/div><\/div><\/div><\/div><\/div>\n","protected":false},"excerpt":{"rendered":"","protected":false},"author":2,"featured_media":3429,"comment_status":"open","ping_status":"closed","sticky":false,"template":"","format":"standard","meta":{"footnotes":"","jetpack_publicize_message":"","jetpack_publicize_feature_enabled":true,"jetpack_social_post_already_shared":true,"jetpack_social_options":{"image_generator_settings":{"template":"highway","default_image_id":0,"font":"","enabled":false},"version":2}},"categories":[30,6],"tags":[],"class_list":["post-3430","post","type-post","status-publish","format-standard","has-post-thumbnail","hentry","category-fichas-micologicas-setas-c","category-fichas-micologicas"],"jetpack_publicize_connections":[],"jetpack_featured_media_url":"https:\/\/micologica-barakaldo.org\/wp-content\/uploads\/2020\/03\/Cortinarius-emunctus_20170923_2797.jpg","jetpack_shortlink":"https:\/\/wp.me\/p9dTSQ-Tk","_links":{"self":[{"href":"https:\/\/micologica-barakaldo.org\/eu\/wp-json\/wp\/v2\/posts\/3430","targetHints":{"allow":["GET"]}}],"collection":[{"href":"https:\/\/micologica-barakaldo.org\/eu\/wp-json\/wp\/v2\/posts"}],"about":[{"href":"https:\/\/micologica-barakaldo.org\/eu\/wp-json\/wp\/v2\/types\/post"}],"author":[{"embeddable":true,"href":"https:\/\/micologica-barakaldo.org\/eu\/wp-json\/wp\/v2\/users\/2"}],"replies":[{"embeddable":true,"href":"https:\/\/micologica-barakaldo.org\/eu\/wp-json\/wp\/v2\/comments?post=3430"}],"version-history":[{"count":2,"href":"https:\/\/micologica-barakaldo.org\/eu\/wp-json\/wp\/v2\/posts\/3430\/revisions"}],"predecessor-version":[{"id":4988,"href":"https:\/\/micologica-barakaldo.org\/eu\/wp-json\/wp\/v2\/posts\/3430\/revisions\/4988"}],"wp:featuredmedia":[{"embeddable":true,"href":"https:\/\/micologica-barakaldo.org\/eu\/wp-json\/wp\/v2\/media\/3429"}],"wp:attachment":[{"href":"https:\/\/micologica-barakaldo.org\/eu\/wp-json\/wp\/v2\/media?parent=3430"}],"wp:term":[{"taxonomy":"category","embeddable":true,"href":"https:\/\/micologica-barakaldo.org\/eu\/wp-json\/wp\/v2\/categories?post=3430"},{"taxonomy":"post_tag","embeddable":true,"href":"https:\/\/micologica-barakaldo.org\/eu\/wp-json\/wp\/v2\/tags?post=3430"}],"curies":[{"name":"wp","href":"https:\/\/api.w.org\/{rel}","templated":true}]}}