{"id":3677,"date":"2020-06-04T19:25:01","date_gmt":"2020-06-04T18:25:01","guid":{"rendered":"https:\/\/micologica-barakaldo.org\/?p=3677"},"modified":"2020-12-25T13:50:17","modified_gmt":"2020-12-25T12:50:17","slug":"ramaria-suecica","status":"publish","type":"post","link":"https:\/\/micologica-barakaldo.org\/eu\/ramaria-suecica\/","title":{"rendered":"Ramaria suecica"},"content":{"rendered":"<div class=\"fusion-fullwidth fullwidth-box fusion-builder-row-1 nonhundred-percent-fullwidth non-hundred-percent-height-scrolling\" style=\"--awb-border-radius-top-left:0px;--awb-border-radius-top-right:0px;--awb-border-radius-bottom-right:0px;--awb-border-radius-bottom-left:0px;--awb-padding-bottom:50px;--awb-flex-wrap:wrap;\" ><div class=\"fusion-builder-row fusion-row\"><div class=\"fusion-layout-column fusion_builder_column fusion-builder-column-0 fusion_builder_column_1_2 1_2 fusion-one-half fusion-column-first\" style=\"--awb-bg-size:cover;width:48%; margin-right: 4%;\"><div class=\"fusion-column-wrapper fusion-flex-column-wrapper-legacy\"><div class=\"fusion-text fusion-text-1\"><p style=\"text-align: justify;\">\u2261<em>Clavaria suecica<\/em> Fr., Observa. Mycol. 1: 156, 1815<br \/>\n \u2261<em>Clavariella suecica<\/em> (Fr.) P. Karst., Revue Mycologique Toulouse 3 (9): 21, 1881<\/p>\n<p style=\"text-align: justify;\"><em>Caracteres macrosc\u00f3picos<\/em>. Basidioma de hasta 70 mm de altura y 50mm de anchura, en forma de arbolillo o coral. Ramificaciones principales erectas, separadas, poco abundantes, cil\u00edndricas, de color ocre p\u00e1lido, ocre rosado, oscureci\u00e9ndose hasta el marr\u00f3n canela. Extremidades terminadas en una o dos puntas agudas, concoloras. Angulaciones mayoritariamente en U, se observan algunas en V. Est\u00edpite no muy definido, muy reducido de hasta 20&#215;10 mm, cil\u00edndrico, ocr\u00e1ceo, con abundantes rizomorfos blancos. Contexto algo el\u00e1stico, pronto blando, blanquecino a crema ocr\u00e1ceo, olor arom\u00e1tico a especias, sabor ligeramente amargo. Reacciones macroqu\u00edmicas: SO4Fe, verde oscuro en las ramas. KOH al 20%, amarillo en los rizomorfos.<\/p>\n<p style=\"text-align: justify;\"><em>Caracteres microsc\u00f3picos<\/em>. Basidi\u00f3sporas de hasta 7,5-11,0 x 4,0-5,0 \u03bcm \/ Q = 1,8-2,5, el\u00edpticas, fusiformes o cilindr\u00e1ceas, adelgaz\u00e1ndose hacia el \u00e1pice, apiculadas, con verrugas dispersas, m\u00e1s o menos gruesas, cian\u00f3filas. Basidios de hasta 80&#215;10 \u03bcm, claviformes, con cuatro esterigmas, juntas con f\u00edbulas. Sistema de hifas monom\u00edtico: hifas generatrices de la trama de las ramas de hasta x5 \u03bcm, con paredes delgadas, septadas, con zonas ensanchadas ampuliformes de hasta x15 \u00b5m, juntas con f\u00edbulas.<\/p>\n<p style=\"text-align: justify;\"><em>Ecolog\u00eda<\/em>. En verano y oto\u00f1o en bosques de con\u00edferas, en zonas ricas en humus y restos vegetales, gregaria. <em>Distribuci\u00f3n<\/em>.\u00a0 Poco com\u00fan.<\/p>\n<p style=\"text-align: justify;\"><span style=\"color: #000000;\">Citar como: Mu\u00f1oz S\u00e1nchez, J.A. \u201c<em>Ramaria suecica<\/em> (Fr.) Donk\u201d. micol\u00f3gica-barakaldo.org [en l\u00ednea]. Fichas micol\u00f3gicas, n\u00ba 468, 04\/06\/2020 [consultado el (fecha)]. Disponible en <a style=\"color: #000000;\" href=\"https:\/\/micologica-barakaldo.org\/Ramaria%20suecica\/\">https:\/\/micologica-barakaldo.org\/Ramaria suecica\/<\/a><\/span><\/p>\n<p>&nbsp;<\/p>\n<p style=\"text-align: justify;\">\u00a0<\/p>\n<\/div><div class=\"fusion-clearfix\"><\/div><\/div><\/div><div class=\"fusion-layout-column fusion_builder_column fusion-builder-column-1 fusion_builder_column_1_2 1_2 fusion-one-half fusion-column-last\" style=\"--awb-bg-size:cover;width:48%;\"><div class=\"fusion-column-wrapper fusion-flex-column-wrapper-legacy\"><div class=\"fusion-image-element in-legacy-container\" style=\"--awb-caption-title-font-family:var(--h2_typography-font-family);--awb-caption-title-font-weight:var(--h2_typography-font-weight);--awb-caption-title-font-style:var(--h2_typography-font-style);--awb-caption-title-size:var(--h2_typography-font-size);--awb-caption-title-transform:var(--h2_typography-text-transform);--awb-caption-title-line-height:var(--h2_typography-line-height);--awb-caption-title-letter-spacing:var(--h2_typography-letter-spacing);\"><span class=\" fusion-imageframe imageframe-none imageframe-1 hover-type-none\"><img loading=\"lazy\" decoding=\"async\" width=\"1024\" height=\"731\" title=\"Ramaria suecica_20191005_4780\" src=\"https:\/\/micologica-barakaldo.org\/wp-content\/uploads\/2020\/06\/Ramaria-suecica_20191005_4780.jpg\" alt class=\"img-responsive wp-image-8647\" srcset=\"https:\/\/micologica-barakaldo.org\/wp-content\/uploads\/2020\/06\/Ramaria-suecica_20191005_4780-200x143.jpg 200w, https:\/\/micologica-barakaldo.org\/wp-content\/uploads\/2020\/06\/Ramaria-suecica_20191005_4780-400x286.jpg 400w, https:\/\/micologica-barakaldo.org\/wp-content\/uploads\/2020\/06\/Ramaria-suecica_20191005_4780-600x428.jpg 600w, https:\/\/micologica-barakaldo.org\/wp-content\/uploads\/2020\/06\/Ramaria-suecica_20191005_4780-800x571.jpg 800w, https:\/\/micologica-barakaldo.org\/wp-content\/uploads\/2020\/06\/Ramaria-suecica_20191005_4780.jpg 1024w\" sizes=\"auto, (max-width: 1024px) 100vw, 800px\" \/><\/span><\/div><div class=\"fusion-clearfix\"><\/div><\/div><\/div><div class=\"fusion-layout-column fusion_builder_column fusion-builder-column-2 fusion_builder_column_1_1 1_1 fusion-one-full fusion-column-first fusion-column-last\" style=\"--awb-padding-top:40px;--awb-bg-size:cover;\"><div class=\"fusion-column-wrapper fusion-flex-column-wrapper-legacy\"><div class=\"fusion-aligncenter\"><a class=\"fusion-button button-flat button-xlarge button-default fusion-button-default button-1 fusion-button-default-span fusion-button-default-type\" target=\"_self\" href=\"https:\/\/micologica-barakaldo.org\/wp-content\/uploads\/2020\/12\/Ramaria-suecica.pdf\"><i class=\" fa fa-file-pdf-o awb-button__icon awb-button__icon--default button-icon-left\" aria-hidden=\"true\"><\/i><span class=\"fusion-button-text awb-button__text awb-button__text--default\">VER FICHA COMPLETA<\/span><\/a><\/div><div class=\"fusion-clearfix\"><\/div><\/div><\/div><\/div><\/div>\n","protected":false},"excerpt":{"rendered":"","protected":false},"author":2,"featured_media":3676,"comment_status":"open","ping_status":"closed","sticky":false,"template":"","format":"standard","meta":{"footnotes":"","jetpack_publicize_message":"","jetpack_publicize_feature_enabled":true,"jetpack_social_post_already_shared":true,"jetpack_social_options":{"image_generator_settings":{"template":"highway","default_image_id":0,"font":"","enabled":false},"version":2}},"categories":[6,45],"tags":[],"class_list":["post-3677","post","type-post","status-publish","format-standard","has-post-thumbnail","hentry","category-fichas-micologicas","category-fichas-micologicas-setas-r"],"jetpack_publicize_connections":[],"jetpack_featured_media_url":"https:\/\/micologica-barakaldo.org\/wp-content\/uploads\/2020\/06\/Ramaria-suecica_20191005_4780.jpg","jetpack_shortlink":"https:\/\/wp.me\/p9dTSQ-Xj","_links":{"self":[{"href":"https:\/\/micologica-barakaldo.org\/eu\/wp-json\/wp\/v2\/posts\/3677","targetHints":{"allow":["GET"]}}],"collection":[{"href":"https:\/\/micologica-barakaldo.org\/eu\/wp-json\/wp\/v2\/posts"}],"about":[{"href":"https:\/\/micologica-barakaldo.org\/eu\/wp-json\/wp\/v2\/types\/post"}],"author":[{"embeddable":true,"href":"https:\/\/micologica-barakaldo.org\/eu\/wp-json\/wp\/v2\/users\/2"}],"replies":[{"embeddable":true,"href":"https:\/\/micologica-barakaldo.org\/eu\/wp-json\/wp\/v2\/comments?post=3677"}],"version-history":[{"count":3,"href":"https:\/\/micologica-barakaldo.org\/eu\/wp-json\/wp\/v2\/posts\/3677\/revisions"}],"predecessor-version":[{"id":4879,"href":"https:\/\/micologica-barakaldo.org\/eu\/wp-json\/wp\/v2\/posts\/3677\/revisions\/4879"}],"wp:featuredmedia":[{"embeddable":true,"href":"https:\/\/micologica-barakaldo.org\/eu\/wp-json\/wp\/v2\/media\/3676"}],"wp:attachment":[{"href":"https:\/\/micologica-barakaldo.org\/eu\/wp-json\/wp\/v2\/media?parent=3677"}],"wp:term":[{"taxonomy":"category","embeddable":true,"href":"https:\/\/micologica-barakaldo.org\/eu\/wp-json\/wp\/v2\/categories?post=3677"},{"taxonomy":"post_tag","embeddable":true,"href":"https:\/\/micologica-barakaldo.org\/eu\/wp-json\/wp\/v2\/tags?post=3677"}],"curies":[{"name":"wp","href":"https:\/\/api.w.org\/{rel}","templated":true}]}}