{"id":3822,"date":"2020-07-21T20:29:49","date_gmt":"2020-07-21T19:29:49","guid":{"rendered":"https:\/\/micologica-barakaldo.org\/?p=3822"},"modified":"2020-12-19T22:56:42","modified_gmt":"2020-12-19T21:56:42","slug":"mycena-acicula","status":"publish","type":"post","link":"https:\/\/micologica-barakaldo.org\/eu\/mycena-acicula\/","title":{"rendered":"Mycena acicula"},"content":{"rendered":"<div class=\"fusion-fullwidth fullwidth-box fusion-builder-row-1 nonhundred-percent-fullwidth non-hundred-percent-height-scrolling\" style=\"--awb-border-radius-top-left:0px;--awb-border-radius-top-right:0px;--awb-border-radius-bottom-right:0px;--awb-border-radius-bottom-left:0px;--awb-padding-bottom:50px;--awb-flex-wrap:wrap;\" ><div class=\"fusion-builder-row fusion-row\"><div class=\"fusion-layout-column fusion_builder_column fusion-builder-column-0 fusion_builder_column_1_2 1_2 fusion-one-half fusion-column-first\" style=\"--awb-bg-size:cover;width:48%; margin-right: 4%;\"><div class=\"fusion-column-wrapper fusion-flex-column-wrapper-legacy\"><div class=\"fusion-text fusion-text-1\"><p style=\"text-align: justify;\"><em>Caracteres macrosc\u00f3picos<\/em>. P\u00edleo de hasta 9mm de di\u00e1metro, primero c\u00f3nico o c\u00f3nico-acampanado, despu\u00e9s plano convexo, con un peque\u00f1o umb\u00f3n bajo; margen delgado, agudo. Superficie pileica, glabra, un poco lubrificada en tiempo h\u00famedo, estriado por transparencia, de color rojo naranja en el disco, naranja, amarillo naranja, m\u00e1s amarillo hacia el margen. L\u00e1minas espaciadas, ventricosas, adnatas, de color amarillo, amarillo p\u00e1lido; arista entera, blanquecina. Est\u00edpite de hasta 50 x 1 mm, filiforme, flexuoso, glabro, viscido en tiempo h\u00famedo, de color amarillo o amarillo citrino. Contexto escaso, naranja-amarillo, olor y sabor poco destacable.<\/p>\n<p style=\"text-align: justify;\"><em>Caracteres microsc\u00f3picos<\/em>. Basidi\u00f3sporas de 8,5-11,0 x 3,0-4,5 \u00b5m \/ Q = 2,5-3,3; el\u00edptico alargadas, estrech\u00e1ndose en la zona apical, hialinas, gutuladas, no amiloides. Basidios de hasta 25 x 9 \u00b5m, tetrasp\u00f3ricos, juntas con f\u00edbulas. Queilocistidios de hasta 30 x 8 \u00b5m, fusiformes, ventricosos claviformes, en algunos casos el \u00e1pice est\u00e1 cubierto por una especie de masa mucilaginosa. Stipipellis con hifas de hasta x6 \u00b5m, cil\u00edndricas, vesiculosas, cubiertas de finas y peque\u00f1as excreciones o protuberancias. Pileipellis formada por una capa de hifas tumbadas de hasta x3\u00b5m, recubiertas de peque\u00f1as excreciones y protuberancias ramificadas de hasta x2 \u00b5m de altura, por debajo hay una capa de hifas globosas o subglobosas de hasta 30 x 20 \u00b5m, juntas con f\u00edbulas.<\/p>\n<p style=\"text-align: justify;\"><em>Ecolog\u00eda<\/em>. En primavera, verano y oto\u00f1o, sobre madera muy degradada de frondosas, entre restos vegetales con briofitos. <em>Distribuci\u00f3n<\/em>. Muy raro.<\/p>\n<p style=\"text-align: justify;\">\u00a0<\/p>\n<\/div><div class=\"fusion-clearfix\"><\/div><\/div><\/div><div class=\"fusion-layout-column fusion_builder_column fusion-builder-column-1 fusion_builder_column_1_2 1_2 fusion-one-half fusion-column-last\" style=\"--awb-bg-size:cover;width:48%;\"><div class=\"fusion-column-wrapper fusion-flex-column-wrapper-legacy\"><div class=\"fusion-image-element in-legacy-container\" style=\"--awb-caption-title-font-family:var(--h2_typography-font-family);--awb-caption-title-font-weight:var(--h2_typography-font-weight);--awb-caption-title-font-style:var(--h2_typography-font-style);--awb-caption-title-size:var(--h2_typography-font-size);--awb-caption-title-transform:var(--h2_typography-text-transform);--awb-caption-title-line-height:var(--h2_typography-line-height);--awb-caption-title-letter-spacing:var(--h2_typography-letter-spacing);\"><span class=\" fusion-imageframe imageframe-none imageframe-1 hover-type-none\"><img loading=\"lazy\" decoding=\"async\" width=\"1204\" height=\"814\" title=\"Mycena acicula_20180602_3533\" src=\"https:\/\/micologica-barakaldo.org\/wp-content\/uploads\/2020\/07\/Mycena-acicula_20180602_3533.jpg\" alt class=\"img-responsive wp-image-8693\" srcset=\"https:\/\/micologica-barakaldo.org\/wp-content\/uploads\/2020\/07\/Mycena-acicula_20180602_3533-200x135.jpg 200w, https:\/\/micologica-barakaldo.org\/wp-content\/uploads\/2020\/07\/Mycena-acicula_20180602_3533-400x270.jpg 400w, https:\/\/micologica-barakaldo.org\/wp-content\/uploads\/2020\/07\/Mycena-acicula_20180602_3533-600x406.jpg 600w, https:\/\/micologica-barakaldo.org\/wp-content\/uploads\/2020\/07\/Mycena-acicula_20180602_3533-800x541.jpg 800w, https:\/\/micologica-barakaldo.org\/wp-content\/uploads\/2020\/07\/Mycena-acicula_20180602_3533-1200x811.jpg 1200w, https:\/\/micologica-barakaldo.org\/wp-content\/uploads\/2020\/07\/Mycena-acicula_20180602_3533.jpg 1204w\" sizes=\"auto, (max-width: 1024px) 100vw, 800px\" \/><\/span><\/div><div class=\"fusion-clearfix\"><\/div><\/div><\/div><div class=\"fusion-layout-column fusion_builder_column fusion-builder-column-2 fusion_builder_column_1_1 1_1 fusion-one-full fusion-column-first fusion-column-last\" style=\"--awb-padding-top:40px;--awb-bg-size:cover;\"><div class=\"fusion-column-wrapper fusion-flex-column-wrapper-legacy\"><div class=\"fusion-aligncenter\"><a class=\"fusion-button button-flat button-xlarge button-default fusion-button-default button-1 fusion-button-default-span fusion-button-default-type\" target=\"_self\" href=\"https:\/\/micologica-barakaldo.org\/wp-content\/uploads\/2020\/12\/Mycena-acicula.pdf\"><i class=\" fa fa-file-pdf-o awb-button__icon awb-button__icon--default button-icon-left\" aria-hidden=\"true\"><\/i><span class=\"fusion-button-text awb-button__text awb-button__text--default\">VER FICHA COMPLETA<\/span><\/a><\/div><div class=\"fusion-clearfix\"><\/div><\/div><\/div><\/div><\/div>\n","protected":false},"excerpt":{"rendered":"","protected":false},"author":2,"featured_media":3821,"comment_status":"open","ping_status":"closed","sticky":false,"template":"","format":"standard","meta":{"footnotes":"","jetpack_publicize_message":"","jetpack_publicize_feature_enabled":true,"jetpack_social_post_already_shared":true,"jetpack_social_options":{"image_generator_settings":{"template":"highway","default_image_id":0,"font":"","enabled":false},"version":2}},"categories":[6,40],"tags":[],"class_list":["post-3822","post","type-post","status-publish","format-standard","has-post-thumbnail","hentry","category-fichas-micologicas","category-fichas-micologicas-setas-m"],"jetpack_publicize_connections":[],"jetpack_featured_media_url":"https:\/\/micologica-barakaldo.org\/wp-content\/uploads\/2020\/07\/Mycena-acicula_20180602_3533.jpg","jetpack_shortlink":"https:\/\/wp.me\/p9dTSQ-ZE","_links":{"self":[{"href":"https:\/\/micologica-barakaldo.org\/eu\/wp-json\/wp\/v2\/posts\/3822","targetHints":{"allow":["GET"]}}],"collection":[{"href":"https:\/\/micologica-barakaldo.org\/eu\/wp-json\/wp\/v2\/posts"}],"about":[{"href":"https:\/\/micologica-barakaldo.org\/eu\/wp-json\/wp\/v2\/types\/post"}],"author":[{"embeddable":true,"href":"https:\/\/micologica-barakaldo.org\/eu\/wp-json\/wp\/v2\/users\/2"}],"replies":[{"embeddable":true,"href":"https:\/\/micologica-barakaldo.org\/eu\/wp-json\/wp\/v2\/comments?post=3822"}],"version-history":[{"count":4,"href":"https:\/\/micologica-barakaldo.org\/eu\/wp-json\/wp\/v2\/posts\/3822\/revisions"}],"predecessor-version":[{"id":4837,"href":"https:\/\/micologica-barakaldo.org\/eu\/wp-json\/wp\/v2\/posts\/3822\/revisions\/4837"}],"wp:featuredmedia":[{"embeddable":true,"href":"https:\/\/micologica-barakaldo.org\/eu\/wp-json\/wp\/v2\/media\/3821"}],"wp:attachment":[{"href":"https:\/\/micologica-barakaldo.org\/eu\/wp-json\/wp\/v2\/media?parent=3822"}],"wp:term":[{"taxonomy":"category","embeddable":true,"href":"https:\/\/micologica-barakaldo.org\/eu\/wp-json\/wp\/v2\/categories?post=3822"},{"taxonomy":"post_tag","embeddable":true,"href":"https:\/\/micologica-barakaldo.org\/eu\/wp-json\/wp\/v2\/tags?post=3822"}],"curies":[{"name":"wp","href":"https:\/\/api.w.org\/{rel}","templated":true}]}}