{"id":3855,"date":"2020-08-05T21:35:20","date_gmt":"2020-08-05T20:35:20","guid":{"rendered":"https:\/\/micologica-barakaldo.org\/?p=3855"},"modified":"2020-12-19T21:05:55","modified_gmt":"2020-12-19T20:05:55","slug":"ramaria-gracilis","status":"publish","type":"post","link":"https:\/\/micologica-barakaldo.org\/eu\/ramaria-gracilis\/","title":{"rendered":"Ramaria gracilis"},"content":{"rendered":"<div class=\"fusion-fullwidth fullwidth-box fusion-builder-row-1 nonhundred-percent-fullwidth non-hundred-percent-height-scrolling\" style=\"--awb-border-radius-top-left:0px;--awb-border-radius-top-right:0px;--awb-border-radius-bottom-right:0px;--awb-border-radius-bottom-left:0px;--awb-padding-bottom:50px;--awb-flex-wrap:wrap;\" ><div class=\"fusion-builder-row fusion-row\"><div class=\"fusion-layout-column fusion_builder_column fusion-builder-column-0 fusion_builder_column_1_2 1_2 fusion-one-half fusion-column-first\" style=\"--awb-bg-size:cover;width:48%; margin-right: 4%;\"><div class=\"fusion-column-wrapper fusion-flex-column-wrapper-legacy\"><div class=\"fusion-text fusion-text-1\"><p style=\"text-align: justify;\">\u2261<em>Clavaria gracilis<\/em>\u00a0Pers.,\u00a0<em>Comm. fung. clav.<\/em>\u00a0(Lipsiae): 50. 1797<\/p>\n<p style=\"text-align: justify;\">=<em>Clavaria fragrantissima<\/em>\u00a0G.F. Atk.,\u00a0<em>Annls mycol.<\/em>\u00a06(1): 57. 1908<br \/>\n =<em>Clavaria stricta<\/em> var. <em>alba<\/em>\u00a0Cotton &amp; Wakef.,\u00a0<em>Trans. Br. mycol. Soc.<\/em>\u00a06(2): 174. 1919 [1918]<\/p>\n<p style=\"text-align: justify;\"><em>Caracteres macrosc\u00f3picos<\/em>. Fructificaci\u00f3n de hasta 50 mm de altura y 60mm de anchura, en forma de arbolillo o coral, con la base radicante y que se prolonga con rizomorfos blancos y largos; ramificaciones erectas, divididas dos a dos, las terminaciones se subdividen varias veces y acaban en punta; ramificaciones de hasta x 3 mm de espesor. Superficie f\u00e9rtil lisa, que cubre todas las ramificaciones; de color blanquecino, despu\u00e9s ocr\u00e1ceas, sobre todo hacia la parte baja. Contexto un poco el\u00e1stico y tenaz, blanquecina; olor suavemente anisado y sabor un poco amarescente.<\/p>\n<p style=\"text-align: justify;\"><em>Caracteres microsc\u00f3picos<\/em>. Basidi\u00f3sporas de 5,0-7,0 x 3,0-4,0 \u03bcm \/ Q = 1,4-1,6; el\u00edpticas, finamente verrugosas, hialinas. Basidios de hasta 40 x 8 \u03bcm, claviformes, con cuatro esterigmas, juntas con f\u00edbulas. Sistema de hifas monom\u00edtico: hifas hasta x4 \u03bcm, con paredes delgadas, septadas, que se hinchan en los septos, juntas con f\u00edbulas.<\/p>\n<p style=\"text-align: justify;\"><em>Ecolog\u00eda<\/em>. En verano y oto\u00f1o en bosques de con\u00edferas, en el suelo o sobre restos muy degradados de madera. <em>Distribuci\u00f3n<\/em>. Poco frecuente.<\/p>\n<p style=\"text-align: justify;\">\n<\/div><div class=\"fusion-clearfix\"><\/div><\/div><\/div><div class=\"fusion-layout-column fusion_builder_column fusion-builder-column-1 fusion_builder_column_1_2 1_2 fusion-one-half fusion-column-last\" style=\"--awb-bg-size:cover;width:48%;\"><div class=\"fusion-column-wrapper fusion-flex-column-wrapper-legacy\"><div class=\"fusion-image-element in-legacy-container\" style=\"--awb-caption-title-font-family:var(--h2_typography-font-family);--awb-caption-title-font-weight:var(--h2_typography-font-weight);--awb-caption-title-font-style:var(--h2_typography-font-style);--awb-caption-title-size:var(--h2_typography-font-size);--awb-caption-title-transform:var(--h2_typography-text-transform);--awb-caption-title-line-height:var(--h2_typography-line-height);--awb-caption-title-letter-spacing:var(--h2_typography-letter-spacing);\"><span class=\" fusion-imageframe imageframe-none imageframe-1 hover-type-none\"><img loading=\"lazy\" decoding=\"async\" width=\"1606\" height=\"1139\" title=\"Ramaria gracilis_20161001_2015\" src=\"https:\/\/micologica-barakaldo.org\/wp-content\/uploads\/2020\/08\/Ramaria-gracilis_20161001_2015.jpg\" alt class=\"img-responsive wp-image-8703\" srcset=\"https:\/\/micologica-barakaldo.org\/wp-content\/uploads\/2020\/08\/Ramaria-gracilis_20161001_2015-200x142.jpg 200w, https:\/\/micologica-barakaldo.org\/wp-content\/uploads\/2020\/08\/Ramaria-gracilis_20161001_2015-400x284.jpg 400w, https:\/\/micologica-barakaldo.org\/wp-content\/uploads\/2020\/08\/Ramaria-gracilis_20161001_2015-600x426.jpg 600w, https:\/\/micologica-barakaldo.org\/wp-content\/uploads\/2020\/08\/Ramaria-gracilis_20161001_2015-800x567.jpg 800w, https:\/\/micologica-barakaldo.org\/wp-content\/uploads\/2020\/08\/Ramaria-gracilis_20161001_2015-1200x851.jpg 1200w, https:\/\/micologica-barakaldo.org\/wp-content\/uploads\/2020\/08\/Ramaria-gracilis_20161001_2015.jpg 1606w\" sizes=\"auto, (max-width: 1024px) 100vw, 800px\" \/><\/span><\/div><div class=\"fusion-clearfix\"><\/div><\/div><\/div><div class=\"fusion-layout-column fusion_builder_column fusion-builder-column-2 fusion_builder_column_1_1 1_1 fusion-one-full fusion-column-first fusion-column-last\" style=\"--awb-padding-top:40px;--awb-bg-size:cover;\"><div class=\"fusion-column-wrapper fusion-flex-column-wrapper-legacy\"><div class=\"fusion-aligncenter\"><a class=\"fusion-button button-flat button-xlarge button-default fusion-button-default button-1 fusion-button-default-span fusion-button-default-type\" target=\"_self\" href=\"https:\/\/micologica-barakaldo.org\/wp-content\/uploads\/2020\/12\/Ramaria-gracilis.pdf\"><i class=\" fa fa-file-pdf-o awb-button__icon awb-button__icon--default button-icon-left\" aria-hidden=\"true\"><\/i><span class=\"fusion-button-text awb-button__text awb-button__text--default\">VER FICHA COMPLETA<\/span><\/a><\/div><div class=\"fusion-clearfix\"><\/div><\/div><\/div><\/div><\/div>\n","protected":false},"excerpt":{"rendered":"","protected":false},"author":2,"featured_media":3853,"comment_status":"open","ping_status":"closed","sticky":false,"template":"","format":"standard","meta":{"footnotes":"","jetpack_publicize_message":"","jetpack_publicize_feature_enabled":true,"jetpack_social_post_already_shared":true,"jetpack_social_options":{"image_generator_settings":{"template":"highway","default_image_id":0,"font":"","enabled":false},"version":2}},"categories":[6,45],"tags":[],"class_list":["post-3855","post","type-post","status-publish","format-standard","has-post-thumbnail","hentry","category-fichas-micologicas","category-fichas-micologicas-setas-r"],"jetpack_publicize_connections":[],"jetpack_featured_media_url":"https:\/\/micologica-barakaldo.org\/wp-content\/uploads\/2020\/08\/Ramaria-gracilis_20161001_2015.jpg","jetpack_shortlink":"https:\/\/wp.me\/p9dTSQ-10b","_links":{"self":[{"href":"https:\/\/micologica-barakaldo.org\/eu\/wp-json\/wp\/v2\/posts\/3855","targetHints":{"allow":["GET"]}}],"collection":[{"href":"https:\/\/micologica-barakaldo.org\/eu\/wp-json\/wp\/v2\/posts"}],"about":[{"href":"https:\/\/micologica-barakaldo.org\/eu\/wp-json\/wp\/v2\/types\/post"}],"author":[{"embeddable":true,"href":"https:\/\/micologica-barakaldo.org\/eu\/wp-json\/wp\/v2\/users\/2"}],"replies":[{"embeddable":true,"href":"https:\/\/micologica-barakaldo.org\/eu\/wp-json\/wp\/v2\/comments?post=3855"}],"version-history":[{"count":2,"href":"https:\/\/micologica-barakaldo.org\/eu\/wp-json\/wp\/v2\/posts\/3855\/revisions"}],"predecessor-version":[{"id":4826,"href":"https:\/\/micologica-barakaldo.org\/eu\/wp-json\/wp\/v2\/posts\/3855\/revisions\/4826"}],"wp:featuredmedia":[{"embeddable":true,"href":"https:\/\/micologica-barakaldo.org\/eu\/wp-json\/wp\/v2\/media\/3853"}],"wp:attachment":[{"href":"https:\/\/micologica-barakaldo.org\/eu\/wp-json\/wp\/v2\/media?parent=3855"}],"wp:term":[{"taxonomy":"category","embeddable":true,"href":"https:\/\/micologica-barakaldo.org\/eu\/wp-json\/wp\/v2\/categories?post=3855"},{"taxonomy":"post_tag","embeddable":true,"href":"https:\/\/micologica-barakaldo.org\/eu\/wp-json\/wp\/v2\/tags?post=3855"}],"curies":[{"name":"wp","href":"https:\/\/api.w.org\/{rel}","templated":true}]}}