{"id":3980,"date":"2020-08-26T19:19:30","date_gmt":"2020-08-26T18:19:30","guid":{"rendered":"https:\/\/micologica-barakaldo.org\/?p=3980"},"modified":"2020-12-18T19:18:36","modified_gmt":"2020-12-18T18:18:36","slug":"mycena-rosella","status":"publish","type":"post","link":"https:\/\/micologica-barakaldo.org\/eu\/mycena-rosella\/","title":{"rendered":"Mycena rosella"},"content":{"rendered":"<div class=\"fusion-fullwidth fullwidth-box fusion-builder-row-1 nonhundred-percent-fullwidth non-hundred-percent-height-scrolling\" style=\"--awb-border-radius-top-left:0px;--awb-border-radius-top-right:0px;--awb-border-radius-bottom-right:0px;--awb-border-radius-bottom-left:0px;--awb-padding-bottom:50px;--awb-flex-wrap:wrap;\" ><div class=\"fusion-builder-row fusion-row\"><div class=\"fusion-layout-column fusion_builder_column fusion-builder-column-0 fusion_builder_column_1_2 1_2 fusion-one-half fusion-column-first\" style=\"--awb-bg-size:cover;width:48%; margin-right: 4%;\"><div class=\"fusion-column-wrapper fusion-flex-column-wrapper-legacy\"><div class=\"fusion-text fusion-text-1\"><p style=\"text-align: justify;\"><em>Caracteres macrosc\u00f3picos<\/em>. P\u00edleo de hasta 20mm de di\u00e1metro, primero c\u00f3nico o c\u00f3nico-acampanado, despu\u00e9s plano convexo a extendido, con un peque\u00f1o umb\u00f3n bajo; margen muy delgado, agudo; superficie pileica, glabra, brillante en tiempo h\u00famedo, estriado por transparencia, de color rosa oscuro, rosa carne, rosa marr\u00f3n. L\u00e1minas espaciadas, estrechas, con numerosas lam\u00e9lulas, ventricosas, adnatas o decurrentes por un diente, de color rosa p\u00e1lido, rosa carne; arista entera, rojo oscuro. Est\u00edpite de hasta 70 x 2 mm, filiforme, flexuoso, glabro, viscido en tiempo h\u00famedo, hueco, finamente estriado verticalmente, de color rosa p\u00e1lido, rosa marr\u00f3n p\u00e1lido, base cubierta de abundantes pelillos blanquecinos. Contexto escaso, concolor al p\u00edleo, olor poco destacable, sabor un poco acidulado.<\/p>\n<p style=\"text-align: justify;\"><em>Caracteres microsc\u00f3picos<\/em>. Basidi\u00f3sporas de 8,0-10,0 x 4,0-5,0 \u00b5m \/ Q = 1,8-2,5; el\u00edptico alargadas, cilindr\u00e1ceas, hialinas, gutuladas, amiloides. Basidios de hasta 35 x 9 \u00b5m, tetrasp\u00f3ricos, claviformes. Queilocistidios de hasta 75 x 25 \u00b5m, claviformes, subpiriformes, recubiertos de divert\u00edculos simples o ramificados. Pleurocistidios de 60 x 15 \u00b5m, fusiformes, lageniformes, con contenido rosado. Stipipellis con hifas externas de hasta x6 \u00b5m, cil\u00edndricas, con peque\u00f1os divert\u00edculos o protuberancias coralloides, terminaciones cil\u00edndricas o engrosadas, pigmentadas de rojo vinoso. Pileipellis formada por una capa de hifas tumbadas de hasta x10\u00b5m, terminadas en elementos engrosados, cubiertas de finas y peque\u00f1os divert\u00edculos o protuberancias coralloides, con contenido marr\u00f3n, juntas con f\u00edbulas.<\/p>\n<p style=\"text-align: justify;\"><em>Ecolog\u00eda<\/em>. En verano y oto\u00f1o, en bosques de con\u00edferas (<em>Abies, Pinus, Picea<\/em>) en grandes grupos sobre el musgo o sobre agujas en descomposici\u00f3n. <em>Distribuci\u00f3n<\/em>. Poco com\u00fan.<\/p>\n<\/div><div class=\"fusion-clearfix\"><\/div><\/div><\/div><div class=\"fusion-layout-column fusion_builder_column fusion-builder-column-1 fusion_builder_column_1_2 1_2 fusion-one-half fusion-column-last\" style=\"--awb-bg-size:cover;width:48%;\"><div class=\"fusion-column-wrapper fusion-flex-column-wrapper-legacy\"><div class=\"fusion-image-element in-legacy-container\" style=\"--awb-caption-title-font-family:var(--h2_typography-font-family);--awb-caption-title-font-weight:var(--h2_typography-font-weight);--awb-caption-title-font-style:var(--h2_typography-font-style);--awb-caption-title-size:var(--h2_typography-font-size);--awb-caption-title-transform:var(--h2_typography-text-transform);--awb-caption-title-line-height:var(--h2_typography-line-height);--awb-caption-title-letter-spacing:var(--h2_typography-letter-spacing);\"><span class=\" fusion-imageframe imageframe-none imageframe-1 hover-type-none\"><img loading=\"lazy\" decoding=\"async\" width=\"1024\" height=\"710\" title=\"Mycena rosella_20121026_10162 copia 2\" src=\"https:\/\/micologica-barakaldo.org\/wp-content\/uploads\/2020\/08\/Mycena-rosella_20121026_10162-copia-2.jpg\" alt class=\"img-responsive wp-image-8743\" srcset=\"https:\/\/micologica-barakaldo.org\/wp-content\/uploads\/2020\/08\/Mycena-rosella_20121026_10162-copia-2-200x139.jpg 200w, https:\/\/micologica-barakaldo.org\/wp-content\/uploads\/2020\/08\/Mycena-rosella_20121026_10162-copia-2-400x277.jpg 400w, https:\/\/micologica-barakaldo.org\/wp-content\/uploads\/2020\/08\/Mycena-rosella_20121026_10162-copia-2-600x416.jpg 600w, https:\/\/micologica-barakaldo.org\/wp-content\/uploads\/2020\/08\/Mycena-rosella_20121026_10162-copia-2-800x555.jpg 800w, https:\/\/micologica-barakaldo.org\/wp-content\/uploads\/2020\/08\/Mycena-rosella_20121026_10162-copia-2.jpg 1024w\" sizes=\"auto, (max-width: 1024px) 100vw, 800px\" \/><\/span><\/div><div class=\"fusion-clearfix\"><\/div><\/div><\/div><div class=\"fusion-layout-column fusion_builder_column fusion-builder-column-2 fusion_builder_column_1_1 1_1 fusion-one-full fusion-column-first fusion-column-last\" style=\"--awb-padding-top:40px;--awb-bg-size:cover;\"><div class=\"fusion-column-wrapper fusion-flex-column-wrapper-legacy\"><div class=\"fusion-aligncenter\"><a class=\"fusion-button button-flat button-xlarge button-default fusion-button-default button-1 fusion-button-default-span fusion-button-default-type\" target=\"_self\" href=\"https:\/\/micologica-barakaldo.org\/wp-content\/uploads\/2020\/12\/Mycena-rosella.pdf\"><i class=\" fa fa-file-pdf-o awb-button__icon awb-button__icon--default button-icon-left\" aria-hidden=\"true\"><\/i><span class=\"fusion-button-text awb-button__text awb-button__text--default\">VER FICHA COMPLETA<\/span><\/a><\/div><div class=\"fusion-clearfix\"><\/div><\/div><\/div><\/div><\/div>\n","protected":false},"excerpt":{"rendered":"","protected":false},"author":2,"featured_media":3979,"comment_status":"open","ping_status":"closed","sticky":false,"template":"","format":"standard","meta":{"footnotes":"","jetpack_publicize_message":"","jetpack_publicize_feature_enabled":true,"jetpack_social_post_already_shared":true,"jetpack_social_options":{"image_generator_settings":{"template":"highway","default_image_id":0,"font":"","enabled":false},"version":2}},"categories":[6,40],"tags":[],"class_list":["post-3980","post","type-post","status-publish","format-standard","has-post-thumbnail","hentry","category-fichas-micologicas","category-fichas-micologicas-setas-m"],"jetpack_publicize_connections":[],"jetpack_featured_media_url":"https:\/\/micologica-barakaldo.org\/wp-content\/uploads\/2020\/08\/Mycena-rosella_20121026_10162-copia-2.jpg","jetpack_shortlink":"https:\/\/wp.me\/p9dTSQ-12c","_links":{"self":[{"href":"https:\/\/micologica-barakaldo.org\/eu\/wp-json\/wp\/v2\/posts\/3980","targetHints":{"allow":["GET"]}}],"collection":[{"href":"https:\/\/micologica-barakaldo.org\/eu\/wp-json\/wp\/v2\/posts"}],"about":[{"href":"https:\/\/micologica-barakaldo.org\/eu\/wp-json\/wp\/v2\/types\/post"}],"author":[{"embeddable":true,"href":"https:\/\/micologica-barakaldo.org\/eu\/wp-json\/wp\/v2\/users\/2"}],"replies":[{"embeddable":true,"href":"https:\/\/micologica-barakaldo.org\/eu\/wp-json\/wp\/v2\/comments?post=3980"}],"version-history":[{"count":2,"href":"https:\/\/micologica-barakaldo.org\/eu\/wp-json\/wp\/v2\/posts\/3980\/revisions"}],"predecessor-version":[{"id":4816,"href":"https:\/\/micologica-barakaldo.org\/eu\/wp-json\/wp\/v2\/posts\/3980\/revisions\/4816"}],"wp:featuredmedia":[{"embeddable":true,"href":"https:\/\/micologica-barakaldo.org\/eu\/wp-json\/wp\/v2\/media\/3979"}],"wp:attachment":[{"href":"https:\/\/micologica-barakaldo.org\/eu\/wp-json\/wp\/v2\/media?parent=3980"}],"wp:term":[{"taxonomy":"category","embeddable":true,"href":"https:\/\/micologica-barakaldo.org\/eu\/wp-json\/wp\/v2\/categories?post=3980"},{"taxonomy":"post_tag","embeddable":true,"href":"https:\/\/micologica-barakaldo.org\/eu\/wp-json\/wp\/v2\/tags?post=3980"}],"curies":[{"name":"wp","href":"https:\/\/api.w.org\/{rel}","templated":true}]}}