{"id":4070,"date":"2020-09-08T17:12:33","date_gmt":"2020-09-08T16:12:33","guid":{"rendered":"https:\/\/micologica-barakaldo.org\/?p=4070"},"modified":"2020-12-16T22:06:55","modified_gmt":"2020-12-16T21:06:55","slug":"pseudolaccaria-pachyphylla","status":"publish","type":"post","link":"https:\/\/micologica-barakaldo.org\/eu\/pseudolaccaria-pachyphylla\/","title":{"rendered":"Pseudolaccaria pachyphylla"},"content":{"rendered":"<div class=\"fusion-fullwidth fullwidth-box fusion-builder-row-1 nonhundred-percent-fullwidth non-hundred-percent-height-scrolling\" style=\"--awb-border-radius-top-left:0px;--awb-border-radius-top-right:0px;--awb-border-radius-bottom-right:0px;--awb-border-radius-bottom-left:0px;--awb-padding-bottom:50px;--awb-flex-wrap:wrap;\" ><div class=\"fusion-builder-row fusion-row\"><div class=\"fusion-layout-column fusion_builder_column fusion-builder-column-0 fusion_builder_column_1_2 1_2 fusion-one-half fusion-column-first\" style=\"--awb-bg-size:cover;width:48%; margin-right: 4%;\"><div class=\"fusion-column-wrapper fusion-flex-column-wrapper-legacy\"><div class=\"fusion-text fusion-text-1\"><p style=\"text-align: justify;\">\u2261<em>Clitocybe pachyphylla<\/em>\u00a0(Fr.) Gillet,\u00a0Hym\u00e9nomyc\u00e8tes\u00a0(Alen\u00e7on): 169. 1874 [1878]<\/p>\n<p style=\"text-align: justify;\">\u2261<em>Omphalia pachyphylla<\/em>\u00a0(Fr.) Qu\u00e9l.,\u00a0Enchir. fung<em>.<\/em>\u00a0(Paris): 26. 1886<br \/>\n \u2261<em>Pseudoomphalina pachyphylla<\/em>\u00a0(Fr.) Knudsen,\u00a0Nordic Jl Bot<em>.<\/em>\u00a012(1): 76. 1992<\/p>\n<p style=\"text-align: justify;\"><em>Caracteres macrosc\u00f3picos<\/em>. P\u00edleo de hasta 35 mm de di\u00e1metro, primero convexo a plano convexo, m\u00e1s o menos umbilicado; margen un poco involuto, despu\u00e9s recto, delgado. Superficie pileica, mate, seco, no higr\u00f3fano, no estriado, con finas escamitas fibrillosas; de color ocre p\u00e1lido, ocre isabelino, m\u00e1s p\u00e1lido en tiempo seco. L\u00e1minas espaciadas, gruesas, adnatas o decurrentes por un diente, de color crema blanquecino; arista entera concolor. Est\u00edpite de hasta 40 x 3 mm, cartilaginoso, cil\u00edndrico, lleno, concolor con el p\u00edleo, blanquecino en la parte superior. Contexto escaso, higr\u00f3fano, blanquecino; olor fuerte, harinoso pero desagradable, sabor ligeramente harinoso.<\/p>\n<p style=\"text-align: justify;\"><em>Caracteres microsc\u00f3picos<\/em>. Basidi\u00f3sporas de 7,5-10,5 x 5,0-6,5 \u00b5m \/ Q = 1,3-1,8; el\u00edpticas u ovales, lisas, cian\u00f3filas, hialinas. Basidios 45 x 12 \u00b5m, tetrasp\u00f3ricos, juntas con f\u00edbulas. Arista laminar f\u00e9rtil. Queilocistidios ausentes. Pileipellis formada por un cutis de hifas cil\u00edndricas, m\u00e1s o menos paralelas, estrechas de hasta x8 \u00b5m, con pigmento intracelular, juntas con f\u00edbulas.<\/p>\n<p style=\"text-align: justify;\"><em>Ecolog\u00eda<\/em>. En verano y oto\u00f1o, en claros de bosques (frondosas y con\u00edferas), en zonas herbosas. <em>Distribuci\u00f3n<\/em>. Muy raro.<\/p>\n<p style=\"text-align: justify;\">\n<\/div><div class=\"fusion-clearfix\"><\/div><\/div><\/div><div class=\"fusion-layout-column fusion_builder_column fusion-builder-column-1 fusion_builder_column_1_2 1_2 fusion-one-half fusion-column-last\" style=\"--awb-bg-size:cover;width:48%;\"><div class=\"fusion-column-wrapper fusion-flex-column-wrapper-legacy\"><div class=\"fusion-image-element in-legacy-container\" style=\"--awb-caption-title-font-family:var(--h2_typography-font-family);--awb-caption-title-font-weight:var(--h2_typography-font-weight);--awb-caption-title-font-style:var(--h2_typography-font-style);--awb-caption-title-size:var(--h2_typography-font-size);--awb-caption-title-transform:var(--h2_typography-text-transform);--awb-caption-title-line-height:var(--h2_typography-line-height);--awb-caption-title-letter-spacing:var(--h2_typography-letter-spacing);\"><span class=\" fusion-imageframe imageframe-none imageframe-1 hover-type-none\"><img loading=\"lazy\" decoding=\"async\" width=\"1024\" height=\"698\" title=\"Pseudoomphalina pachyphylla_20130817_13141\" src=\"https:\/\/micologica-barakaldo.org\/wp-content\/uploads\/2020\/09\/Pseudoomphalina-pachyphylla_20130817_13141.jpg\" alt class=\"img-responsive wp-image-8785\" srcset=\"https:\/\/micologica-barakaldo.org\/wp-content\/uploads\/2020\/09\/Pseudoomphalina-pachyphylla_20130817_13141-200x136.jpg 200w, https:\/\/micologica-barakaldo.org\/wp-content\/uploads\/2020\/09\/Pseudoomphalina-pachyphylla_20130817_13141-400x273.jpg 400w, https:\/\/micologica-barakaldo.org\/wp-content\/uploads\/2020\/09\/Pseudoomphalina-pachyphylla_20130817_13141-600x409.jpg 600w, https:\/\/micologica-barakaldo.org\/wp-content\/uploads\/2020\/09\/Pseudoomphalina-pachyphylla_20130817_13141-800x545.jpg 800w, https:\/\/micologica-barakaldo.org\/wp-content\/uploads\/2020\/09\/Pseudoomphalina-pachyphylla_20130817_13141.jpg 1024w\" sizes=\"auto, (max-width: 1024px) 100vw, 800px\" \/><\/span><\/div><div class=\"fusion-clearfix\"><\/div><\/div><\/div><div class=\"fusion-layout-column fusion_builder_column fusion-builder-column-2 fusion_builder_column_1_1 1_1 fusion-one-full fusion-column-first fusion-column-last\" style=\"--awb-padding-top:40px;--awb-bg-size:cover;\"><div class=\"fusion-column-wrapper fusion-flex-column-wrapper-legacy\"><div class=\"fusion-aligncenter\"><a class=\"fusion-button button-flat button-xlarge button-default fusion-button-default button-1 fusion-button-default-span fusion-button-default-type\" target=\"_self\" href=\"https:\/\/micologica-barakaldo.org\/wp-content\/uploads\/2020\/12\/Pseudolaccaria-pachyphylla.pdf\"><i class=\" fa fa-file-pdf-o awb-button__icon awb-button__icon--default button-icon-left\" aria-hidden=\"true\"><\/i><span class=\"fusion-button-text awb-button__text awb-button__text--default\">VER FICHA COMPLETA<\/span><\/a><\/div><div class=\"fusion-clearfix\"><\/div><\/div><\/div><\/div><\/div>\n","protected":false},"excerpt":{"rendered":"","protected":false},"author":2,"featured_media":4126,"comment_status":"open","ping_status":"closed","sticky":false,"template":"","format":"standard","meta":{"footnotes":"","jetpack_publicize_message":"","jetpack_publicize_feature_enabled":true,"jetpack_social_post_already_shared":true,"jetpack_social_options":{"image_generator_settings":{"template":"highway","default_image_id":0,"font":"","enabled":false},"version":2}},"categories":[6,43],"tags":[],"class_list":["post-4070","post","type-post","status-publish","format-standard","has-post-thumbnail","hentry","category-fichas-micologicas","category-fichas-micologicas-setas-p"],"jetpack_publicize_connections":[],"jetpack_featured_media_url":"https:\/\/micologica-barakaldo.org\/wp-content\/uploads\/2020\/09\/Pseudoomphalina-pachyphylla_20130817_13141.jpg","jetpack_shortlink":"https:\/\/wp.me\/p9dTSQ-13E","_links":{"self":[{"href":"https:\/\/micologica-barakaldo.org\/eu\/wp-json\/wp\/v2\/posts\/4070","targetHints":{"allow":["GET"]}}],"collection":[{"href":"https:\/\/micologica-barakaldo.org\/eu\/wp-json\/wp\/v2\/posts"}],"about":[{"href":"https:\/\/micologica-barakaldo.org\/eu\/wp-json\/wp\/v2\/types\/post"}],"author":[{"embeddable":true,"href":"https:\/\/micologica-barakaldo.org\/eu\/wp-json\/wp\/v2\/users\/2"}],"replies":[{"embeddable":true,"href":"https:\/\/micologica-barakaldo.org\/eu\/wp-json\/wp\/v2\/comments?post=4070"}],"version-history":[{"count":2,"href":"https:\/\/micologica-barakaldo.org\/eu\/wp-json\/wp\/v2\/posts\/4070\/revisions"}],"predecessor-version":[{"id":4799,"href":"https:\/\/micologica-barakaldo.org\/eu\/wp-json\/wp\/v2\/posts\/4070\/revisions\/4799"}],"wp:featuredmedia":[{"embeddable":true,"href":"https:\/\/micologica-barakaldo.org\/eu\/wp-json\/wp\/v2\/media\/4126"}],"wp:attachment":[{"href":"https:\/\/micologica-barakaldo.org\/eu\/wp-json\/wp\/v2\/media?parent=4070"}],"wp:term":[{"taxonomy":"category","embeddable":true,"href":"https:\/\/micologica-barakaldo.org\/eu\/wp-json\/wp\/v2\/categories?post=4070"},{"taxonomy":"post_tag","embeddable":true,"href":"https:\/\/micologica-barakaldo.org\/eu\/wp-json\/wp\/v2\/tags?post=4070"}],"curies":[{"name":"wp","href":"https:\/\/api.w.org\/{rel}","templated":true}]}}