{"id":4071,"date":"2020-09-05T20:15:31","date_gmt":"2020-09-05T19:15:31","guid":{"rendered":"https:\/\/micologica-barakaldo.org\/?p=4071"},"modified":"2020-12-16T22:19:57","modified_gmt":"2020-12-16T21:19:57","slug":"lactarius-quieticolor","status":"publish","type":"post","link":"https:\/\/micologica-barakaldo.org\/eu\/lactarius-quieticolor\/","title":{"rendered":"Lactarius quieticolor"},"content":{"rendered":"<div class=\"fusion-fullwidth fullwidth-box fusion-builder-row-1 nonhundred-percent-fullwidth non-hundred-percent-height-scrolling\" style=\"--awb-border-radius-top-left:0px;--awb-border-radius-top-right:0px;--awb-border-radius-bottom-right:0px;--awb-border-radius-bottom-left:0px;--awb-padding-bottom:50px;--awb-flex-wrap:wrap;\" ><div class=\"fusion-builder-row fusion-row\"><div class=\"fusion-layout-column fusion_builder_column fusion-builder-column-0 fusion_builder_column_1_2 1_2 fusion-one-half fusion-column-first\" style=\"--awb-bg-size:cover;width:48%; margin-right: 4%;\"><div class=\"fusion-column-wrapper fusion-flex-column-wrapper-legacy\"><div class=\"fusion-text fusion-text-1\"><p style=\"text-align: justify;\"><em>Caracteres macrosc\u00f3picos<\/em>. P\u00edleo de hasta 60 mm de di\u00e1metro, inicialmente extendido y deprimido o umbilicado al centro, margen largo tiempo incurvado, delgado, liso y agudo, superficie pil\u00e9ica muy poco separable, viscidula en tiempo h\u00famedo, brillante, zonada, de color naranja oscuro, tomando tonos ocres en la madurez, gris-azulado, finalmente gris pardo marr\u00f3n anaranjado. L\u00e1minas apretadas, estrechas, con numerosas lam\u00e9lulas, adnatas, despu\u00e9s adnato-decurrentes, naranja vivo al principio, m\u00e1s oscuras en la madurez, se manchan de verde oscuro por zonas, arista aguda, entera y algo m\u00e1s clara. Est\u00edpite de hasta 70 x 20 mm, cil\u00edndrico, un poco m\u00e1s ancho hacia la base, primero lleno, despu\u00e9s hueco y fistuloso en la madurez, poco o nada escrobiculado, de color del p\u00edleo, pero m\u00e1s claro. Contexto espeso, quebradizo, pronto esponjoso, anaranjado vivo hacia el cortex que, en unos minutos, se vuelve pardo vinoso; olor un poco afrutado, sabor dulce ligeramente amargo en unos minutos, l\u00e1tex abundante, naranja vivo, que, en unos minutos, se vuelve pardo vinoso, verdoso al secarse, sabor dulce, tard\u00edamente acre.<\/p>\n<p style=\"text-align: justify;\"><em>Caracteres microsc\u00f3picos<\/em>. Basidi\u00f3sporas de 7,0-9,0 x 6,0-7,5 \u00b5m \/ Q = 1,1-1,5, subglobosas a anchamente elipsoidales, con gruesa ap\u00edcula, con verrugas de densidad moderada, de hasta x 0,6\u00b5m, m\u00e1s o menos gruesas conectados con conectivos finos, formando un ret\u00edculo incompleto. Esporada ocre p\u00e1lido. Macrocistidios de hasta 60 x 1o \u00b5m, poco abundantes, fusiformes, con el \u00e1pice alargado. Pileipellis formada por un cutis subgelificado, formada por hifas filamentosas, con art\u00edculos terminales m\u00e1s o menos entremezclados y levantados, cil\u00edndricos, de hasta x7 \u00b5m.<\/p>\n<p style=\"text-align: justify;\"><em>Ecolog\u00eda<\/em>. En verano y principios de oto\u00f1o, en bosques pinos (<em>Pinus sp<\/em>.) en suelos \u00e1cidos. <em>Distribuci\u00f3n<\/em>. Frecuente.<\/p>\n<\/div><div class=\"fusion-clearfix\"><\/div><\/div><\/div><div class=\"fusion-layout-column fusion_builder_column fusion-builder-column-1 fusion_builder_column_1_2 1_2 fusion-one-half fusion-column-last\" style=\"--awb-bg-size:cover;width:48%;\"><div class=\"fusion-column-wrapper fusion-flex-column-wrapper-legacy\"><div class=\"fusion-image-element in-legacy-container\" style=\"--awb-caption-title-font-family:var(--h2_typography-font-family);--awb-caption-title-font-weight:var(--h2_typography-font-weight);--awb-caption-title-font-style:var(--h2_typography-font-style);--awb-caption-title-size:var(--h2_typography-font-size);--awb-caption-title-transform:var(--h2_typography-text-transform);--awb-caption-title-line-height:var(--h2_typography-line-height);--awb-caption-title-letter-spacing:var(--h2_typography-letter-spacing);\"><span class=\" fusion-imageframe imageframe-none imageframe-1 hover-type-none\"><img loading=\"lazy\" decoding=\"async\" width=\"1024\" height=\"716\" title=\"Lactarius quieticolor_2018102606_3828\" src=\"https:\/\/micologica-barakaldo.org\/wp-content\/uploads\/2020\/09\/Lactarius-quieticolor_2018102606_3828.jpg\" alt class=\"img-responsive wp-image-8762\" srcset=\"https:\/\/micologica-barakaldo.org\/wp-content\/uploads\/2020\/09\/Lactarius-quieticolor_2018102606_3828-200x140.jpg 200w, https:\/\/micologica-barakaldo.org\/wp-content\/uploads\/2020\/09\/Lactarius-quieticolor_2018102606_3828-400x280.jpg 400w, https:\/\/micologica-barakaldo.org\/wp-content\/uploads\/2020\/09\/Lactarius-quieticolor_2018102606_3828-600x420.jpg 600w, https:\/\/micologica-barakaldo.org\/wp-content\/uploads\/2020\/09\/Lactarius-quieticolor_2018102606_3828-800x559.jpg 800w, https:\/\/micologica-barakaldo.org\/wp-content\/uploads\/2020\/09\/Lactarius-quieticolor_2018102606_3828.jpg 1024w\" sizes=\"auto, (max-width: 1024px) 100vw, 800px\" \/><\/span><\/div><div class=\"fusion-clearfix\"><\/div><\/div><\/div><div class=\"fusion-layout-column fusion_builder_column fusion-builder-column-2 fusion_builder_column_1_1 1_1 fusion-one-full fusion-column-first fusion-column-last\" style=\"--awb-padding-top:40px;--awb-bg-size:cover;\"><div class=\"fusion-column-wrapper fusion-flex-column-wrapper-legacy\"><div class=\"fusion-aligncenter\"><a class=\"fusion-button button-flat button-xlarge button-default fusion-button-default button-1 fusion-button-default-span fusion-button-default-type\" target=\"_self\" href=\"https:\/\/micologica-barakaldo.org\/wp-content\/uploads\/2020\/12\/Lactarius-quieticolor.pdf\"><i class=\" fa fa-file-pdf-o awb-button__icon awb-button__icon--default button-icon-left\" aria-hidden=\"true\"><\/i><span class=\"fusion-button-text awb-button__text awb-button__text--default\">VER FICHA COMPLETA<\/span><\/a><\/div><div class=\"fusion-clearfix\"><\/div><\/div><\/div><\/div><\/div>\n","protected":false},"excerpt":{"rendered":"","protected":false},"author":2,"featured_media":4051,"comment_status":"open","ping_status":"closed","sticky":false,"template":"","format":"standard","meta":{"footnotes":"","jetpack_publicize_message":"","jetpack_publicize_feature_enabled":true,"jetpack_social_post_already_shared":true,"jetpack_social_options":{"image_generator_settings":{"template":"highway","default_image_id":0,"font":"","enabled":false},"version":2}},"categories":[6,39],"tags":[],"class_list":["post-4071","post","type-post","status-publish","format-standard","has-post-thumbnail","hentry","category-fichas-micologicas","category-fichas-micologicas-setas-l"],"jetpack_publicize_connections":[],"jetpack_featured_media_url":"https:\/\/micologica-barakaldo.org\/wp-content\/uploads\/2020\/09\/Lactarius-quieticolor_2018102606_3828.jpg","jetpack_shortlink":"https:\/\/wp.me\/p9dTSQ-13F","_links":{"self":[{"href":"https:\/\/micologica-barakaldo.org\/eu\/wp-json\/wp\/v2\/posts\/4071","targetHints":{"allow":["GET"]}}],"collection":[{"href":"https:\/\/micologica-barakaldo.org\/eu\/wp-json\/wp\/v2\/posts"}],"about":[{"href":"https:\/\/micologica-barakaldo.org\/eu\/wp-json\/wp\/v2\/types\/post"}],"author":[{"embeddable":true,"href":"https:\/\/micologica-barakaldo.org\/eu\/wp-json\/wp\/v2\/users\/2"}],"replies":[{"embeddable":true,"href":"https:\/\/micologica-barakaldo.org\/eu\/wp-json\/wp\/v2\/comments?post=4071"}],"version-history":[{"count":2,"href":"https:\/\/micologica-barakaldo.org\/eu\/wp-json\/wp\/v2\/posts\/4071\/revisions"}],"predecessor-version":[{"id":4802,"href":"https:\/\/micologica-barakaldo.org\/eu\/wp-json\/wp\/v2\/posts\/4071\/revisions\/4802"}],"wp:featuredmedia":[{"embeddable":true,"href":"https:\/\/micologica-barakaldo.org\/eu\/wp-json\/wp\/v2\/media\/4051"}],"wp:attachment":[{"href":"https:\/\/micologica-barakaldo.org\/eu\/wp-json\/wp\/v2\/media?parent=4071"}],"wp:term":[{"taxonomy":"category","embeddable":true,"href":"https:\/\/micologica-barakaldo.org\/eu\/wp-json\/wp\/v2\/categories?post=4071"},{"taxonomy":"post_tag","embeddable":true,"href":"https:\/\/micologica-barakaldo.org\/eu\/wp-json\/wp\/v2\/tags?post=4071"}],"curies":[{"name":"wp","href":"https:\/\/api.w.org\/{rel}","templated":true}]}}