{"id":4133,"date":"2020-09-09T21:23:10","date_gmt":"2020-09-09T20:23:10","guid":{"rendered":"https:\/\/micologica-barakaldo.org\/?p=4133"},"modified":"2020-09-09T21:24:59","modified_gmt":"2020-09-09T20:24:59","slug":"lunes-micologicos-asesoramiento-a-aficionados","status":"publish","type":"post","link":"https:\/\/micologica-barakaldo.org\/eu\/lunes-micologicos-asesoramiento-a-aficionados\/","title":{"rendered":"Lunes micol\u00f3gicos &#8211; Asesoramiento a aficionados"},"content":{"rendered":"<p style=\"text-align: justify;\">Como es habitual en los \u00faltimos a\u00f1os, con el inicio de la temporada de setas nuestro servicio de asesoramiento a los aficionados se ha venido realizando de forma ininterrumpida todos los lunes en nuestros locales desde hace muchos a\u00f1os. Pero lamentablemente, este a\u00f1o y muy a nuestro pesar, debido a la situaci\u00f3n creada por el COVID-19 suspendemos temporalmente esta esta actividad de la forma presencial que conocemos.\u00a0 Pod\u00e9is dirigir vuestras consultas a nuestra direcci\u00f3n de correo (micologica@micologica-barakaldo.org) y en el menor tiempo posible intentaremos responder a vuestras consultas. Es importante indicar aquellos caracteres que no se pueden apreciar en una foto tales como el sabor, el olor, el color de la carne cuando se corta y despu\u00e9s de unos minutos (mejor foto) y el habitat en el que se ha efectuado la recolecta.<\/p>\n<p><img loading=\"lazy\" decoding=\"async\" class=\"wp-image-4132  aligncenter\" src=\"https:\/\/micologica-barakaldo.org\/wp-content\/uploads\/2020\/09\/cartel.jpg\" alt=\"\" width=\"723\" height=\"482\" srcset=\"https:\/\/micologica-barakaldo.org\/wp-content\/uploads\/2020\/09\/cartel-200x133.jpg 200w, https:\/\/micologica-barakaldo.org\/wp-content\/uploads\/2020\/09\/cartel-300x200.jpg 300w, https:\/\/micologica-barakaldo.org\/wp-content\/uploads\/2020\/09\/cartel-400x267.jpg 400w, https:\/\/micologica-barakaldo.org\/wp-content\/uploads\/2020\/09\/cartel-600x400.jpg 600w, https:\/\/micologica-barakaldo.org\/wp-content\/uploads\/2020\/09\/cartel-768x512.jpg 768w, https:\/\/micologica-barakaldo.org\/wp-content\/uploads\/2020\/09\/cartel-800x534.jpg 800w, https:\/\/micologica-barakaldo.org\/wp-content\/uploads\/2020\/09\/cartel-1200x800.jpg 1200w, https:\/\/micologica-barakaldo.org\/wp-content\/uploads\/2020\/09\/cartel.jpg 1204w\" sizes=\"auto, (max-width: 723px) 100vw, 723px\" \/><\/p>\n<p style=\"text-align: justify;\">Tan pronto podamos garantizar unas correctas medidas de seguridad os lo comunicaremos por este medio, pero muy probablemente no podamos recuperar esta actividad durante todo este a\u00f1o.<\/p>\n<p style=\"text-align: justify;\">En cuanto a la 45 Semana Micol\u00f3gica\u00a0 de Barakaldo para este a\u00f1o 2020, os informaremos en breve las decisi\u00f3n tomada sobre esta actividad (Exposici\u00f3n, Charlas y Talleres) que l\u00f3gicamente se ven muy afectadas por la situaci\u00f3n creada por la pandemia.<\/p>\n<p><img loading=\"lazy\" decoding=\"async\" class=\"wp-image-2403  aligncenter\" src=\"https:\/\/micologica-barakaldo.org\/wp-content\/uploads\/2018\/11\/IMG-20051.jpg\" alt=\"\" width=\"536\" height=\"402\" srcset=\"https:\/\/micologica-barakaldo.org\/wp-content\/uploads\/2018\/11\/IMG-20051-200x150.jpg 200w, https:\/\/micologica-barakaldo.org\/wp-content\/uploads\/2018\/11\/IMG-20051-300x225.jpg 300w, https:\/\/micologica-barakaldo.org\/wp-content\/uploads\/2018\/11\/IMG-20051-400x300.jpg 400w, https:\/\/micologica-barakaldo.org\/wp-content\/uploads\/2018\/11\/IMG-20051-600x450.jpg 600w, https:\/\/micologica-barakaldo.org\/wp-content\/uploads\/2018\/11\/IMG-20051-768x576.jpg 768w, https:\/\/micologica-barakaldo.org\/wp-content\/uploads\/2018\/11\/IMG-20051-800x600.jpg 800w, https:\/\/micologica-barakaldo.org\/wp-content\/uploads\/2018\/11\/IMG-20051-1024x768.jpg 1024w, https:\/\/micologica-barakaldo.org\/wp-content\/uploads\/2018\/11\/IMG-20051-1200x900.jpg 1200w, https:\/\/micologica-barakaldo.org\/wp-content\/uploads\/2018\/11\/IMG-20051.jpg 1632w\" sizes=\"auto, (max-width: 536px) 100vw, 536px\" \/><\/p>\n<p>&nbsp;<\/p>\n<p style=\"text-align: justify;\">\u00a0<\/p>\n","protected":false},"excerpt":{"rendered":"<p>Como es habitual en los \u00faltimos a\u00f1os, con el inicio de la temporada de setas  [&#8230;]<\/p>\n","protected":false},"author":2,"featured_media":4132,"comment_status":"open","ping_status":"closed","sticky":false,"template":"","format":"standard","meta":{"footnotes":"","jetpack_publicize_message":"","jetpack_publicize_feature_enabled":true,"jetpack_social_post_already_shared":true,"jetpack_social_options":{"image_generator_settings":{"template":"highway","default_image_id":0,"font":"","enabled":false},"version":2}},"categories":[7,1,27],"tags":[],"class_list":["post-4133","post","type-post","status-publish","format-standard","has-post-thumbnail","hentry","category-blog","category-sin-categorizar","category-temporada-de-setas"],"jetpack_publicize_connections":[],"jetpack_featured_media_url":"https:\/\/micologica-barakaldo.org\/wp-content\/uploads\/2020\/09\/cartel.jpg","jetpack_shortlink":"https:\/\/wp.me\/p9dTSQ-14F","_links":{"self":[{"href":"https:\/\/micologica-barakaldo.org\/eu\/wp-json\/wp\/v2\/posts\/4133","targetHints":{"allow":["GET"]}}],"collection":[{"href":"https:\/\/micologica-barakaldo.org\/eu\/wp-json\/wp\/v2\/posts"}],"about":[{"href":"https:\/\/micologica-barakaldo.org\/eu\/wp-json\/wp\/v2\/types\/post"}],"author":[{"embeddable":true,"href":"https:\/\/micologica-barakaldo.org\/eu\/wp-json\/wp\/v2\/users\/2"}],"replies":[{"embeddable":true,"href":"https:\/\/micologica-barakaldo.org\/eu\/wp-json\/wp\/v2\/comments?post=4133"}],"version-history":[{"count":2,"href":"https:\/\/micologica-barakaldo.org\/eu\/wp-json\/wp\/v2\/posts\/4133\/revisions"}],"predecessor-version":[{"id":4135,"href":"https:\/\/micologica-barakaldo.org\/eu\/wp-json\/wp\/v2\/posts\/4133\/revisions\/4135"}],"wp:featuredmedia":[{"embeddable":true,"href":"https:\/\/micologica-barakaldo.org\/eu\/wp-json\/wp\/v2\/media\/4132"}],"wp:attachment":[{"href":"https:\/\/micologica-barakaldo.org\/eu\/wp-json\/wp\/v2\/media?parent=4133"}],"wp:term":[{"taxonomy":"category","embeddable":true,"href":"https:\/\/micologica-barakaldo.org\/eu\/wp-json\/wp\/v2\/categories?post=4133"},{"taxonomy":"post_tag","embeddable":true,"href":"https:\/\/micologica-barakaldo.org\/eu\/wp-json\/wp\/v2\/tags?post=4133"}],"curies":[{"name":"wp","href":"https:\/\/api.w.org\/{rel}","templated":true}]}}