{"id":4239,"date":"2020-09-29T19:28:40","date_gmt":"2020-09-29T18:28:40","guid":{"rendered":"https:\/\/micologica-barakaldo.org\/?p=4239"},"modified":"2025-11-19T17:35:56","modified_gmt":"2025-11-19T16:35:56","slug":"amanita-vittadinii","status":"publish","type":"post","link":"https:\/\/micologica-barakaldo.org\/eu\/amanita-vittadinii\/","title":{"rendered":"Amanita vittadinii"},"content":{"rendered":"<div class=\"fusion-fullwidth fullwidth-box fusion-builder-row-1 nonhundred-percent-fullwidth non-hundred-percent-height-scrolling\" style=\"--awb-border-radius-top-left:0px;--awb-border-radius-top-right:0px;--awb-border-radius-bottom-right:0px;--awb-border-radius-bottom-left:0px;--awb-padding-bottom:50px;--awb-flex-wrap:wrap;\" ><div class=\"fusion-builder-row fusion-row\"><div class=\"fusion-layout-column fusion_builder_column fusion-builder-column-0 fusion_builder_column_1_2 1_2 fusion-one-half fusion-column-first\" style=\"--awb-bg-size:cover;width:48%; margin-right: 4%;\"><div class=\"fusion-column-wrapper fusion-flex-column-wrapper-legacy\"><div class=\"fusion-text fusion-text-1\"><p>&nbsp;<\/p>\n<p style=\"text-align: justify;\"><strong><em>Amanita vittadinii<\/em><\/strong><strong> (Moretti) Vittad<\/strong>., <em>Tent. mycol. Amanit. illustr.<\/em>: 31. 1826<\/p>\n<p style=\"text-align: justify;\">MycoBank: <span style=\"color: #3366ff;\"><a style=\"color: #3366ff;\" href=\"https:\/\/www.mycobank.org\/MB\/174636\">174636<\/a><\/span><\/p>\n<p style=\"text-align: justify;\">Caracteres macrosc\u00f3picos. <em>P\u00edleo<\/em> de hasta 180 mm de di\u00e1metro, primero hemisf\u00e9rico, despu\u00e9s convexo y finalmente plano-convexo; margen obtuso, regular y entero. Superficie lisa, separable, mate, desbordante en el margen; de color blanco o crema blanquecino; cubierto de abundantes y gruesas restos de velo general a modo de\u00a0\u00a0 escamas floconosas, adnatas, concoloras. <em>L\u00e1minas <\/em>libres, apretadas; de color blanco o crema-blanquecino. <em>Est\u00edpite<\/em> de hasta 150 x 25 mm, cilindr\u00e1ceo, adelgazado hacia la base e incluso radicante, blanco o blanco crema; ligeramente estriado por encima del anillo cubierto de numerosas y gruesas escamas en la parte inferior; con anillo membranoso, persistente, tenaz, amplio, con amplios fragmentos colgantes. <em>Contexto<\/em> espeso, fr\u00e1gil, blanco; olor arom\u00e1tico al principio, sabor poco remarcable.\u00a0<\/p>\n<p style=\"text-align: justify;\">Caracteres microsc\u00f3picos. <em>Basidiosporas<\/em> de 9,0-12,5 x 7,5\u20149,0 \u00b5m \/ Q = 1,1-1,3; de subesf\u00e9ricas a ovales, lisas, hialinas, no amiloides. Esporada blanca. <em>Basidios<\/em> de hasta 60 x 12 \u00b5m, claviformes, tetrasp\u00f3rcios, juntas con f\u00edbulas. <em>Elementos del velo<\/em> formado mayoritariamente por hifas filamentosas, terminadas en elementos vesiculosos, cil\u00edndricos o piriformes, de hasta x40 \u00b5m con algunos elementos terminales filamentosos de hasta x8 \u00b5m.<\/p>\n<p style=\"text-align: justify;\">Ecolog\u00eda. En primavera y oto\u00f1o en prados y pastos, incluso en cultivos abandonados, con abundantes residuos org\u00e1nicos, en suelos calc\u00e1reos o b\u00e1sicos. <em>Distribuci\u00f3n<\/em>. Muy raro y localizado. \u00a0Fotograf\u00eda. Jos\u00e9 A. Mu\u00f1oz S\u00e1nchez.<\/p>\n<p style=\"text-align: justify;\">Citar como: MU\u00d1OZ, J. A. (2020). <em>Amanita vittadinii<\/em> (Moretti) Vittad., micol\u00f3gica-barakaldo.org [en l\u00ednea]. Fichas Micol\u00f3gicas, 508 (Actualizada el 19-XI-2025). ISSN 2660-633X. [consultado el xx\/xx\/xxx] <a href=\"https:\/\/micologica-barakaldo.org\/Amanita-vittadinii\/\">https:\/\/micologica-barakaldo.org\/Amanita-vittadinii\/<\/a><\/p>\n<\/div><div class=\"fusion-clearfix\"><\/div><\/div><\/div><div class=\"fusion-layout-column fusion_builder_column fusion-builder-column-1 fusion_builder_column_1_2 1_2 fusion-one-half fusion-column-last\" style=\"--awb-bg-size:cover;width:48%;\"><div class=\"fusion-column-wrapper fusion-flex-column-wrapper-legacy\"><div class=\"fusion-image-element fusion-image-align-center in-legacy-container\" style=\"text-align:center;--awb-caption-title-font-family:var(--h2_typography-font-family);--awb-caption-title-font-weight:var(--h2_typography-font-weight);--awb-caption-title-font-style:var(--h2_typography-font-style);--awb-caption-title-size:var(--h2_typography-font-size);--awb-caption-title-transform:var(--h2_typography-text-transform);--awb-caption-title-line-height:var(--h2_typography-line-height);--awb-caption-title-letter-spacing:var(--h2_typography-letter-spacing);\"><div class=\"imageframe-align-center\"><span class=\" fusion-imageframe imageframe-none imageframe-1 hover-type-none\"><img loading=\"lazy\" decoding=\"async\" width=\"1204\" height=\"844\" title=\"Saproamanita vittadinii_20180606_3545\" src=\"https:\/\/micologica-barakaldo.org\/wp-content\/uploads\/2020\/06\/Saproamanita-vittadinii_20180606_3545.jpg\" alt class=\"img-responsive wp-image-8648\" srcset=\"https:\/\/micologica-barakaldo.org\/wp-content\/uploads\/2020\/06\/Saproamanita-vittadinii_20180606_3545-200x140.jpg 200w, https:\/\/micologica-barakaldo.org\/wp-content\/uploads\/2020\/06\/Saproamanita-vittadinii_20180606_3545-400x280.jpg 400w, https:\/\/micologica-barakaldo.org\/wp-content\/uploads\/2020\/06\/Saproamanita-vittadinii_20180606_3545-600x421.jpg 600w, https:\/\/micologica-barakaldo.org\/wp-content\/uploads\/2020\/06\/Saproamanita-vittadinii_20180606_3545-800x561.jpg 800w, https:\/\/micologica-barakaldo.org\/wp-content\/uploads\/2020\/06\/Saproamanita-vittadinii_20180606_3545-1200x841.jpg 1200w, https:\/\/micologica-barakaldo.org\/wp-content\/uploads\/2020\/06\/Saproamanita-vittadinii_20180606_3545.jpg 1204w\" sizes=\"auto, (max-width: 1024px) 100vw, 800px\" \/><\/span><\/div><\/div><div class=\"fusion-clearfix\"><\/div><\/div><\/div><div class=\"fusion-layout-column fusion_builder_column fusion-builder-column-2 fusion_builder_column_1_1 1_1 fusion-one-full fusion-column-first fusion-column-last\" style=\"--awb-padding-top:40px;--awb-bg-size:cover;\"><div class=\"fusion-column-wrapper fusion-flex-column-wrapper-legacy\"><div class=\"fusion-aligncenter\"><a class=\"fusion-button button-flat button-xlarge button-default fusion-button-default button-1 fusion-button-default-span fusion-button-default-type\" target=\"_self\" href=\"https:\/\/micologica-barakaldo.org\/wp-content\/uploads\/2025\/11\/Amanita-vittadinii.pdf\"><i class=\"fa-file-pdf far awb-button__icon awb-button__icon--default button-icon-left\" aria-hidden=\"true\"><\/i><span class=\"fusion-button-text awb-button__text awb-button__text--default\">VER FICHA COMPLETA<\/span><\/a><\/div><div class=\"fusion-clearfix\"><\/div><\/div><\/div><\/div><\/div>\n","protected":false},"excerpt":{"rendered":"","protected":false},"author":2,"featured_media":3686,"comment_status":"open","ping_status":"closed","sticky":false,"template":"","format":"standard","meta":{"footnotes":"","jetpack_publicize_message":"","jetpack_publicize_feature_enabled":true,"jetpack_social_post_already_shared":true,"jetpack_social_options":{"image_generator_settings":{"template":"highway","default_image_id":0,"font":"","enabled":false},"version":2}},"categories":[28,7,6],"tags":[],"class_list":["post-4239","post","type-post","status-publish","format-standard","has-post-thumbnail","hentry","category-fichas-micologicas-setas-a","category-blog","category-fichas-micologicas"],"jetpack_publicize_connections":[],"jetpack_featured_media_url":"https:\/\/micologica-barakaldo.org\/wp-content\/uploads\/2020\/06\/Saproamanita-vittadinii_20180606_3545.jpg","jetpack_shortlink":"https:\/\/wp.me\/p9dTSQ-16n","_links":{"self":[{"href":"https:\/\/micologica-barakaldo.org\/eu\/wp-json\/wp\/v2\/posts\/4239","targetHints":{"allow":["GET"]}}],"collection":[{"href":"https:\/\/micologica-barakaldo.org\/eu\/wp-json\/wp\/v2\/posts"}],"about":[{"href":"https:\/\/micologica-barakaldo.org\/eu\/wp-json\/wp\/v2\/types\/post"}],"author":[{"embeddable":true,"href":"https:\/\/micologica-barakaldo.org\/eu\/wp-json\/wp\/v2\/users\/2"}],"replies":[{"embeddable":true,"href":"https:\/\/micologica-barakaldo.org\/eu\/wp-json\/wp\/v2\/comments?post=4239"}],"version-history":[{"count":4,"href":"https:\/\/micologica-barakaldo.org\/eu\/wp-json\/wp\/v2\/posts\/4239\/revisions"}],"predecessor-version":[{"id":12070,"href":"https:\/\/micologica-barakaldo.org\/eu\/wp-json\/wp\/v2\/posts\/4239\/revisions\/12070"}],"wp:featuredmedia":[{"embeddable":true,"href":"https:\/\/micologica-barakaldo.org\/eu\/wp-json\/wp\/v2\/media\/3686"}],"wp:attachment":[{"href":"https:\/\/micologica-barakaldo.org\/eu\/wp-json\/wp\/v2\/media?parent=4239"}],"wp:term":[{"taxonomy":"category","embeddable":true,"href":"https:\/\/micologica-barakaldo.org\/eu\/wp-json\/wp\/v2\/categories?post=4239"},{"taxonomy":"post_tag","embeddable":true,"href":"https:\/\/micologica-barakaldo.org\/eu\/wp-json\/wp\/v2\/tags?post=4239"}],"curies":[{"name":"wp","href":"https:\/\/api.w.org\/{rel}","templated":true}]}}