{"id":4260,"date":"2020-10-02T18:09:54","date_gmt":"2020-10-02T17:09:54","guid":{"rendered":"https:\/\/micologica-barakaldo.org\/?p=4260"},"modified":"2020-12-15T23:15:51","modified_gmt":"2020-12-15T22:15:51","slug":"cortinarius-violaceus","status":"publish","type":"post","link":"https:\/\/micologica-barakaldo.org\/eu\/cortinarius-violaceus\/","title":{"rendered":"Cortinarius violaceus"},"content":{"rendered":"<div class=\"fusion-fullwidth fullwidth-box fusion-builder-row-1 nonhundred-percent-fullwidth non-hundred-percent-height-scrolling\" style=\"--awb-border-radius-top-left:0px;--awb-border-radius-top-right:0px;--awb-border-radius-bottom-right:0px;--awb-border-radius-bottom-left:0px;--awb-padding-bottom:50px;--awb-flex-wrap:wrap;\" ><div class=\"fusion-builder-row fusion-row\"><div class=\"fusion-layout-column fusion_builder_column fusion-builder-column-0 fusion_builder_column_1_2 1_2 fusion-one-half fusion-column-first\" style=\"--awb-bg-size:cover;width:48%; margin-right: 4%;\"><div class=\"fusion-column-wrapper fusion-flex-column-wrapper-legacy\"><div class=\"fusion-text fusion-text-1\"><p style=\"text-align: justify;\"><em>Caracteres macrosc\u00f3picos<\/em>. P\u00edleo de hasta 150 mm de di\u00e1metro, primero hemisf\u00e9rico, despu\u00e9s convexo a plano-convexo con el centro abultado; margen regular, ondulado, largo tiempo enrollado, delgado. Superficie pil\u00e9ica adnata, seca, brillante, vellosa-peluchosa, m\u00e1s tarde afieltrada-escamosa; de color\u00a0 violeta oscuro, violeta-azulado o violeta-p\u00farpura. L\u00e1minas medianamente apretadas, estrechas, desiguales, adnato-decurrentes, a veces uncinadas; de color violeta oscuro, marr\u00f3n-ferruginoso en la madurez. Est\u00edpite hasta 120&#215;20 mm, cil\u00edndrico, lleno, ensanchado en la base o bulboso, rayado con largas fibrillas longitudinales, con algunas zonas o bandas transversales; del color del p\u00edleo; cortina fugaz, lanosa, violeta o azul-viol\u00e1ceo. Contexto espeso, violeta o violeta-lilacino, con olor de madera de cedro y sabor dulce.<\/p>\n<p style=\"text-align: justify;\"><em>Caracteres microsc\u00f3picos<\/em>. Basidi\u00f3sporas de 11,0-13,5 x 7,0-8,0 \u00b5m \/ Q = 1,3-1,5; de el\u00edpticas u ovoides, apiculadas, con verrugas densas en forma de espinas truncadas, aisladas, amarillo-leonado claro con KOH al 2%. Esporada pardo-ferruginosa. Pileipellis filamentosa, no gelificada, hifas erectas, paralelas, cilindr\u00e1ceas, estrangul\u00e1ndose en las uniones, fibuladas, hasta x25 \u00b5m, elementos terminales hasta 90&#215;10 \u00b5m, obtusos o atenuados, con pigmento vacuolar violeta vistas en agua.<\/p>\n<p style=\"text-align: justify;\"><em>Ecolog\u00eda<\/em>. En verano y oto\u00f1o en bosques de frondosas, especialmente <em>Quercus petrea<\/em>, <em>Fagus sylvatica<\/em> y <em>Betula sp<\/em>. <em>Distribuci\u00f3n<\/em>. Poco frecuente.<\/p>\n<\/div><div class=\"fusion-clearfix\"><\/div><\/div><\/div><div class=\"fusion-layout-column fusion_builder_column fusion-builder-column-1 fusion_builder_column_1_2 1_2 fusion-one-half fusion-column-last\" style=\"--awb-bg-size:cover;width:48%;\"><div class=\"fusion-column-wrapper fusion-flex-column-wrapper-legacy\"><div class=\"fusion-image-element in-legacy-container\" style=\"--awb-caption-title-font-family:var(--h2_typography-font-family);--awb-caption-title-font-weight:var(--h2_typography-font-weight);--awb-caption-title-font-style:var(--h2_typography-font-style);--awb-caption-title-size:var(--h2_typography-font-size);--awb-caption-title-transform:var(--h2_typography-text-transform);--awb-caption-title-line-height:var(--h2_typography-line-height);--awb-caption-title-letter-spacing:var(--h2_typography-letter-spacing);\"><span class=\" fusion-imageframe imageframe-none imageframe-1 hover-type-none\"><img loading=\"lazy\" decoding=\"async\" width=\"1204\" height=\"865\" title=\"Cortinarius violaceus01\" src=\"https:\/\/micologica-barakaldo.org\/wp-content\/uploads\/2020\/10\/Cortinarius-violaceus01.jpg\" alt class=\"img-responsive wp-image-8811\" srcset=\"https:\/\/micologica-barakaldo.org\/wp-content\/uploads\/2020\/10\/Cortinarius-violaceus01-200x144.jpg 200w, https:\/\/micologica-barakaldo.org\/wp-content\/uploads\/2020\/10\/Cortinarius-violaceus01-400x287.jpg 400w, https:\/\/micologica-barakaldo.org\/wp-content\/uploads\/2020\/10\/Cortinarius-violaceus01-600x431.jpg 600w, https:\/\/micologica-barakaldo.org\/wp-content\/uploads\/2020\/10\/Cortinarius-violaceus01-800x575.jpg 800w, https:\/\/micologica-barakaldo.org\/wp-content\/uploads\/2020\/10\/Cortinarius-violaceus01-1200x862.jpg 1200w, https:\/\/micologica-barakaldo.org\/wp-content\/uploads\/2020\/10\/Cortinarius-violaceus01.jpg 1204w\" sizes=\"auto, (max-width: 1024px) 100vw, 800px\" \/><\/span><\/div><div class=\"fusion-clearfix\"><\/div><\/div><\/div><div class=\"fusion-layout-column fusion_builder_column fusion-builder-column-2 fusion_builder_column_1_1 1_1 fusion-one-full fusion-column-first fusion-column-last\" style=\"--awb-padding-top:40px;--awb-bg-size:cover;\"><div class=\"fusion-column-wrapper fusion-flex-column-wrapper-legacy\"><div class=\"fusion-aligncenter\"><a class=\"fusion-button button-flat button-xlarge button-default fusion-button-default button-1 fusion-button-default-span fusion-button-default-type\" target=\"_self\" href=\"https:\/\/micologica-barakaldo.org\/wp-content\/uploads\/2020\/12\/Cortinarius-violaceus.pdf\"><i class=\" fa fa-file-pdf-o awb-button__icon awb-button__icon--default button-icon-left\" aria-hidden=\"true\"><\/i><span class=\"fusion-button-text awb-button__text awb-button__text--default\">VER FICHA COMPLETA<\/span><\/a><\/div><div class=\"fusion-clearfix\"><\/div><\/div><\/div><\/div><\/div>\n","protected":false},"excerpt":{"rendered":"","protected":false},"author":2,"featured_media":4259,"comment_status":"open","ping_status":"closed","sticky":false,"template":"","format":"standard","meta":{"footnotes":"","jetpack_publicize_message":"","jetpack_publicize_feature_enabled":true,"jetpack_social_post_already_shared":true,"jetpack_social_options":{"image_generator_settings":{"template":"highway","default_image_id":0,"font":"","enabled":false},"version":2}},"categories":[30,6],"tags":[],"class_list":["post-4260","post","type-post","status-publish","format-standard","has-post-thumbnail","hentry","category-fichas-micologicas-setas-c","category-fichas-micologicas"],"jetpack_publicize_connections":[],"jetpack_featured_media_url":"https:\/\/micologica-barakaldo.org\/wp-content\/uploads\/2020\/10\/Cortinarius-violaceus01.jpg","jetpack_shortlink":"https:\/\/wp.me\/p9dTSQ-16I","_links":{"self":[{"href":"https:\/\/micologica-barakaldo.org\/eu\/wp-json\/wp\/v2\/posts\/4260","targetHints":{"allow":["GET"]}}],"collection":[{"href":"https:\/\/micologica-barakaldo.org\/eu\/wp-json\/wp\/v2\/posts"}],"about":[{"href":"https:\/\/micologica-barakaldo.org\/eu\/wp-json\/wp\/v2\/types\/post"}],"author":[{"embeddable":true,"href":"https:\/\/micologica-barakaldo.org\/eu\/wp-json\/wp\/v2\/users\/2"}],"replies":[{"embeddable":true,"href":"https:\/\/micologica-barakaldo.org\/eu\/wp-json\/wp\/v2\/comments?post=4260"}],"version-history":[{"count":2,"href":"https:\/\/micologica-barakaldo.org\/eu\/wp-json\/wp\/v2\/posts\/4260\/revisions"}],"predecessor-version":[{"id":4779,"href":"https:\/\/micologica-barakaldo.org\/eu\/wp-json\/wp\/v2\/posts\/4260\/revisions\/4779"}],"wp:featuredmedia":[{"embeddable":true,"href":"https:\/\/micologica-barakaldo.org\/eu\/wp-json\/wp\/v2\/media\/4259"}],"wp:attachment":[{"href":"https:\/\/micologica-barakaldo.org\/eu\/wp-json\/wp\/v2\/media?parent=4260"}],"wp:term":[{"taxonomy":"category","embeddable":true,"href":"https:\/\/micologica-barakaldo.org\/eu\/wp-json\/wp\/v2\/categories?post=4260"},{"taxonomy":"post_tag","embeddable":true,"href":"https:\/\/micologica-barakaldo.org\/eu\/wp-json\/wp\/v2\/tags?post=4260"}],"curies":[{"name":"wp","href":"https:\/\/api.w.org\/{rel}","templated":true}]}}