{"id":4326,"date":"2020-10-10T19:07:31","date_gmt":"2020-10-10T18:07:31","guid":{"rendered":"https:\/\/micologica-barakaldo.org\/?p=4326"},"modified":"2020-12-15T22:11:51","modified_gmt":"2020-12-15T21:11:51","slug":"myochromella-boudieri","status":"publish","type":"post","link":"https:\/\/micologica-barakaldo.org\/eu\/myochromella-boudieri\/","title":{"rendered":"Myochromella boudieri"},"content":{"rendered":"<div class=\"fusion-fullwidth fullwidth-box fusion-builder-row-1 nonhundred-percent-fullwidth non-hundred-percent-height-scrolling\" style=\"--awb-border-radius-top-left:0px;--awb-border-radius-top-right:0px;--awb-border-radius-bottom-right:0px;--awb-border-radius-bottom-left:0px;--awb-padding-bottom:50px;--awb-flex-wrap:wrap;\" ><div class=\"fusion-builder-row fusion-row\"><div class=\"fusion-layout-column fusion_builder_column fusion-builder-column-0 fusion_builder_column_1_2 1_2 fusion-one-half fusion-column-first\" style=\"--awb-bg-size:cover;width:48%; margin-right: 4%;\"><div class=\"fusion-column-wrapper fusion-flex-column-wrapper-legacy\"><div class=\"fusion-text fusion-text-1\"><p style=\"text-align: justify;\">\u2261<em>Lyophyllum boudieri<\/em>\u00a0K\u00fchner &amp; Romagn.,\u00a0Bull. Soc. nat. Oyonnax\u00a08: 75. 1954<\/p>\n<p style=\"text-align: justify;\">\u2261<em>Tephrocybe boudieri<\/em>\u00a0Derbsch,\u00a0Z. Pilzk.\u00a043(2): 186. 1977<\/p>\n<p style=\"text-align: justify;\"><em>Caracteres macrosc\u00f3picos<\/em>. P\u00edleo de hasta 40 mm de di\u00e1metro, primero c\u00f3nico o acampanado, despu\u00e9s plano convexo a extendido, pero manteniendo un umb\u00f3n bien marcado; margen muy un poco involuto, pronto recto, delgado; superficie lisa, higr\u00f3fano, trasl\u00facido estriado en el margen, de color gris oscuro, pardo marr\u00f3n sepia, m\u00e1s p\u00e1lido hacia el margen. L\u00e1minas apretadas, con lam\u00e9lulas, ventricosas, adnatas, de color primero blanquecino, gris p\u00e1lido a gris marr\u00f3n p\u00e1lido; arista irregular, blanquecina. Est\u00edpite de hasta 60 x 5 mm, cil\u00edndrico, redondeado o un poco aplastado, floconoso, ocre oscuro a pardo sepia. Contexto poco espeso, blanquecino, olor y sabor de harina rancia.<\/p>\n<p style=\"text-align: justify;\"><em>Caracteres microsc\u00f3picos<\/em>. Basidi\u00f3sporas de 6,0-8,5 x 3,0-4,5 \u00b5m \/ Q = 1,8-2,2; oblongas, el\u00edpticas, lisas, hialinas. Esporada blanca. Basidios de hasta 35 x 10 \u00b5m, tetrasp\u00f3ricos, con granulaciones sider\u00f3filas, juntas con f\u00edbulas. Arista laminar f\u00e9rtil. Pileipellis formada por un cutis de hifas cil\u00edndricas, entremezcladas, paralelas, estrechas de hasta x5 \u00b5m, con pigmento intracelular marr\u00f3n, juntas con f\u00edbulas.<\/p>\n<p style=\"text-align: justify;\"><em>Ecolog\u00eda<\/em>. En verano y oto\u00f1o en bosques de frondosas y bosques mixtos, en suelos calc\u00e1reos. <em>Distribuci\u00f3n<\/em>. muy raro.<\/p>\n<p style=\"text-align: justify;\">\u00a0<\/p>\n<\/div><div class=\"fusion-clearfix\"><\/div><\/div><\/div><div class=\"fusion-layout-column fusion_builder_column fusion-builder-column-1 fusion_builder_column_1_2 1_2 fusion-one-half fusion-column-last\" style=\"--awb-bg-size:cover;width:48%;\"><div class=\"fusion-column-wrapper fusion-flex-column-wrapper-legacy\"><div class=\"fusion-image-element in-legacy-container\" style=\"--awb-caption-title-font-family:var(--h2_typography-font-family);--awb-caption-title-font-weight:var(--h2_typography-font-weight);--awb-caption-title-font-style:var(--h2_typography-font-style);--awb-caption-title-size:var(--h2_typography-font-size);--awb-caption-title-transform:var(--h2_typography-text-transform);--awb-caption-title-line-height:var(--h2_typography-line-height);--awb-caption-title-letter-spacing:var(--h2_typography-letter-spacing);\"><span class=\" fusion-imageframe imageframe-none imageframe-1 hover-type-none\"><img loading=\"lazy\" decoding=\"async\" width=\"1024\" height=\"740\" title=\"Myochromella boudieri_2016111905_2341\" src=\"https:\/\/micologica-barakaldo.org\/wp-content\/uploads\/2020\/10\/Myochromella-boudieri_2016111905_2341-1.jpg\" alt class=\"img-responsive wp-image-8827\" srcset=\"https:\/\/micologica-barakaldo.org\/wp-content\/uploads\/2020\/10\/Myochromella-boudieri_2016111905_2341-1-200x145.jpg 200w, https:\/\/micologica-barakaldo.org\/wp-content\/uploads\/2020\/10\/Myochromella-boudieri_2016111905_2341-1-400x289.jpg 400w, https:\/\/micologica-barakaldo.org\/wp-content\/uploads\/2020\/10\/Myochromella-boudieri_2016111905_2341-1-600x434.jpg 600w, https:\/\/micologica-barakaldo.org\/wp-content\/uploads\/2020\/10\/Myochromella-boudieri_2016111905_2341-1-800x578.jpg 800w, https:\/\/micologica-barakaldo.org\/wp-content\/uploads\/2020\/10\/Myochromella-boudieri_2016111905_2341-1.jpg 1024w\" sizes=\"auto, (max-width: 1024px) 100vw, 800px\" \/><\/span><\/div><div class=\"fusion-clearfix\"><\/div><\/div><\/div><div class=\"fusion-layout-column fusion_builder_column fusion-builder-column-2 fusion_builder_column_1_1 1_1 fusion-one-full fusion-column-first fusion-column-last\" style=\"--awb-padding-top:40px;--awb-bg-size:cover;\"><div class=\"fusion-column-wrapper fusion-flex-column-wrapper-legacy\"><div class=\"fusion-aligncenter\"><a class=\"fusion-button button-flat button-xlarge button-default fusion-button-default button-1 fusion-button-default-span fusion-button-default-type\" target=\"_self\" href=\"https:\/\/micologica-barakaldo.org\/wp-content\/uploads\/2020\/12\/Myochromella-boudieri.pdf\"><i class=\" fa fa-file-pdf-o awb-button__icon awb-button__icon--default button-icon-left\" aria-hidden=\"true\"><\/i><span class=\"fusion-button-text awb-button__text awb-button__text--default\">VER FICHA COMPLETA<\/span><\/a><\/div><div class=\"fusion-clearfix\"><\/div><\/div><\/div><\/div><\/div>\n","protected":false},"excerpt":{"rendered":"","protected":false},"author":2,"featured_media":4325,"comment_status":"open","ping_status":"closed","sticky":false,"template":"","format":"standard","meta":{"footnotes":"","jetpack_publicize_message":"","jetpack_publicize_feature_enabled":true,"jetpack_social_post_already_shared":true,"jetpack_social_options":{"image_generator_settings":{"template":"highway","default_image_id":0,"font":"","enabled":false},"version":2}},"categories":[6,40],"tags":[],"class_list":["post-4326","post","type-post","status-publish","format-standard","has-post-thumbnail","hentry","category-fichas-micologicas","category-fichas-micologicas-setas-m"],"jetpack_publicize_connections":[],"jetpack_featured_media_url":"https:\/\/micologica-barakaldo.org\/wp-content\/uploads\/2020\/10\/Myochromella-boudieri_2016111905_2341-1.jpg","jetpack_shortlink":"https:\/\/wp.me\/p9dTSQ-17M","_links":{"self":[{"href":"https:\/\/micologica-barakaldo.org\/eu\/wp-json\/wp\/v2\/posts\/4326","targetHints":{"allow":["GET"]}}],"collection":[{"href":"https:\/\/micologica-barakaldo.org\/eu\/wp-json\/wp\/v2\/posts"}],"about":[{"href":"https:\/\/micologica-barakaldo.org\/eu\/wp-json\/wp\/v2\/types\/post"}],"author":[{"embeddable":true,"href":"https:\/\/micologica-barakaldo.org\/eu\/wp-json\/wp\/v2\/users\/2"}],"replies":[{"embeddable":true,"href":"https:\/\/micologica-barakaldo.org\/eu\/wp-json\/wp\/v2\/comments?post=4326"}],"version-history":[{"count":2,"href":"https:\/\/micologica-barakaldo.org\/eu\/wp-json\/wp\/v2\/posts\/4326\/revisions"}],"predecessor-version":[{"id":4771,"href":"https:\/\/micologica-barakaldo.org\/eu\/wp-json\/wp\/v2\/posts\/4326\/revisions\/4771"}],"wp:featuredmedia":[{"embeddable":true,"href":"https:\/\/micologica-barakaldo.org\/eu\/wp-json\/wp\/v2\/media\/4325"}],"wp:attachment":[{"href":"https:\/\/micologica-barakaldo.org\/eu\/wp-json\/wp\/v2\/media?parent=4326"}],"wp:term":[{"taxonomy":"category","embeddable":true,"href":"https:\/\/micologica-barakaldo.org\/eu\/wp-json\/wp\/v2\/categories?post=4326"},{"taxonomy":"post_tag","embeddable":true,"href":"https:\/\/micologica-barakaldo.org\/eu\/wp-json\/wp\/v2\/tags?post=4326"}],"curies":[{"name":"wp","href":"https:\/\/api.w.org\/{rel}","templated":true}]}}