{"id":4508,"date":"2020-11-05T19:32:27","date_gmt":"2020-11-05T18:32:27","guid":{"rendered":"https:\/\/micologica-barakaldo.org\/?p=4508"},"modified":"2020-12-13T21:47:22","modified_gmt":"2020-12-13T20:47:22","slug":"inocybe-vulpinella","status":"publish","type":"post","link":"https:\/\/micologica-barakaldo.org\/eu\/inocybe-vulpinella\/","title":{"rendered":"Inocybe vulpinella"},"content":{"rendered":"<div class=\"fusion-fullwidth fullwidth-box fusion-builder-row-1 nonhundred-percent-fullwidth non-hundred-percent-height-scrolling\" style=\"--awb-border-radius-top-left:0px;--awb-border-radius-top-right:0px;--awb-border-radius-bottom-right:0px;--awb-border-radius-bottom-left:0px;--awb-padding-bottom:50px;--awb-flex-wrap:wrap;\" ><div class=\"fusion-builder-row fusion-row\"><div class=\"fusion-layout-column fusion_builder_column fusion-builder-column-0 fusion_builder_column_1_2 1_2 fusion-one-half fusion-column-first\" style=\"--awb-bg-size:cover;width:48%; margin-right: 4%;\"><div class=\"fusion-column-wrapper fusion-flex-column-wrapper-legacy\"><div class=\"fusion-text fusion-text-1\"><p style=\"text-align: justify;\">= <em>Inocybe chondrospora<\/em> Einhell. &amp; Stangl, Z. Mykol. 45: 163. 1979<\/p>\n<p style=\"text-align: justify;\">= <em>Inocybe immigrans<\/em> Malloch, Canad. J. Bot. 60: 40. 1982<\/p>\n<p style=\"text-align: justify;\"><em>Caracteres macrosc\u00f3picos<\/em>. P\u00edleo de hasta 50mm de di\u00e1metro, primero c\u00f3nico campanulado, convexo, despu\u00e9s plano-convexo a extendido, con un umb\u00f3n obtuso m\u00e1s o menos marcado; margen delgado, un poco excedente; superficie pileica mate, seca, furfur\u00e1cea a fibrillosa-tomentosa, despu\u00e9s finamente escamosa, de color marr\u00f3n casta\u00f1o, marr\u00f3n naranja, m\u00e1s oscuro en el disco. L\u00e1minas moderadamente apretadas, de hasta 7mm de ancho, sublibres o emarginadas, ventricosas, de color primero gris-beige, crema amarillentas o marr\u00f3n-naranja sucio en la madurez. Est\u00edpite de hasta 60 x 10 mm, cil\u00edndrico, base ligeramente ensanchada pero no marginada, pruinoso, sin restos de velo; de color primero blanquecino, despu\u00e9s marr\u00f3n leonado o m\u00e1s o menos concolor al p\u00edleo. Contexto firme, blanquecino o crema blanquecino; olor y sabor poco destacables.<\/p>\n<p style=\"text-align: justify;\"><em>Caracteres microsc\u00f3picos<\/em>. Basidi\u00f3sporas de 11,5-18,0 x 7,0-9,0 \u00b5m \/ Q = 1,6-2,2; elipsoidales, algunas subaplanadas hacia el \u00e1pice, lisas, con paredes gruesas, sin depresi\u00f3n suprahilar. Basidios de hasta 40 x 15 \u00b5m, claviformes, tetrasp\u00f3ricos, juntas con f\u00edbulas. Queilocistidios de hasta 70 x 20 \u00b5m, subcil\u00edndricos, lageniformes, ventrudos o fusiformes, con contenido vacuolar amarillentos, con paredes gruesas de hasta x5 \u00b5m, con cristales en el \u00e1pice. Pleurocistidios similares a los Queilocistidios. Caulocistidios abundantes en toda la longitud, menos abundantes en la mitad inferior, similares a los Queilocistidios.<\/p>\n<p style=\"text-align: justify;\"><em>Ecolog\u00eda<\/em>. En oto\u00f1o y principios de invierno, con <em>Salix sp<\/em>., <em>Pinus sp<\/em>., en zonas arenosas, tanto en las dunas costeras como en el interior. <em>Distribuci\u00f3n<\/em>. Muy raro.<\/p>\n<\/div><div class=\"fusion-clearfix\"><\/div><\/div><\/div><div class=\"fusion-layout-column fusion_builder_column fusion-builder-column-1 fusion_builder_column_1_2 1_2 fusion-one-half fusion-column-last\" style=\"--awb-bg-size:cover;width:48%;\"><div class=\"fusion-column-wrapper fusion-flex-column-wrapper-legacy\"><div class=\"fusion-image-element in-legacy-container\" style=\"--awb-caption-title-font-family:var(--h2_typography-font-family);--awb-caption-title-font-weight:var(--h2_typography-font-weight);--awb-caption-title-font-style:var(--h2_typography-font-style);--awb-caption-title-size:var(--h2_typography-font-size);--awb-caption-title-transform:var(--h2_typography-text-transform);--awb-caption-title-line-height:var(--h2_typography-line-height);--awb-caption-title-letter-spacing:var(--h2_typography-letter-spacing);\"><span class=\" fusion-imageframe imageframe-none imageframe-1 hover-type-none\"><img loading=\"lazy\" decoding=\"async\" width=\"1024\" height=\"712\" title=\"Inocybe vulpinella_20121206_10795\" src=\"https:\/\/micologica-barakaldo.org\/wp-content\/uploads\/2020\/11\/Inocybe-vulpinella_20121206_10795.jpg\" alt class=\"img-responsive wp-image-8869\" srcset=\"https:\/\/micologica-barakaldo.org\/wp-content\/uploads\/2020\/11\/Inocybe-vulpinella_20121206_10795-200x139.jpg 200w, https:\/\/micologica-barakaldo.org\/wp-content\/uploads\/2020\/11\/Inocybe-vulpinella_20121206_10795-400x278.jpg 400w, https:\/\/micologica-barakaldo.org\/wp-content\/uploads\/2020\/11\/Inocybe-vulpinella_20121206_10795-600x417.jpg 600w, https:\/\/micologica-barakaldo.org\/wp-content\/uploads\/2020\/11\/Inocybe-vulpinella_20121206_10795-800x556.jpg 800w, https:\/\/micologica-barakaldo.org\/wp-content\/uploads\/2020\/11\/Inocybe-vulpinella_20121206_10795.jpg 1024w\" sizes=\"auto, (max-width: 1024px) 100vw, 800px\" \/><\/span><\/div><div class=\"fusion-clearfix\"><\/div><\/div><\/div><div class=\"fusion-layout-column fusion_builder_column fusion-builder-column-2 fusion_builder_column_1_1 1_1 fusion-one-full fusion-column-first fusion-column-last\" style=\"--awb-padding-top:40px;--awb-bg-size:cover;\"><div class=\"fusion-column-wrapper fusion-flex-column-wrapper-legacy\"><div class=\"fusion-aligncenter\"><a class=\"fusion-button button-flat button-xlarge button-default fusion-button-default button-1 fusion-button-default-span fusion-button-default-type\" target=\"_self\" href=\"https:\/\/micologica-barakaldo.org\/wp-content\/uploads\/2020\/12\/Inocybe-vulpinella.pdf\"><i class=\" fa fa-file-pdf-o awb-button__icon awb-button__icon--default button-icon-left\" aria-hidden=\"true\"><\/i><span class=\"fusion-button-text awb-button__text awb-button__text--default\">VER FICHA COMPLETA<\/span><\/a><\/div><div class=\"fusion-clearfix\"><\/div><\/div><\/div><\/div><\/div>\n","protected":false},"excerpt":{"rendered":"","protected":false},"author":2,"featured_media":4507,"comment_status":"open","ping_status":"closed","sticky":false,"template":"","format":"standard","meta":{"footnotes":"","jetpack_publicize_message":"","jetpack_publicize_feature_enabled":true,"jetpack_social_post_already_shared":true,"jetpack_social_options":{"image_generator_settings":{"template":"highway","default_image_id":0,"font":"","enabled":false},"version":2}},"categories":[6,36],"tags":[],"class_list":["post-4508","post","type-post","status-publish","format-standard","has-post-thumbnail","hentry","category-fichas-micologicas","category-fichas-micologicas-setas-i"],"jetpack_publicize_connections":[],"jetpack_featured_media_url":"https:\/\/micologica-barakaldo.org\/wp-content\/uploads\/2020\/11\/Inocybe-vulpinella_20121206_10795.jpg","jetpack_shortlink":"https:\/\/wp.me\/p9dTSQ-1aI","_links":{"self":[{"href":"https:\/\/micologica-barakaldo.org\/eu\/wp-json\/wp\/v2\/posts\/4508","targetHints":{"allow":["GET"]}}],"collection":[{"href":"https:\/\/micologica-barakaldo.org\/eu\/wp-json\/wp\/v2\/posts"}],"about":[{"href":"https:\/\/micologica-barakaldo.org\/eu\/wp-json\/wp\/v2\/types\/post"}],"author":[{"embeddable":true,"href":"https:\/\/micologica-barakaldo.org\/eu\/wp-json\/wp\/v2\/users\/2"}],"replies":[{"embeddable":true,"href":"https:\/\/micologica-barakaldo.org\/eu\/wp-json\/wp\/v2\/comments?post=4508"}],"version-history":[{"count":2,"href":"https:\/\/micologica-barakaldo.org\/eu\/wp-json\/wp\/v2\/posts\/4508\/revisions"}],"predecessor-version":[{"id":4748,"href":"https:\/\/micologica-barakaldo.org\/eu\/wp-json\/wp\/v2\/posts\/4508\/revisions\/4748"}],"wp:featuredmedia":[{"embeddable":true,"href":"https:\/\/micologica-barakaldo.org\/eu\/wp-json\/wp\/v2\/media\/4507"}],"wp:attachment":[{"href":"https:\/\/micologica-barakaldo.org\/eu\/wp-json\/wp\/v2\/media?parent=4508"}],"wp:term":[{"taxonomy":"category","embeddable":true,"href":"https:\/\/micologica-barakaldo.org\/eu\/wp-json\/wp\/v2\/categories?post=4508"},{"taxonomy":"post_tag","embeddable":true,"href":"https:\/\/micologica-barakaldo.org\/eu\/wp-json\/wp\/v2\/tags?post=4508"}],"curies":[{"name":"wp","href":"https:\/\/api.w.org\/{rel}","templated":true}]}}