{"id":4693,"date":"2020-12-07T11:14:26","date_gmt":"2020-12-07T10:14:26","guid":{"rendered":"https:\/\/micologica-barakaldo.org\/?p=4693"},"modified":"2020-12-11T23:01:14","modified_gmt":"2020-12-11T22:01:14","slug":"cortinarius-subpurpurascens","status":"publish","type":"post","link":"https:\/\/micologica-barakaldo.org\/eu\/cortinarius-subpurpurascens\/","title":{"rendered":"Cortinarius subpurpurascens"},"content":{"rendered":"<div class=\"fusion-fullwidth fullwidth-box fusion-builder-row-1 nonhundred-percent-fullwidth non-hundred-percent-height-scrolling\" style=\"--awb-border-radius-top-left:0px;--awb-border-radius-top-right:0px;--awb-border-radius-bottom-right:0px;--awb-border-radius-bottom-left:0px;--awb-padding-bottom:50px;--awb-flex-wrap:wrap;\" ><div class=\"fusion-builder-row fusion-row\"><div class=\"fusion-layout-column fusion_builder_column fusion-builder-column-0 fusion_builder_column_1_2 1_2 fusion-one-half fusion-column-first\" style=\"--awb-bg-size:cover;width:48%; margin-right: 4%;\"><div class=\"fusion-column-wrapper fusion-flex-column-wrapper-legacy\"><div class=\"fusion-text fusion-text-1\"><p style=\"text-align: justify;\"><em>Caracteres macrosc\u00f3picos<\/em>. P\u00edleo de 40-110 mm de di\u00e1metro, primero convexo, pronto plano convexo, finalmente extendido y un poco deprimido al centro; margen delgado, agudo, primero incurvado, pronto recto; cut\u00edcula pileica separable, muy viscosa en tiempo h\u00famedo, brillante, lisa, de color marr\u00f3n naranja, marr\u00f3n amarillento, ocre naranja, un poco decolorado hacia el margen, con tonos oliv\u00e1ceo sucio al envejecer. L\u00e1minas bastante apretadas, desiguales, con numerosas lam\u00e9lulas, anchas de hasta 9mm, escotado-adnatas o decurrentes por un diente; de color primero azul viol\u00e1ceo p\u00e1lido, despu\u00e9s ocre claro a marr\u00f3n ferruginoso en la madurez, se mancha de violeta lilacino a la presi\u00f3n, arista irregular o erosionada y blanquecina. Est\u00edpite de 40-60 x 8-25 mm, cil\u00edndrico, con bulbo marginado de hasta 30mm, fibrilloso; de color blanquecino, lilacino, se mancha de lilacino m\u00e1s oscuro a la presi\u00f3n; cortina lila p\u00e1lido al principio, fugaz, ferruginosa en la madurez. Contexto espeso, firme, primero blanquecino, lila o viol\u00e1ceo al corte m\u00e1s coloreado en el est\u00edpite; olor d\u00e9bil pero agradable, sabor poco destacado. Reacciones qu\u00edmicas: KOH (20%) en la cut\u00edcula pil\u00e9ica marr\u00f3n rojizo, nula en el est\u00edpite o base del bulbo.<\/p>\n<p style=\"text-align: justify;\"><em>Caracteres microsc\u00f3picos<\/em>. Basidi\u00f3sporas de (8,24) 9,13 \u00b1 0,57 (10,41) x (4,73) 5,27 \u00b1 0,28 (5,69); Q = (1,4) 1,7 \u00b1 0,14 (2,0), elipsoidales, amigdaliformes, apiculadas, adornadas con verrugas anchas de mediana altura, de densidad moderada, amarillo-leonado claro con KOH al 2%. Esporada marr\u00f3n-ferruginoso. Pileipellis filamentosa, gelificada, con hifas de entremezcladas, de hasta x8 \u00b5m, cil\u00edndricas, septadas, con pigmentaci\u00f3n ocre-amarillo, juntas fibuladas.<\/p>\n<p style=\"text-align: justify;\"><em>Ecolog\u00eda<\/em>. En bosques \u00e9utrofos o acid\u00f3filos de frondosas (<em>Quercus, Carpinus, Fagus, Corylus<\/em> y <em>Tilia<\/em>), en verano y oto\u00f1o. Distribuci\u00f3n. Poco com\u00fan.<\/p>\n<\/div><div class=\"fusion-clearfix\"><\/div><\/div><\/div><div class=\"fusion-layout-column fusion_builder_column fusion-builder-column-1 fusion_builder_column_1_2 1_2 fusion-one-half fusion-column-last\" style=\"--awb-bg-size:cover;width:48%;\"><div class=\"fusion-column-wrapper fusion-flex-column-wrapper-legacy\"><div class=\"fusion-image-element in-legacy-container\" style=\"--awb-caption-title-font-family:var(--h2_typography-font-family);--awb-caption-title-font-weight:var(--h2_typography-font-weight);--awb-caption-title-font-style:var(--h2_typography-font-style);--awb-caption-title-size:var(--h2_typography-font-size);--awb-caption-title-transform:var(--h2_typography-text-transform);--awb-caption-title-line-height:var(--h2_typography-line-height);--awb-caption-title-letter-spacing:var(--h2_typography-letter-spacing);\"><span class=\" fusion-imageframe imageframe-none imageframe-1 hover-type-none\"><img loading=\"lazy\" decoding=\"async\" width=\"1204\" height=\"855\" title=\"Cortinarius subpurpurascens_20201010_5510\" src=\"https:\/\/micologica-barakaldo.org\/wp-content\/uploads\/2020\/12\/Cortinarius-subpurpurascens_20201010_5510.jpg\" alt class=\"img-responsive wp-image-8909\" srcset=\"https:\/\/micologica-barakaldo.org\/wp-content\/uploads\/2020\/12\/Cortinarius-subpurpurascens_20201010_5510-200x142.jpg 200w, https:\/\/micologica-barakaldo.org\/wp-content\/uploads\/2020\/12\/Cortinarius-subpurpurascens_20201010_5510-400x284.jpg 400w, https:\/\/micologica-barakaldo.org\/wp-content\/uploads\/2020\/12\/Cortinarius-subpurpurascens_20201010_5510-600x426.jpg 600w, https:\/\/micologica-barakaldo.org\/wp-content\/uploads\/2020\/12\/Cortinarius-subpurpurascens_20201010_5510-800x568.jpg 800w, https:\/\/micologica-barakaldo.org\/wp-content\/uploads\/2020\/12\/Cortinarius-subpurpurascens_20201010_5510-1200x852.jpg 1200w, https:\/\/micologica-barakaldo.org\/wp-content\/uploads\/2020\/12\/Cortinarius-subpurpurascens_20201010_5510.jpg 1204w\" sizes=\"auto, (max-width: 1024px) 100vw, 800px\" \/><\/span><\/div><div class=\"fusion-clearfix\"><\/div><\/div><\/div><div class=\"fusion-layout-column fusion_builder_column fusion-builder-column-2 fusion_builder_column_1_1 1_1 fusion-one-full fusion-column-first fusion-column-last\" style=\"--awb-padding-top:40px;--awb-bg-size:cover;\"><div class=\"fusion-column-wrapper fusion-flex-column-wrapper-legacy\"><div class=\"fusion-aligncenter\"><a class=\"fusion-button button-flat button-xlarge button-default fusion-button-default button-1 fusion-button-default-span fusion-button-default-type\" target=\"_self\" href=\"https:\/\/micologica-barakaldo.org\/wp-content\/uploads\/2020\/12\/Cortinarius-subpurpurascens.pdf\"><i class=\" fa fa-file-pdf-o awb-button__icon awb-button__icon--default button-icon-left\" aria-hidden=\"true\"><\/i><span class=\"fusion-button-text awb-button__text awb-button__text--default\">VER FICHA COMPLETA<\/span><\/a><\/div><div class=\"fusion-clearfix\"><\/div><\/div><\/div><\/div><\/div>\n","protected":false},"excerpt":{"rendered":"","protected":false},"author":2,"featured_media":4692,"comment_status":"open","ping_status":"closed","sticky":false,"template":"","format":"standard","meta":{"footnotes":"","jetpack_publicize_message":"","jetpack_publicize_feature_enabled":true,"jetpack_social_post_already_shared":true,"jetpack_social_options":{"image_generator_settings":{"template":"highway","default_image_id":0,"font":"","enabled":false},"version":2}},"categories":[30,6],"tags":[],"class_list":["post-4693","post","type-post","status-publish","format-standard","has-post-thumbnail","hentry","category-fichas-micologicas-setas-c","category-fichas-micologicas"],"jetpack_publicize_connections":[],"jetpack_featured_media_url":"https:\/\/micologica-barakaldo.org\/wp-content\/uploads\/2020\/12\/Cortinarius-subpurpurascens_20201010_5510.jpg","jetpack_shortlink":"https:\/\/wp.me\/p9dTSQ-1dH","_links":{"self":[{"href":"https:\/\/micologica-barakaldo.org\/eu\/wp-json\/wp\/v2\/posts\/4693","targetHints":{"allow":["GET"]}}],"collection":[{"href":"https:\/\/micologica-barakaldo.org\/eu\/wp-json\/wp\/v2\/posts"}],"about":[{"href":"https:\/\/micologica-barakaldo.org\/eu\/wp-json\/wp\/v2\/types\/post"}],"author":[{"embeddable":true,"href":"https:\/\/micologica-barakaldo.org\/eu\/wp-json\/wp\/v2\/users\/2"}],"replies":[{"embeddable":true,"href":"https:\/\/micologica-barakaldo.org\/eu\/wp-json\/wp\/v2\/comments?post=4693"}],"version-history":[{"count":1,"href":"https:\/\/micologica-barakaldo.org\/eu\/wp-json\/wp\/v2\/posts\/4693\/revisions"}],"predecessor-version":[{"id":4694,"href":"https:\/\/micologica-barakaldo.org\/eu\/wp-json\/wp\/v2\/posts\/4693\/revisions\/4694"}],"wp:featuredmedia":[{"embeddable":true,"href":"https:\/\/micologica-barakaldo.org\/eu\/wp-json\/wp\/v2\/media\/4692"}],"wp:attachment":[{"href":"https:\/\/micologica-barakaldo.org\/eu\/wp-json\/wp\/v2\/media?parent=4693"}],"wp:term":[{"taxonomy":"category","embeddable":true,"href":"https:\/\/micologica-barakaldo.org\/eu\/wp-json\/wp\/v2\/categories?post=4693"},{"taxonomy":"post_tag","embeddable":true,"href":"https:\/\/micologica-barakaldo.org\/eu\/wp-json\/wp\/v2\/tags?post=4693"}],"curies":[{"name":"wp","href":"https:\/\/api.w.org\/{rel}","templated":true}]}}