{"id":561,"date":"2003-12-22T15:45:27","date_gmt":"2003-12-22T15:45:27","guid":{"rendered":"https:\/\/micologica-barakaldo.org\/?p=561"},"modified":"2023-11-21T07:57:49","modified_gmt":"2023-11-21T06:57:49","slug":"2003-catalogo-critico-cartografia-los-macromicetos-basidiomicotas-la-comunidad-autonoma-del-pais-vasco","status":"publish","type":"post","link":"https:\/\/micologica-barakaldo.org\/eu\/2003-catalogo-critico-cartografia-los-macromicetos-basidiomicotas-la-comunidad-autonoma-del-pais-vasco\/","title":{"rendered":"2003 &#8211; Cat\u00e1logo cr\u00edtico y cartograf\u00eda de los macromicetos (Basidiomicotas) de la Comunidad Aut\u00f3noma del Pa\u00eds Vasco"},"content":{"rendered":"<div class=\"fusion-fullwidth fullwidth-box fusion-builder-row-1 nonhundred-percent-fullwidth non-hundred-percent-height-scrolling\" style=\"--awb-border-radius-top-left:0px;--awb-border-radius-top-right:0px;--awb-border-radius-bottom-right:0px;--awb-border-radius-bottom-left:0px;--awb-padding-bottom:50px;--awb-flex-wrap:wrap;\" ><div class=\"fusion-builder-row fusion-row\"><div class=\"fusion-layout-column fusion_builder_column fusion-builder-column-0 fusion_builder_column_1_1 1_1 fusion-one-full fusion-column-first fusion-column-last\" style=\"--awb-bg-size:cover;\"><div class=\"fusion-column-wrapper fusion-flex-column-wrapper-legacy\"><div class=\"fusion-text fusion-text-1\"><p style=\"text-align: left;\"><b>2003 &#8211; Vol. 9 &#8211; Cat\u00e1logo cr\u00edtico y cartograf\u00eda de los macromicetos (Basidiomicotas) de la Comunidad Aut\u00f3noma del Pa\u00eds Vasco<\/b><\/p>\n<p style=\"text-align: left;\"><strong>Autores:<\/strong> Salcedo, I (Ed.), Rodriguez, N., Sarrionandia, F., Fdez. Vicente, J., Undagoitia, J., Cadi\u00f1anos, J.A., P\u00e9rez Butr\u00f3n, J.L., Mu\u00f1oz S\u00e1nchez, J.A., Pic\u00f3n, R.<\/p>\n<p style=\"text-align: left;\">Este trabajo recoge y analiza de forma cr\u00edtica las citas bibliogr\u00e1ficas de alrededor de 10.000 registros de macromicetos (basidiomicotas) de la CAPV. El territorio estudiado presenta una extensi\u00f3n aproximada de 7480m<sup>2<\/sup>, donde se incluyen tres territorios hist\u00f3ricos (\u00c1lava, Bizkaia y Gipuzkoa), adem\u00e1s del Condado de Trevi\u00f1o (220km<sup>2<\/sup>, administrativamente perteneciente a Burgos).<\/p>\n<\/div><div class=\"fusion-clearfix\"><\/div><\/div><\/div><\/div><\/div>\n","protected":false},"excerpt":{"rendered":"","protected":false},"author":2,"featured_media":526,"comment_status":"open","ping_status":"closed","sticky":false,"template":"","format":"standard","meta":{"footnotes":"","jetpack_publicize_message":"","jetpack_publicize_feature_enabled":true,"jetpack_social_post_already_shared":false,"jetpack_social_options":{"image_generator_settings":{"template":"highway","default_image_id":0,"font":"","enabled":false},"version":2}},"categories":[5],"tags":[],"class_list":["post-561","post","type-post","status-publish","format-standard","has-post-thumbnail","hentry","category-publicaciones"],"jetpack_publicize_connections":[],"jetpack_featured_media_url":"https:\/\/micologica-barakaldo.org\/wp-content\/uploads\/2017\/09\/Guineana.jpg","jetpack_shortlink":"https:\/\/wp.me\/p9dTSQ-93","_links":{"self":[{"href":"https:\/\/micologica-barakaldo.org\/eu\/wp-json\/wp\/v2\/posts\/561","targetHints":{"allow":["GET"]}}],"collection":[{"href":"https:\/\/micologica-barakaldo.org\/eu\/wp-json\/wp\/v2\/posts"}],"about":[{"href":"https:\/\/micologica-barakaldo.org\/eu\/wp-json\/wp\/v2\/types\/post"}],"author":[{"embeddable":true,"href":"https:\/\/micologica-barakaldo.org\/eu\/wp-json\/wp\/v2\/users\/2"}],"replies":[{"embeddable":true,"href":"https:\/\/micologica-barakaldo.org\/eu\/wp-json\/wp\/v2\/comments?post=561"}],"version-history":[{"count":4,"href":"https:\/\/micologica-barakaldo.org\/eu\/wp-json\/wp\/v2\/posts\/561\/revisions"}],"predecessor-version":[{"id":9597,"href":"https:\/\/micologica-barakaldo.org\/eu\/wp-json\/wp\/v2\/posts\/561\/revisions\/9597"}],"wp:featuredmedia":[{"embeddable":true,"href":"https:\/\/micologica-barakaldo.org\/eu\/wp-json\/wp\/v2\/media\/526"}],"wp:attachment":[{"href":"https:\/\/micologica-barakaldo.org\/eu\/wp-json\/wp\/v2\/media?parent=561"}],"wp:term":[{"taxonomy":"category","embeddable":true,"href":"https:\/\/micologica-barakaldo.org\/eu\/wp-json\/wp\/v2\/categories?post=561"},{"taxonomy":"post_tag","embeddable":true,"href":"https:\/\/micologica-barakaldo.org\/eu\/wp-json\/wp\/v2\/tags?post=561"}],"curies":[{"name":"wp","href":"https:\/\/api.w.org\/{rel}","templated":true}]}}