{"id":577,"date":"2017-09-22T16:39:55","date_gmt":"2017-09-22T16:39:55","guid":{"rendered":"https:\/\/micologica-barakaldo.org\/?p=577"},"modified":"2020-09-06T18:49:28","modified_gmt":"2020-09-06T17:49:28","slug":"cortinarius-bulliardii","status":"publish","type":"post","link":"https:\/\/micologica-barakaldo.org\/eu\/cortinarius-bulliardii\/","title":{"rendered":"Cortinarius bulliardii"},"content":{"rendered":"<div class=\"fusion-fullwidth fullwidth-box fusion-builder-row-1 nonhundred-percent-fullwidth non-hundred-percent-height-scrolling\" style=\"--awb-border-radius-top-left:0px;--awb-border-radius-top-right:0px;--awb-border-radius-bottom-right:0px;--awb-border-radius-bottom-left:0px;--awb-padding-bottom:50px;--awb-flex-wrap:wrap;\" ><div class=\"fusion-builder-row fusion-row\"><div class=\"fusion-layout-column fusion_builder_column fusion-builder-column-0 fusion_builder_column_1_2 1_2 fusion-one-half fusion-column-first\" style=\"--awb-bg-size:cover;width:48%; margin-right: 4%;\"><div class=\"fusion-column-wrapper fusion-flex-column-wrapper-legacy\"><div class=\"fusion-text fusion-text-1\"><p style=\"text-align: justify;\"><em>Caracteres macrosc\u00f3picos<\/em>. P\u00edleo de hasta 80 mm de di\u00e1metro, primero hemisf\u00e9rico o c\u00f3nico obtuso, despu\u00e9s convexo, finalmente aplanado y algo mamelonado; margen regular, levantado al final, delgado. Superficie pil\u00e9ica separable, de espesor medio, tenaz, lisa y satinada; de color\u00a0 marr\u00f3n rojizo al centro, marr\u00f3n viol\u00e1ceo hacia la periferia, aclar\u00e1ndose hasta marr\u00f3n-amarillo al secarse. L\u00e1minas poco apretadas, delgadas, de adnatas a sublibres; de color primero algo viol\u00e1ceas, despu\u00e9s marr\u00f3n-ferruginoso. Est\u00edpite hasta 70 x 12 mm, firme, espeso, cilindr\u00e1ceo, curvado, inflado o un poco bulboso, algo radicante flexuoso, brillante y muy fibrilloso; de color blanco-lilacino en lo alto, marr\u00f3n rojo, rojo naranja en la mitad inferior y rojo cinabrio o rojo bermell\u00f3n hacia la base; cortina fugaz, blanquecina. Contexto espeso, delgada, higr\u00f3fana sobre todo en el margen pil\u00e9ico, blanquecina a vinoso, rojo bermell\u00f3n en el bulbo basal; olor subesperm\u00e1tico y desagradable, sabor dulce. Reacciones qu\u00edmicas: KOH inmediata en violeta negro en la base del est\u00edpite.<\/p>\n<p style=\"text-align: justify;\"><em>Caracteres mircrosc\u00f3picos<\/em>. Basidi\u00f3sporas de 8,5-11,0 x 5,5-6,5 \u00b5m \/ Q = 1,6-2,0; elipsoides, con la parte superior redondeada, adornadas de gruesas verrugas poco densas de hasta x0,7 \u00b5m, amarillo claro con KOH al 2%, punteadas de peque\u00f1as verrugas bajas y poco densas. Esporada ocre leonado. Pileipellis filamentosa, no gelificada, hifas entremezcladas, cilindr\u00e1ceas, septadas, hasta x12 \u00b5m, juntas con f\u00edbulas, marr\u00f3n amarillo con KOH al 2%.<\/p>\n<p style=\"text-align: justify;\"><em>Ecolog\u00eda.<\/em> En verano y oto\u00f1o, en bosques de frondosas (<em>Fagus, Quercus<\/em>), en suelos calc\u00e1reos, tendencia meridional. <em>Distribuci\u00f3n<\/em>. Poco frecuente.<\/p>\n<\/div><div class=\"fusion-clearfix\"><\/div><\/div><\/div><div class=\"fusion-layout-column fusion_builder_column fusion-builder-column-1 fusion_builder_column_1_2 1_2 fusion-one-half fusion-column-last\" style=\"--awb-bg-size:cover;width:48%;\"><div class=\"fusion-column-wrapper fusion-flex-column-wrapper-legacy\"><div class=\"fusion-image-element in-legacy-container\" style=\"--awb-caption-title-font-family:var(--h2_typography-font-family);--awb-caption-title-font-weight:var(--h2_typography-font-weight);--awb-caption-title-font-style:var(--h2_typography-font-style);--awb-caption-title-size:var(--h2_typography-font-size);--awb-caption-title-transform:var(--h2_typography-text-transform);--awb-caption-title-line-height:var(--h2_typography-line-height);--awb-caption-title-letter-spacing:var(--h2_typography-letter-spacing);\"><span class=\" fusion-imageframe imageframe-none imageframe-1 hover-type-none\"><img loading=\"lazy\" decoding=\"async\" width=\"1024\" height=\"681\" title=\"Cortinarius builliardii_20161226_2469\" src=\"https:\/\/micologica-barakaldo.org\/wp-content\/uploads\/2017\/09\/Cortinarius-builliardii_20161226_2469.jpg\" alt class=\"img-responsive wp-image-7960\" srcset=\"https:\/\/micologica-barakaldo.org\/wp-content\/uploads\/2017\/09\/Cortinarius-builliardii_20161226_2469-200x133.jpg 200w, https:\/\/micologica-barakaldo.org\/wp-content\/uploads\/2017\/09\/Cortinarius-builliardii_20161226_2469-400x266.jpg 400w, https:\/\/micologica-barakaldo.org\/wp-content\/uploads\/2017\/09\/Cortinarius-builliardii_20161226_2469-600x399.jpg 600w, https:\/\/micologica-barakaldo.org\/wp-content\/uploads\/2017\/09\/Cortinarius-builliardii_20161226_2469-800x532.jpg 800w, https:\/\/micologica-barakaldo.org\/wp-content\/uploads\/2017\/09\/Cortinarius-builliardii_20161226_2469.jpg 1024w\" sizes=\"auto, (max-width: 1024px) 100vw, 800px\" \/><\/span><\/div><div class=\"fusion-clearfix\"><\/div><\/div><\/div><div class=\"fusion-layout-column fusion_builder_column fusion-builder-column-2 fusion_builder_column_1_1 1_1 fusion-one-full fusion-column-first fusion-column-last\" style=\"--awb-padding-top:40px;--awb-bg-size:cover;\"><div class=\"fusion-column-wrapper fusion-flex-column-wrapper-legacy\"><div class=\"fusion-aligncenter\"><a class=\"fusion-button button-flat button-xlarge button-default fusion-button-default button-1 fusion-button-default-span fusion-button-default-type\" target=\"_self\" href=\"https:\/\/micologica-barakaldo.org\/wp-content\/uploads\/2020\/09\/Cortinarius-bulliardii_20161226_2469.pdf\"><i class=\" fa fa-file-pdf-o awb-button__icon awb-button__icon--default button-icon-left\" aria-hidden=\"true\"><\/i><span class=\"fusion-button-text awb-button__text awb-button__text--default\">VER FICHA COMPLETA<\/span><\/a><\/div><div class=\"fusion-clearfix\"><\/div><\/div><\/div><\/div><\/div>\n","protected":false},"excerpt":{"rendered":"","protected":false},"author":2,"featured_media":517,"comment_status":"open","ping_status":"closed","sticky":false,"template":"","format":"standard","meta":{"footnotes":"","jetpack_publicize_message":"","jetpack_publicize_feature_enabled":true,"jetpack_social_post_already_shared":false,"jetpack_social_options":{"image_generator_settings":{"template":"highway","default_image_id":0,"font":"","enabled":false},"version":2}},"categories":[30,6],"tags":[],"class_list":["post-577","post","type-post","status-publish","format-standard","has-post-thumbnail","hentry","category-fichas-micologicas-setas-c","category-fichas-micologicas"],"jetpack_publicize_connections":[],"jetpack_featured_media_url":"https:\/\/micologica-barakaldo.org\/wp-content\/uploads\/2017\/09\/Cortinarius-builliardii_20161226_2469.jpg","jetpack_shortlink":"https:\/\/wp.me\/p9dTSQ-9j","_links":{"self":[{"href":"https:\/\/micologica-barakaldo.org\/eu\/wp-json\/wp\/v2\/posts\/577","targetHints":{"allow":["GET"]}}],"collection":[{"href":"https:\/\/micologica-barakaldo.org\/eu\/wp-json\/wp\/v2\/posts"}],"about":[{"href":"https:\/\/micologica-barakaldo.org\/eu\/wp-json\/wp\/v2\/types\/post"}],"author":[{"embeddable":true,"href":"https:\/\/micologica-barakaldo.org\/eu\/wp-json\/wp\/v2\/users\/2"}],"replies":[{"embeddable":true,"href":"https:\/\/micologica-barakaldo.org\/eu\/wp-json\/wp\/v2\/comments?post=577"}],"version-history":[{"count":4,"href":"https:\/\/micologica-barakaldo.org\/eu\/wp-json\/wp\/v2\/posts\/577\/revisions"}],"predecessor-version":[{"id":4100,"href":"https:\/\/micologica-barakaldo.org\/eu\/wp-json\/wp\/v2\/posts\/577\/revisions\/4100"}],"wp:featuredmedia":[{"embeddable":true,"href":"https:\/\/micologica-barakaldo.org\/eu\/wp-json\/wp\/v2\/media\/517"}],"wp:attachment":[{"href":"https:\/\/micologica-barakaldo.org\/eu\/wp-json\/wp\/v2\/media?parent=577"}],"wp:term":[{"taxonomy":"category","embeddable":true,"href":"https:\/\/micologica-barakaldo.org\/eu\/wp-json\/wp\/v2\/categories?post=577"},{"taxonomy":"post_tag","embeddable":true,"href":"https:\/\/micologica-barakaldo.org\/eu\/wp-json\/wp\/v2\/tags?post=577"}],"curies":[{"name":"wp","href":"https:\/\/api.w.org\/{rel}","templated":true}]}}