{"id":5984,"date":"2021-09-16T18:14:35","date_gmt":"2021-09-16T17:14:35","guid":{"rendered":"https:\/\/micologica-barakaldo.org\/?p=5984"},"modified":"2021-09-16T21:04:04","modified_gmt":"2021-09-16T20:04:04","slug":"temporada-de-setas-2021","status":"publish","type":"post","link":"https:\/\/micologica-barakaldo.org\/eu\/temporada-de-setas-2021\/","title":{"rendered":"TEMPORADA DE SETAS 2021"},"content":{"rendered":"<p style=\"text-align: justify;\">Estamos a mediados de septiembre y despu\u00e9s de un verano extremadamente seco, aunque con algunas excepciones, parece que en el horizonte se vislumbran algunas lluvias que pueden paliar la sequ\u00eda de estos lares y despertar nuestras queridas setas.<\/p>\n<p style=\"text-align: justify;\">Por ello, queremos reanudar nuestros lunes micol\u00f3gicos para volver a reunirnos f\u00edsicamente con nuestros socios y aficionados y compartir con ellos dudas, preguntas y todo aquello que nos quieran plantear. Es verdad que la situaci\u00f3n todav\u00eda no es lo \u201cnormal\u201d que quisi\u00e9ramos, pero podemos ir acerc\u00e1ndonos a la ansiada normalidad.<\/p>\n<p style=\"text-align: justify;\">Volvemos a estar los lunes a partir de las 7 de la tarde en los locales de la Sociedad (Parque Antonio Trueba, 1 Biblioteca Central (s\u00f3tano) 48902 Barakaldo (Bizkaia)). Tened en cuenta que todav\u00eda hay limitaciones de aforo. Esto quiere decir que no puede haber m\u00e1s de 6 personas en el local a la vez, por lo que, si hay momentos de \u201caglomeraciones\u201d, os pediremos que esper\u00e9is fuera hasta que pod\u00e1is entrar. Por supuesto, cumpliendo todas las recomendaciones sanitarias (mascarilla, gel hidroalcoh\u00f3lico a la entrada, etc.).<\/p>\n<p style=\"text-align: justify;\"><img loading=\"lazy\" decoding=\"async\" class=\" wp-image-3037 aligncenter\" src=\"https:\/\/micologica-barakaldo.org\/wp-content\/uploads\/2019\/10\/Boletus-aereus_20040925_JAM0379-300x220.jpg\" alt=\"\" width=\"700\" height=\"513\" srcset=\"https:\/\/micologica-barakaldo.org\/wp-content\/uploads\/2019\/10\/Boletus-aereus_20040925_JAM0379-200x146.jpg 200w, https:\/\/micologica-barakaldo.org\/wp-content\/uploads\/2019\/10\/Boletus-aereus_20040925_JAM0379-300x220.jpg 300w, https:\/\/micologica-barakaldo.org\/wp-content\/uploads\/2019\/10\/Boletus-aereus_20040925_JAM0379-400x293.jpg 400w, https:\/\/micologica-barakaldo.org\/wp-content\/uploads\/2019\/10\/Boletus-aereus_20040925_JAM0379-600x439.jpg 600w, https:\/\/micologica-barakaldo.org\/wp-content\/uploads\/2019\/10\/Boletus-aereus_20040925_JAM0379-768x563.jpg 768w, https:\/\/micologica-barakaldo.org\/wp-content\/uploads\/2019\/10\/Boletus-aereus_20040925_JAM0379-800x586.jpg 800w, https:\/\/micologica-barakaldo.org\/wp-content\/uploads\/2019\/10\/Boletus-aereus_20040925_JAM0379.jpg 1024w\" sizes=\"auto, (max-width: 700px) 100vw, 700px\" \/><\/p>\n<p>&nbsp;<\/p>\n<p style=\"text-align: justify;\">Respecto a la Semana Micol\u00f3gica, tenemos intenci\u00f3n de celebrarla a principios de noviembre, si la situaci\u00f3n sanitaria lo permite. Este a\u00f1o queremos organizar, como alternativa a las charlas en lugares cerrados, alguna salida micol\u00f3gica que sirva de encuentro entre aficionados y de cursillo pr\u00e1ctico de recogida de setas. Os mantendremos informaci\u00f3n de las fechas y los detalles.<\/p>\n<p style=\"text-align: justify;\">La exposici\u00f3n micol\u00f3gica la realizaremos en la Herriko Plaza de Barakaldo el domingo 7 de noviembre, siempre y cuando la meteorolog\u00eda y la situaci\u00f3n sanitaria lo permitan. Dise\u00f1aremos un espacio expositivo que evite aglomeraciones, facilite el mantenimiento de la distancia social pero que permita que disfrut\u00e9is de la observaci\u00f3n de los ejemplares que hayamos recogido<\/p>\n<p style=\"text-align: justify;\">\u00a1Estad atentos a la p\u00e1gina web y a nuestro blog!<\/p>\n<p><img loading=\"lazy\" decoding=\"async\" class=\" wp-image-5519 aligncenter\" src=\"https:\/\/micologica-barakaldo.org\/wp-content\/uploads\/2021\/05\/Cantharellus-cibarius_20100911_001-300x200.jpg\" alt=\"\" width=\"721\" height=\"480\" srcset=\"https:\/\/micologica-barakaldo.org\/wp-content\/uploads\/2021\/05\/Cantharellus-cibarius_20100911_001-200x133.jpg 200w, https:\/\/micologica-barakaldo.org\/wp-content\/uploads\/2021\/05\/Cantharellus-cibarius_20100911_001-300x200.jpg 300w, https:\/\/micologica-barakaldo.org\/wp-content\/uploads\/2021\/05\/Cantharellus-cibarius_20100911_001-400x266.jpg 400w, https:\/\/micologica-barakaldo.org\/wp-content\/uploads\/2021\/05\/Cantharellus-cibarius_20100911_001-600x399.jpg 600w, https:\/\/micologica-barakaldo.org\/wp-content\/uploads\/2021\/05\/Cantharellus-cibarius_20100911_001-768x511.jpg 768w, https:\/\/micologica-barakaldo.org\/wp-content\/uploads\/2021\/05\/Cantharellus-cibarius_20100911_001-800x532.jpg 800w, https:\/\/micologica-barakaldo.org\/wp-content\/uploads\/2021\/05\/Cantharellus-cibarius_20100911_001-1200x798.jpg 1200w, https:\/\/micologica-barakaldo.org\/wp-content\/uploads\/2021\/05\/Cantharellus-cibarius_20100911_001.jpg 1204w\" sizes=\"auto, (max-width: 721px) 100vw, 721px\" \/><\/p>\n","protected":false},"excerpt":{"rendered":"<p>Estamos a mediados de septiembre y despu\u00e9s de un verano extremadamente seco, aunque con algunas  [&#8230;]<\/p>\n","protected":false},"author":3,"featured_media":3037,"comment_status":"open","ping_status":"closed","sticky":false,"template":"","format":"standard","meta":{"footnotes":"","jetpack_publicize_message":"","jetpack_publicize_feature_enabled":true,"jetpack_social_post_already_shared":true,"jetpack_social_options":{"image_generator_settings":{"template":"highway","default_image_id":0,"font":"","enabled":false},"version":2}},"categories":[7,1],"tags":[],"class_list":["post-5984","post","type-post","status-publish","format-standard","has-post-thumbnail","hentry","category-blog","category-sin-categorizar"],"jetpack_publicize_connections":[],"jetpack_featured_media_url":"https:\/\/micologica-barakaldo.org\/wp-content\/uploads\/2019\/10\/Boletus-aereus_20040925_JAM0379.jpg","jetpack_shortlink":"https:\/\/wp.me\/p9dTSQ-1yw","_links":{"self":[{"href":"https:\/\/micologica-barakaldo.org\/eu\/wp-json\/wp\/v2\/posts\/5984","targetHints":{"allow":["GET"]}}],"collection":[{"href":"https:\/\/micologica-barakaldo.org\/eu\/wp-json\/wp\/v2\/posts"}],"about":[{"href":"https:\/\/micologica-barakaldo.org\/eu\/wp-json\/wp\/v2\/types\/post"}],"author":[{"embeddable":true,"href":"https:\/\/micologica-barakaldo.org\/eu\/wp-json\/wp\/v2\/users\/3"}],"replies":[{"embeddable":true,"href":"https:\/\/micologica-barakaldo.org\/eu\/wp-json\/wp\/v2\/comments?post=5984"}],"version-history":[{"count":3,"href":"https:\/\/micologica-barakaldo.org\/eu\/wp-json\/wp\/v2\/posts\/5984\/revisions"}],"predecessor-version":[{"id":5991,"href":"https:\/\/micologica-barakaldo.org\/eu\/wp-json\/wp\/v2\/posts\/5984\/revisions\/5991"}],"wp:featuredmedia":[{"embeddable":true,"href":"https:\/\/micologica-barakaldo.org\/eu\/wp-json\/wp\/v2\/media\/3037"}],"wp:attachment":[{"href":"https:\/\/micologica-barakaldo.org\/eu\/wp-json\/wp\/v2\/media?parent=5984"}],"wp:term":[{"taxonomy":"category","embeddable":true,"href":"https:\/\/micologica-barakaldo.org\/eu\/wp-json\/wp\/v2\/categories?post=5984"},{"taxonomy":"post_tag","embeddable":true,"href":"https:\/\/micologica-barakaldo.org\/eu\/wp-json\/wp\/v2\/tags?post=5984"}],"curies":[{"name":"wp","href":"https:\/\/api.w.org\/{rel}","templated":true}]}}