{"id":5996,"date":"2021-09-18T19:59:19","date_gmt":"2021-09-18T18:59:19","guid":{"rendered":"https:\/\/micologica-barakaldo.org\/?p=5996"},"modified":"2024-02-04T22:03:39","modified_gmt":"2024-02-04T21:03:39","slug":"cortinarius-umbilicatus","status":"publish","type":"post","link":"https:\/\/micologica-barakaldo.org\/eu\/cortinarius-umbilicatus\/","title":{"rendered":"Cortinarius umbilicatus"},"content":{"rendered":"<div class=\"fusion-fullwidth fullwidth-box fusion-builder-row-1 nonhundred-percent-fullwidth non-hundred-percent-height-scrolling\" style=\"--awb-border-radius-top-left:0px;--awb-border-radius-top-right:0px;--awb-border-radius-bottom-right:0px;--awb-border-radius-bottom-left:0px;--awb-padding-bottom:50px;--awb-flex-wrap:wrap;\" ><div class=\"fusion-builder-row fusion-row\"><div class=\"fusion-layout-column fusion_builder_column fusion-builder-column-0 fusion_builder_column_1_2 1_2 fusion-one-half fusion-column-first\" style=\"--awb-bg-size:cover;width:48%; margin-right: 4%;\"><div class=\"fusion-column-wrapper fusion-flex-column-wrapper-legacy\"><div class=\"fusion-text fusion-text-1\"><p>&nbsp;<\/p>\n<p><strong><em>Cortinarius umbilicatus<\/em> Singer &amp; I.J. Araujo<\/strong>, Beihefte zur Nova Hedwigia 77: 195. 1983<\/p>\n<p>MycoBank:\u00a0<span style=\"color: #0000ff;\"><a style=\"color: #0000ff;\" href=\"https:\/\/www.MycoBank.org\/MB\/110305\" target=\"_blank\" rel=\"noopener\">110305<\/a><\/span><\/p>\n<p style=\"text-align: justify;\"><span style=\"color: #000000;\">Caracteres macrosc\u00f3picos. <em>P\u00edleo<\/em> de 30-50 mm de di\u00e1metro, primero campanulado obtuso, c\u00f3nico, despu\u00e9s extendido, pero manteniendo un umb\u00f3n m\u00e1s o menos marcado; margen delgado, agudo, un poco excedente, primero incurvado, al final recurvado, blanquecino por las fibrillas que lo cubren; cut\u00edcula pileica no separable, finamente fibrillosa radialmente, mate a sedosa brillante, higr\u00f3fana, de color pardo p\u00farpura oscuro, pardo negro a casi negro, aclar\u00e1ndose en tonos pardo rojo. <em>L\u00e1minas<\/em> poco apretadas, con numerosas lam\u00e9lulas, anchas de hasta 8mm, escotado-adnatas; de color primero ocre amarillento o marr\u00f3n claro ocre canela a ocre ferruginoso vivo, arista entera y concolor. <em>Est\u00edpite<\/em> de 30-50 x 9-14 mm, cil\u00edndrico o subbulboso, fibrilloso; de color primero ocre marr\u00f3n claro, pardo marr\u00f3n a pardo rojizo, cubierto de una especie de pruina blanquecina, en los carp\u00f3foros inmaduros; cortina fugaz, inicialmente naranja ocre (se aprecia en algunos ejemplares de forma muy fugaz). <em>Contexto<\/em> espeso, firme, primero crema ocre, m\u00e1s oscuro en las zonas embebidas; olor poco destacable, sabor poco destacado. Reacciones qu\u00edmicas: KOH (20%) cut\u00edcula, contexto y l\u00e1minas pardo chocolate oscuro, Amoniaco carm\u00edn viol\u00e1ceo sucio en el contexto.<\/span><\/p>\n<p style=\"text-align: justify;\"><span style=\"color: #000000;\">Caracteres microsc\u00f3picos. <em>Basidi\u00f3sporas<\/em> de (6,10) 6,80 \u00b1 0,45 (7,50) x (3,15) 3,58 \u00b1 0,20 (3,85); Q = (1,7) 1,9 \u00b1 0,15 (2,2), elipsoidales o ligeramente amigdaliformes, apiculadas, adornadas con verrugas finas y poco densas, amarillo-leonado claro con KOH al 2%. Esporada marr\u00f3n-ferruginoso. <em>Pileipellis<\/em> formada por hifas paralelas tumbadas, anchas de 5-12 \u00b5m, pigmentadas de marr\u00f3n, se observan algunas finamente incrustadas, juntas sin f\u00edbulas.<\/span><\/p>\n<p style=\"text-align: justify;\"><span style=\"color: #000000;\">Ecolog\u00eda<i>. <\/i>En verano y oto\u00f1o en bosques de con\u00edferas. Distribuci\u00f3n. Muy raro. RR.<\/span><\/p>\n<p style=\"text-align: justify;\"><span style=\"color: #000000;\">Citar como: Mu\u00f1oz, J.A. 2021. <em>Cortinarius umbilicatus <\/em>P. Karst, micol\u00f3gica-barakaldo.org [en l\u00ednea]. Fichas Micol\u00f3gicas, n\u00ba 592 (Actualizada el 04-IX-2021). Disponible en: \u00a0<a style=\"color: #000000;\" href=\"https:\/\/micologica-barakaldo.org\/Cortinarius-umbilicatus\/\">https:\/\/micologica-barakaldo.org\/Cortinarius-umbilicatus\/<\/a><\/span><\/p>\n<p>&nbsp;<\/p>\n<\/div><div class=\"fusion-clearfix\"><\/div><\/div><\/div><div class=\"fusion-layout-column fusion_builder_column fusion-builder-column-1 fusion_builder_column_1_2 1_2 fusion-one-half fusion-column-last\" style=\"--awb-bg-size:cover;width:48%;\"><div class=\"fusion-column-wrapper fusion-flex-column-wrapper-legacy\"><div class=\"fusion-image-element in-legacy-container\" style=\"--awb-caption-title-font-family:var(--h2_typography-font-family);--awb-caption-title-font-weight:var(--h2_typography-font-weight);--awb-caption-title-font-style:var(--h2_typography-font-style);--awb-caption-title-size:var(--h2_typography-font-size);--awb-caption-title-transform:var(--h2_typography-text-transform);--awb-caption-title-line-height:var(--h2_typography-line-height);--awb-caption-title-letter-spacing:var(--h2_typography-letter-spacing);\"><span class=\" fusion-imageframe imageframe-none imageframe-1 hover-type-none\"><img loading=\"lazy\" decoding=\"async\" width=\"1204\" height=\"862\" title=\"Cortinarius umbilicatus_20201017_5557\" src=\"https:\/\/micologica-barakaldo.org\/wp-content\/uploads\/2021\/09\/Cortinarius-umbilicatus_20201017_5557.jpg\" alt class=\"img-responsive wp-image-5995\" srcset=\"https:\/\/micologica-barakaldo.org\/wp-content\/uploads\/2021\/09\/Cortinarius-umbilicatus_20201017_5557-200x143.jpg 200w, https:\/\/micologica-barakaldo.org\/wp-content\/uploads\/2021\/09\/Cortinarius-umbilicatus_20201017_5557-400x286.jpg 400w, https:\/\/micologica-barakaldo.org\/wp-content\/uploads\/2021\/09\/Cortinarius-umbilicatus_20201017_5557-600x430.jpg 600w, https:\/\/micologica-barakaldo.org\/wp-content\/uploads\/2021\/09\/Cortinarius-umbilicatus_20201017_5557-800x573.jpg 800w, https:\/\/micologica-barakaldo.org\/wp-content\/uploads\/2021\/09\/Cortinarius-umbilicatus_20201017_5557-1200x859.jpg 1200w, https:\/\/micologica-barakaldo.org\/wp-content\/uploads\/2021\/09\/Cortinarius-umbilicatus_20201017_5557.jpg 1204w\" sizes=\"auto, (max-width: 1024px) 100vw, 800px\" \/><\/span><\/div><div class=\"fusion-clearfix\"><\/div><\/div><\/div><div class=\"fusion-layout-column fusion_builder_column fusion-builder-column-2 fusion_builder_column_1_1 1_1 fusion-one-full fusion-column-first fusion-column-last\" style=\"--awb-padding-top:40px;--awb-bg-size:cover;\"><div class=\"fusion-column-wrapper fusion-flex-column-wrapper-legacy\"><div class=\"fusion-aligncenter\"><a class=\"fusion-button button-flat button-xlarge button-default fusion-button-default button-1 fusion-button-default-span fusion-button-default-type\" target=\"_self\" href=\"https:\/\/micologica-barakaldo.org\/wp-content\/uploads\/2021\/09\/Cortinarius-umbilicatus.pdf\"><i class=\"fa-file-pdf far awb-button__icon awb-button__icon--default button-icon-left\" aria-hidden=\"true\"><\/i><span class=\"fusion-button-text awb-button__text awb-button__text--default\">VER FICHA COMPLETA<\/span><\/a><\/div><div class=\"fusion-clearfix\"><\/div><\/div><\/div><\/div><\/div>\n","protected":false},"excerpt":{"rendered":"","protected":false},"author":2,"featured_media":5994,"comment_status":"open","ping_status":"closed","sticky":false,"template":"","format":"standard","meta":{"footnotes":"","jetpack_publicize_message":"","jetpack_publicize_feature_enabled":true,"jetpack_social_post_already_shared":true,"jetpack_social_options":{"image_generator_settings":{"template":"highway","default_image_id":0,"font":"","enabled":false},"version":2}},"categories":[30,6],"tags":[],"class_list":["post-5996","post","type-post","status-publish","format-standard","has-post-thumbnail","hentry","category-fichas-micologicas-setas-c","category-fichas-micologicas"],"jetpack_publicize_connections":[],"jetpack_featured_media_url":"https:\/\/micologica-barakaldo.org\/wp-content\/uploads\/2021\/09\/Cortinarius-umbilicatus_20201017_5557.jpg","jetpack_shortlink":"https:\/\/wp.me\/p9dTSQ-1yI","_links":{"self":[{"href":"https:\/\/micologica-barakaldo.org\/eu\/wp-json\/wp\/v2\/posts\/5996","targetHints":{"allow":["GET"]}}],"collection":[{"href":"https:\/\/micologica-barakaldo.org\/eu\/wp-json\/wp\/v2\/posts"}],"about":[{"href":"https:\/\/micologica-barakaldo.org\/eu\/wp-json\/wp\/v2\/types\/post"}],"author":[{"embeddable":true,"href":"https:\/\/micologica-barakaldo.org\/eu\/wp-json\/wp\/v2\/users\/2"}],"replies":[{"embeddable":true,"href":"https:\/\/micologica-barakaldo.org\/eu\/wp-json\/wp\/v2\/comments?post=5996"}],"version-history":[{"count":4,"href":"https:\/\/micologica-barakaldo.org\/eu\/wp-json\/wp\/v2\/posts\/5996\/revisions"}],"predecessor-version":[{"id":10094,"href":"https:\/\/micologica-barakaldo.org\/eu\/wp-json\/wp\/v2\/posts\/5996\/revisions\/10094"}],"wp:featuredmedia":[{"embeddable":true,"href":"https:\/\/micologica-barakaldo.org\/eu\/wp-json\/wp\/v2\/media\/5994"}],"wp:attachment":[{"href":"https:\/\/micologica-barakaldo.org\/eu\/wp-json\/wp\/v2\/media?parent=5996"}],"wp:term":[{"taxonomy":"category","embeddable":true,"href":"https:\/\/micologica-barakaldo.org\/eu\/wp-json\/wp\/v2\/categories?post=5996"},{"taxonomy":"post_tag","embeddable":true,"href":"https:\/\/micologica-barakaldo.org\/eu\/wp-json\/wp\/v2\/tags?post=5996"}],"curies":[{"name":"wp","href":"https:\/\/api.w.org\/{rel}","templated":true}]}}