{"id":6291,"date":"2021-11-17T20:06:13","date_gmt":"2021-11-17T19:06:13","guid":{"rendered":"https:\/\/micologica-barakaldo.org\/?p=6291"},"modified":"2021-11-17T20:12:26","modified_gmt":"2021-11-17T19:12:26","slug":"salida-para-la-identificacion-de-setas-3","status":"publish","type":"post","link":"https:\/\/micologica-barakaldo.org\/eu\/salida-para-la-identificacion-de-setas-3\/","title":{"rendered":"Salida para la identificaci\u00f3n de setas (3)"},"content":{"rendered":"<p>Os comunicamos la nueva fecha para la salida micologica. La hemos previsto para el pr\u00f3ximo s\u00e1bado 27 de noviembre. Esperamos que no haya m\u00e1s retrasos ya que si no, la tendr\u00edamos que suspender definitivamente hasta el a\u00f1o que viene.<\/p>\n<p>Tened en cuenta que, dado lo avanzado de la temporada, es muy probable que tengamos que trasladarnos hasta una hora de viaje, aproximadamente, desde Barakaldo, desplazamiento que ten\u00e9is que realizar por vuestros propios medios.\u00a0<\/p>\n<p>Recordad que el grupo que hemos previsto, se compondr\u00e1 de un m\u00e1ximo de 15 personas, por lo que inscribiremos a las 15 primeras solicitudes que nos lleguen antes del lunes 22 de noviembre a las 18:00. Despu\u00e9s os pasaremos los detalles del lugar y hora a la que quedaremos para iniciar el recorrido.<\/p>\n<p>Un saludo<\/p>\n","protected":false},"excerpt":{"rendered":"<p>Os comunicamos la nueva fecha para la salida micologica. La hemos previsto para el pr\u00f3ximo  [&#8230;]<\/p>\n","protected":false},"author":3,"featured_media":2265,"comment_status":"open","ping_status":"closed","sticky":false,"template":"","format":"standard","meta":{"footnotes":"","jetpack_publicize_message":"","jetpack_publicize_feature_enabled":true,"jetpack_social_post_already_shared":true,"jetpack_social_options":{"image_generator_settings":{"template":"highway","default_image_id":0,"font":"","enabled":false},"version":2}},"categories":[25,7,1],"tags":[],"class_list":["post-6291","post","type-post","status-publish","format-standard","has-post-thumbnail","hentry","category-actividades","category-blog","category-sin-categorizar"],"jetpack_publicize_connections":[],"jetpack_featured_media_url":"https:\/\/micologica-barakaldo.org\/wp-content\/uploads\/2018\/09\/Amanita-muscaria_20061013_002.jpg","jetpack_shortlink":"https:\/\/wp.me\/p9dTSQ-1Dt","_links":{"self":[{"href":"https:\/\/micologica-barakaldo.org\/eu\/wp-json\/wp\/v2\/posts\/6291","targetHints":{"allow":["GET"]}}],"collection":[{"href":"https:\/\/micologica-barakaldo.org\/eu\/wp-json\/wp\/v2\/posts"}],"about":[{"href":"https:\/\/micologica-barakaldo.org\/eu\/wp-json\/wp\/v2\/types\/post"}],"author":[{"embeddable":true,"href":"https:\/\/micologica-barakaldo.org\/eu\/wp-json\/wp\/v2\/users\/3"}],"replies":[{"embeddable":true,"href":"https:\/\/micologica-barakaldo.org\/eu\/wp-json\/wp\/v2\/comments?post=6291"}],"version-history":[{"count":1,"href":"https:\/\/micologica-barakaldo.org\/eu\/wp-json\/wp\/v2\/posts\/6291\/revisions"}],"predecessor-version":[{"id":6292,"href":"https:\/\/micologica-barakaldo.org\/eu\/wp-json\/wp\/v2\/posts\/6291\/revisions\/6292"}],"wp:featuredmedia":[{"embeddable":true,"href":"https:\/\/micologica-barakaldo.org\/eu\/wp-json\/wp\/v2\/media\/2265"}],"wp:attachment":[{"href":"https:\/\/micologica-barakaldo.org\/eu\/wp-json\/wp\/v2\/media?parent=6291"}],"wp:term":[{"taxonomy":"category","embeddable":true,"href":"https:\/\/micologica-barakaldo.org\/eu\/wp-json\/wp\/v2\/categories?post=6291"},{"taxonomy":"post_tag","embeddable":true,"href":"https:\/\/micologica-barakaldo.org\/eu\/wp-json\/wp\/v2\/tags?post=6291"}],"curies":[{"name":"wp","href":"https:\/\/api.w.org\/{rel}","templated":true}]}}