{"id":6458,"date":"2022-01-20T21:35:08","date_gmt":"2022-01-20T20:35:08","guid":{"rendered":"https:\/\/micologica-barakaldo.org\/?p=6458"},"modified":"2025-11-19T22:45:58","modified_gmt":"2025-11-19T21:45:58","slug":"camarophyllus-pratensis","status":"publish","type":"post","link":"https:\/\/micologica-barakaldo.org\/eu\/camarophyllus-pratensis\/","title":{"rendered":"Camarophyllus pratensis"},"content":{"rendered":"<div class=\"fusion-fullwidth fullwidth-box fusion-builder-row-1 nonhundred-percent-fullwidth non-hundred-percent-height-scrolling\" style=\"--awb-border-radius-top-left:0px;--awb-border-radius-top-right:0px;--awb-border-radius-bottom-right:0px;--awb-border-radius-bottom-left:0px;--awb-padding-bottom:50px;--awb-flex-wrap:wrap;\" ><div class=\"fusion-builder-row fusion-row\"><div class=\"fusion-layout-column fusion_builder_column fusion-builder-column-0 fusion_builder_column_1_2 1_2 fusion-one-half fusion-column-first\" style=\"--awb-bg-size:cover;width:48%; margin-right: 4%;\"><div class=\"fusion-column-wrapper fusion-flex-column-wrapper-legacy\"><div class=\"fusion-text fusion-text-1\"><p>&nbsp;<\/p>\n<p style=\"text-align: justify;\"><strong><em>Camarophyllus pratensis<\/em><\/strong><strong>\u00a0(Pers.) P. Kumm<\/strong>.,\u00a0<em>F\u00fchr. Pilzk.<\/em>\u00a0(Zerbst): 118. 1871<\/p>\n<p style=\"text-align: justify;\">MycoBank: <a href=\"https:\/\/www.mycobank.org\/MB\/355550\">\u00a0<span style=\"color: #0000ff;\">355550<\/span><\/a><\/p>\n<p style=\"text-align: justify;\">Caracteres macrosc\u00f3picos. P\u00edleo de hasta 110 mm de di\u00e1metro, primero hemisf\u00e9rico, despu\u00e9s convexo, plano convexo, finalmente extendido, en muchos casos con un umb\u00f3n obtuso, margen al principio involuto, fino, irregular, ocasionalmente un poco crenulada; superficie pileica lisa, mate, no higr\u00f3fana, algo pruinosa o un poco granulosa al principio, de color naranja, albaricoque naranja, ocre naranja, palideciendo a tonos crema naranja en tiempo seco. L\u00e1minas poco apretadas, distantes, decurrentes, intervenadas, de color naranja p\u00e1lido, crema naranja p\u00e1lido; arista entera y blanquecina. Est\u00edpite de hasta 100 x 20 mm, cil\u00edndrico, flexuoso, adelgazado hacia la base, fibrilloso, lisa, seco, mate, crema naranja p\u00e1lido. Contexto fibrilloso, blanquecino, sin olor ni sabor particular.<\/p>\n<p style=\"text-align: justify;\">Caracteres microsc\u00f3picos. Basidi\u00f3sporas de (5,9) 6,7 \u00b1 0,45 (7,5) \u00d7 (3,9) 4,8 \u00b1 0,30 (5,3) \u00b5m \/ Q = (1,2) 1,4 \u00b1 0,10 (1,6), elipsoides, obovoides, incluso subglobosas, lisas, hialinas. Esporada blanca. Basidios de hasta 55 \u00d7 7 \u00b5m, alargados ny delgados, mayoritariamente tetrasp\u00f3ricos, se observan algunos con 2 esterigmas. juntas con f\u00edbulas. <em>Cistidios<\/em> ausentes, arista f\u00e9rtil. <em>Trama laminar<\/em> entrelazada, con elementos ramificados o cil\u00edndricos. <em>Pileipellis<\/em> formada por un cutis, con hifas m\u00e1s o menos entremezcladas, art\u00edculos terminales cilindr\u00e1ceos o fusiformes, de calibre \u00d76 \u00b5m.<\/p>\n<p style=\"text-align: justify;\">Ecolog\u00eda<em>.<\/em>\u00a0 En oto\u00f1o y principios de invierno, en prados y pastos no abonados, en claros de bosque. Distribuci\u00f3n. Poco frecuente, R. Fotograf\u00eda. Jos\u00e9 A. Mu\u00f1oz S\u00e1nchez.<\/p>\n<p><strong><span style=\"color: #339966;\">Comestibilidad: Buen comestible<\/span><\/strong><\/p>\n<p style=\"text-align: justify;\">Citar como: MU\u00d1OZ, J. A. (2021). <em>Camarophyllus pratensis<\/em>\u00a0(Pers.) P. Kumm., micol\u00f3gica-barakaldo.org [en l\u00ednea]. Fichas Micol\u00f3gicas, 627 (Actualizada el 19-XI-2025). ISSN 2660-633X. [consultado el xx\/xx\/xxx] https:\/\/micologica-barakaldo.org\/Camarophyllus-pratensis\/<\/p>\n<p>&nbsp;<\/p>\n<\/div><div class=\"fusion-clearfix\"><\/div><\/div><\/div><div class=\"fusion-layout-column fusion_builder_column fusion-builder-column-1 fusion_builder_column_1_2 1_2 fusion-one-half fusion-column-last\" style=\"--awb-bg-size:cover;width:48%;\"><div class=\"fusion-column-wrapper fusion-flex-column-wrapper-legacy\"><div class=\"fusion-image-element in-legacy-container\" style=\"--awb-caption-title-font-family:var(--h2_typography-font-family);--awb-caption-title-font-weight:var(--h2_typography-font-weight);--awb-caption-title-font-style:var(--h2_typography-font-style);--awb-caption-title-size:var(--h2_typography-font-size);--awb-caption-title-transform:var(--h2_typography-text-transform);--awb-caption-title-line-height:var(--h2_typography-line-height);--awb-caption-title-letter-spacing:var(--h2_typography-letter-spacing);\"><span class=\" fusion-imageframe imageframe-none imageframe-1 hover-type-none\"><img loading=\"lazy\" decoding=\"async\" width=\"1204\" height=\"912\" title=\"Cuphophyllus pratensis_20111226_1120\" src=\"https:\/\/micologica-barakaldo.org\/wp-content\/uploads\/2022\/01\/Cuphophyllus-pratensis_20111226_1120.jpg\" alt class=\"img-responsive wp-image-6457\" srcset=\"https:\/\/micologica-barakaldo.org\/wp-content\/uploads\/2022\/01\/Cuphophyllus-pratensis_20111226_1120-200x151.jpg 200w, https:\/\/micologica-barakaldo.org\/wp-content\/uploads\/2022\/01\/Cuphophyllus-pratensis_20111226_1120-400x303.jpg 400w, https:\/\/micologica-barakaldo.org\/wp-content\/uploads\/2022\/01\/Cuphophyllus-pratensis_20111226_1120-600x454.jpg 600w, https:\/\/micologica-barakaldo.org\/wp-content\/uploads\/2022\/01\/Cuphophyllus-pratensis_20111226_1120-800x606.jpg 800w, https:\/\/micologica-barakaldo.org\/wp-content\/uploads\/2022\/01\/Cuphophyllus-pratensis_20111226_1120-1200x909.jpg 1200w, https:\/\/micologica-barakaldo.org\/wp-content\/uploads\/2022\/01\/Cuphophyllus-pratensis_20111226_1120.jpg 1204w\" sizes=\"auto, (max-width: 1024px) 100vw, 800px\" \/><\/span><\/div><div class=\"fusion-clearfix\"><\/div><\/div><\/div><div class=\"fusion-layout-column fusion_builder_column fusion-builder-column-2 fusion_builder_column_1_1 1_1 fusion-one-full fusion-column-first fusion-column-last\" style=\"--awb-padding-top:40px;--awb-bg-size:cover;\"><div class=\"fusion-column-wrapper fusion-flex-column-wrapper-legacy\"><div class=\"fusion-aligncenter\"><a class=\"fusion-button button-flat button-xlarge button-default fusion-button-default button-1 fusion-button-default-span fusion-button-default-type\" target=\"_self\" href=\"https:\/\/micologica-barakaldo.org\/wp-content\/uploads\/2025\/11\/Camarophyllus-pratensis.pdf\"><i class=\"fa-file-pdf far awb-button__icon awb-button__icon--default button-icon-left\" aria-hidden=\"true\"><\/i><span class=\"fusion-button-text awb-button__text awb-button__text--default\">VER FICHA COMPLETA<\/span><\/a><\/div><div class=\"fusion-clearfix\"><\/div><\/div><\/div><\/div><\/div>\n","protected":false},"excerpt":{"rendered":"","protected":false},"author":2,"featured_media":6456,"comment_status":"open","ping_status":"closed","sticky":false,"template":"","format":"standard","meta":{"footnotes":"","jetpack_publicize_message":"","jetpack_publicize_feature_enabled":true,"jetpack_social_post_already_shared":true,"jetpack_social_options":{"image_generator_settings":{"template":"highway","default_image_id":0,"font":"","enabled":false},"version":2}},"categories":[7,30,6],"tags":[],"class_list":["post-6458","post","type-post","status-publish","format-standard","has-post-thumbnail","hentry","category-blog","category-fichas-micologicas-setas-c","category-fichas-micologicas"],"jetpack_publicize_connections":[],"jetpack_featured_media_url":"https:\/\/micologica-barakaldo.org\/wp-content\/uploads\/2022\/01\/Cuphophyllus-pratensis_20111226_1120.jpg","jetpack_shortlink":"https:\/\/wp.me\/p9dTSQ-1Ga","_links":{"self":[{"href":"https:\/\/micologica-barakaldo.org\/eu\/wp-json\/wp\/v2\/posts\/6458","targetHints":{"allow":["GET"]}}],"collection":[{"href":"https:\/\/micologica-barakaldo.org\/eu\/wp-json\/wp\/v2\/posts"}],"about":[{"href":"https:\/\/micologica-barakaldo.org\/eu\/wp-json\/wp\/v2\/types\/post"}],"author":[{"embeddable":true,"href":"https:\/\/micologica-barakaldo.org\/eu\/wp-json\/wp\/v2\/users\/2"}],"replies":[{"embeddable":true,"href":"https:\/\/micologica-barakaldo.org\/eu\/wp-json\/wp\/v2\/comments?post=6458"}],"version-history":[{"count":5,"href":"https:\/\/micologica-barakaldo.org\/eu\/wp-json\/wp\/v2\/posts\/6458\/revisions"}],"predecessor-version":[{"id":12095,"href":"https:\/\/micologica-barakaldo.org\/eu\/wp-json\/wp\/v2\/posts\/6458\/revisions\/12095"}],"wp:featuredmedia":[{"embeddable":true,"href":"https:\/\/micologica-barakaldo.org\/eu\/wp-json\/wp\/v2\/media\/6456"}],"wp:attachment":[{"href":"https:\/\/micologica-barakaldo.org\/eu\/wp-json\/wp\/v2\/media?parent=6458"}],"wp:term":[{"taxonomy":"category","embeddable":true,"href":"https:\/\/micologica-barakaldo.org\/eu\/wp-json\/wp\/v2\/categories?post=6458"},{"taxonomy":"post_tag","embeddable":true,"href":"https:\/\/micologica-barakaldo.org\/eu\/wp-json\/wp\/v2\/tags?post=6458"}],"curies":[{"name":"wp","href":"https:\/\/api.w.org\/{rel}","templated":true}]}}