{"id":6603,"date":"2022-03-19T21:04:32","date_gmt":"2022-03-19T20:04:32","guid":{"rendered":"https:\/\/micologica-barakaldo.org\/?p=6603"},"modified":"2025-01-31T23:29:43","modified_gmt":"2025-01-31T22:29:43","slug":"caloboletus-radicans","status":"publish","type":"post","link":"https:\/\/micologica-barakaldo.org\/eu\/caloboletus-radicans\/","title":{"rendered":"Caloboletus radicans"},"content":{"rendered":"<div class=\"fusion-fullwidth fullwidth-box fusion-builder-row-1 nonhundred-percent-fullwidth non-hundred-percent-height-scrolling\" style=\"--awb-border-radius-top-left:0px;--awb-border-radius-top-right:0px;--awb-border-radius-bottom-right:0px;--awb-border-radius-bottom-left:0px;--awb-padding-bottom:50px;--awb-flex-wrap:wrap;\" ><div class=\"fusion-builder-row fusion-row\"><div class=\"fusion-layout-column fusion_builder_column fusion-builder-column-0 fusion_builder_column_1_2 1_2 fusion-one-half fusion-column-first\" style=\"--awb-bg-size:cover;width:48%; margin-right: 4%;\"><div class=\"fusion-column-wrapper fusion-flex-column-wrapper-legacy\"><div class=\"fusion-text fusion-text-1\"><p>&nbsp;<\/p>\n<p style=\"text-align: justify;\"><a class=\"ng-star-inserted\"><strong><em>Caloboletus radicans<\/em> (Pers.) Vizzini<\/strong>, Index Fungorum 146: 1 (2014)<\/a><\/p>\n<p>Mycobank:\u00a0<span style=\"color: #0000ff;\"><a style=\"color: #0000ff;\" href=\"https:\/\/www.MycoBank.org\/MB\/550548\" target=\"_blank\" rel=\"noopener\"> 550548<\/a><\/span><\/p>\n<p style=\"text-align: justify;\"><span style=\"color: #000000;\"><em>Caracteres macrosc\u00f3picos<\/em>. P\u00edleo de hasta 200 mm, primero globoso, hemisf\u00e9rico, despu\u00e9s convexo, por \u00faltimo, plano convexo; superficie pileica seca, pulvinada, un poco tomentosa o vellosa; de color blanquecino, ceniciento, blanco beige a gris caf\u00e9 con leche p\u00e1lido; margen espeso, incurvado, muy enrollado al principio, despu\u00e9s regular o un poco desbordante. Himen\u00f3foro con tubos de 60-120 mm, largos, de adnatos a subdecurrentes, primero amarillos, despu\u00e9s verdosos, azulean al corte; poros primero prietos, redondos, primero amarillos, despu\u00e9s verdosos, azulean fuertemente a la presi\u00f3n. Est\u00edpite de hasta 150 x 50 mm, robusto, hinchado hacia la mitad inferior, pero con la base radicante, tambi\u00e9n puede ser m\u00e1s esbelto; de color amarillo, m\u00e1s oscuro a ocr\u00e1ceo sucio hacia la base, ocasionalmente con manchas rojo sangre hacia la base; ret\u00edculo muy fino y prieto, en la parte superior, primero blanco, despu\u00e9s concolor, se mancha de azul a la presi\u00f3n, sin ret\u00edculo en algunos casos. Contexto firme, bastante espeso, firme, blando con la edad, fibroso en el est\u00edpite, blanco amarillenta o blanquecina, azulea ligeramente al contacto con el aire; olor ligeramente acidulado; sabor primero dulce, pero pronto amargo.<\/span><\/p>\n<p style=\"text-align: justify;\"><span style=\"color: #000000;\"><em>Caracteres microsc\u00f3picos<\/em>. Basidi\u00f3sporas de (11,4) 11,8 &#8211; 12,9 (13,5) x 4,2 &#8211; 5,1 (5,5) \u00b5m, Q = (2,1) 2,4 &#8211; 2,6 (2,8), fusiformes a elipsoidales, lisas, gutuladas, con paredes espesas, amarillentas. Esporada de color marr\u00f3n tabaco oliv\u00e1ceo. Basidios de hasta 50 x 12,5 \u00b5m, claviformes, tetrasp\u00f3ricos, juntas sin f\u00edbulas. Pileipellis formada por un trichoderma de hifas m\u00e1s o menos entremezcladas, mayoritariamente tumbadas pro algunas levantadas, largas, cil\u00edndricas, septadas, juntas sin f\u00edbulas; art\u00edculos terminales m\u00e1s o menos cilindr\u00e1ceos, o un poco abultado en lo alto, de calibre 28,3 &#8211; 67,5 x 4,8 &#8211; 10,5 \u00b5m, Q = 5,4 &#8211; 11,3; finamente incrustadas, con pigmento intracelular marr\u00f3n en KOH al 3%.<\/span><\/p>\n<p style=\"text-align: justify;\"><span style=\"color: #000000;\"><em>Ecolog\u00eda<\/em>. En verano y oto\u00f1o en bosques de frondosas, sobre todo <em>Quercus sp<\/em>., sobre todo <em>Q. ilex, Q. faginea<\/em> y <em>Q. robur<\/em>, m\u00e1s raramente bajo <em>Fagus sylvatica<\/em>, en terrenos calc\u00e1reos o b\u00e1sicos. <em>Distribuci\u00f3n<\/em>. Poco frecuente.\u00a0<\/span><\/p>\n<p style=\"text-align: justify;\"><span style=\"color: #000000;\">Citar como: Mu\u00f1oz, J.A. 2022. <em>Caloboletus radicans <\/em>(Pers.) Vizzini,\u00a0micol\u00f3gica-barakaldo.org [en l\u00ednea]. Fichas Micol\u00f3gicas, n\u00ba 638 (Actualizada el 24-III-2022). Disponible en: \u00a0<a style=\"color: #000000;\" href=\"https:\/\/micologica-barakaldo.org\/Caloboletus-radicans\/\">https:\/\/micologica-barakaldo.org\/Caloboletus-radicans\/<\/a><\/span><\/p>\n<\/div><div class=\"fusion-clearfix\"><\/div><\/div><\/div><div class=\"fusion-layout-column fusion_builder_column fusion-builder-column-1 fusion_builder_column_1_2 1_2 fusion-one-half fusion-column-last\" style=\"--awb-bg-size:cover;width:48%;\"><div class=\"fusion-column-wrapper fusion-flex-column-wrapper-legacy\"><div class=\"fusion-image-element in-legacy-container\" style=\"--awb-caption-title-font-family:var(--h2_typography-font-family);--awb-caption-title-font-weight:var(--h2_typography-font-weight);--awb-caption-title-font-style:var(--h2_typography-font-style);--awb-caption-title-size:var(--h2_typography-font-size);--awb-caption-title-transform:var(--h2_typography-text-transform);--awb-caption-title-line-height:var(--h2_typography-line-height);--awb-caption-title-letter-spacing:var(--h2_typography-letter-spacing);\"><span class=\" fusion-imageframe imageframe-none imageframe-1 hover-type-none\"><img loading=\"lazy\" decoding=\"async\" width=\"1204\" height=\"891\" title=\"Boletus radicans_20140913_16225\" src=\"https:\/\/micologica-barakaldo.org\/wp-content\/uploads\/2022\/03\/Boletus-radicans_20140913_16225.jpg\" alt class=\"img-responsive wp-image-6674\" srcset=\"https:\/\/micologica-barakaldo.org\/wp-content\/uploads\/2022\/03\/Boletus-radicans_20140913_16225-200x148.jpg 200w, https:\/\/micologica-barakaldo.org\/wp-content\/uploads\/2022\/03\/Boletus-radicans_20140913_16225-400x296.jpg 400w, https:\/\/micologica-barakaldo.org\/wp-content\/uploads\/2022\/03\/Boletus-radicans_20140913_16225-600x444.jpg 600w, https:\/\/micologica-barakaldo.org\/wp-content\/uploads\/2022\/03\/Boletus-radicans_20140913_16225-800x592.jpg 800w, https:\/\/micologica-barakaldo.org\/wp-content\/uploads\/2022\/03\/Boletus-radicans_20140913_16225-1200x888.jpg 1200w, https:\/\/micologica-barakaldo.org\/wp-content\/uploads\/2022\/03\/Boletus-radicans_20140913_16225.jpg 1204w\" sizes=\"auto, (max-width: 1024px) 100vw, 800px\" \/><\/span><\/div><div class=\"fusion-clearfix\"><\/div><\/div><\/div><div class=\"fusion-layout-column fusion_builder_column fusion-builder-column-2 fusion_builder_column_1_1 1_1 fusion-one-full fusion-column-first fusion-column-last\" style=\"--awb-padding-top:40px;--awb-bg-size:cover;\"><div class=\"fusion-column-wrapper fusion-flex-column-wrapper-legacy\"><div class=\"fusion-aligncenter\"><a class=\"fusion-button button-flat button-xlarge button-default fusion-button-default button-1 fusion-button-default-span fusion-button-default-type\" target=\"_self\" href=\"https:\/\/micologica-barakaldo.org\/wp-content\/uploads\/2022\/03\/Caloboletus-radicans-1.pdf\"><i class=\"fa-file-pdf far awb-button__icon awb-button__icon--default button-icon-left\" aria-hidden=\"true\"><\/i><span class=\"fusion-button-text awb-button__text awb-button__text--default\">VER FICHA COMPLETA<\/span><\/a><\/div><div class=\"fusion-clearfix\"><\/div><\/div><\/div><\/div><\/div>\n","protected":false},"excerpt":{"rendered":"","protected":false},"author":2,"featured_media":6673,"comment_status":"open","ping_status":"closed","sticky":false,"template":"","format":"standard","meta":{"footnotes":"","jetpack_publicize_message":"","jetpack_publicize_feature_enabled":true,"jetpack_social_post_already_shared":true,"jetpack_social_options":{"image_generator_settings":{"template":"highway","default_image_id":0,"font":"","enabled":false},"version":2}},"categories":[30,6],"tags":[],"class_list":["post-6603","post","type-post","status-publish","format-standard","has-post-thumbnail","hentry","category-fichas-micologicas-setas-c","category-fichas-micologicas"],"jetpack_publicize_connections":[],"jetpack_featured_media_url":"https:\/\/micologica-barakaldo.org\/wp-content\/uploads\/2022\/03\/Boletus-radicans_20140913_16225.jpg","jetpack_shortlink":"https:\/\/wp.me\/p9dTSQ-1Iv","_links":{"self":[{"href":"https:\/\/micologica-barakaldo.org\/eu\/wp-json\/wp\/v2\/posts\/6603","targetHints":{"allow":["GET"]}}],"collection":[{"href":"https:\/\/micologica-barakaldo.org\/eu\/wp-json\/wp\/v2\/posts"}],"about":[{"href":"https:\/\/micologica-barakaldo.org\/eu\/wp-json\/wp\/v2\/types\/post"}],"author":[{"embeddable":true,"href":"https:\/\/micologica-barakaldo.org\/eu\/wp-json\/wp\/v2\/users\/2"}],"replies":[{"embeddable":true,"href":"https:\/\/micologica-barakaldo.org\/eu\/wp-json\/wp\/v2\/comments?post=6603"}],"version-history":[{"count":6,"href":"https:\/\/micologica-barakaldo.org\/eu\/wp-json\/wp\/v2\/posts\/6603\/revisions"}],"predecessor-version":[{"id":11243,"href":"https:\/\/micologica-barakaldo.org\/eu\/wp-json\/wp\/v2\/posts\/6603\/revisions\/11243"}],"wp:featuredmedia":[{"embeddable":true,"href":"https:\/\/micologica-barakaldo.org\/eu\/wp-json\/wp\/v2\/media\/6673"}],"wp:attachment":[{"href":"https:\/\/micologica-barakaldo.org\/eu\/wp-json\/wp\/v2\/media?parent=6603"}],"wp:term":[{"taxonomy":"category","embeddable":true,"href":"https:\/\/micologica-barakaldo.org\/eu\/wp-json\/wp\/v2\/categories?post=6603"},{"taxonomy":"post_tag","embeddable":true,"href":"https:\/\/micologica-barakaldo.org\/eu\/wp-json\/wp\/v2\/tags?post=6603"}],"curies":[{"name":"wp","href":"https:\/\/api.w.org\/{rel}","templated":true}]}}