{"id":661,"date":"2017-09-25T23:04:04","date_gmt":"2017-09-25T21:04:04","guid":{"rendered":"https:\/\/micologica-barakaldo.org\/?p=661"},"modified":"2025-03-12T22:17:32","modified_gmt":"2025-03-12T21:17:32","slug":"coprinopsis-insignis","status":"publish","type":"post","link":"https:\/\/micologica-barakaldo.org\/eu\/coprinopsis-insignis\/","title":{"rendered":"Coprinopsis insignis"},"content":{"rendered":"<div class=\"fusion-fullwidth fullwidth-box fusion-builder-row-1 nonhundred-percent-fullwidth non-hundred-percent-height-scrolling\" style=\"--awb-border-radius-top-left:0px;--awb-border-radius-top-right:0px;--awb-border-radius-bottom-right:0px;--awb-border-radius-bottom-left:0px;--awb-padding-bottom:50px;--awb-flex-wrap:wrap;\" ><div class=\"fusion-builder-row fusion-row\"><div class=\"fusion-layout-column fusion_builder_column fusion-builder-column-0 fusion_builder_column_1_2 1_2 fusion-one-half fusion-column-first\" style=\"--awb-bg-size:cover;width:48%; margin-right: 4%;\"><div class=\"fusion-column-wrapper fusion-flex-column-wrapper-legacy\"><div class=\"fusion-text fusion-text-1\"><p>&nbsp;<\/p>\n<p><strong><em>Coprinopsis insignis<\/em> (Peck) Redhead<\/strong>, Vilgalys &amp; Moncalvo, Taxon 50 (1): 228. 2001<\/p>\n<p style=\"text-align: justify;\">Mycobank:\u00a0<span style=\"color: #0000ff;\"><a style=\"color: #0000ff;\" href=\"https:\/\/www.MycoBank.org\/MB\/474606\" target=\"_blank\" rel=\"noopener\"> 474606<\/a><\/span><\/p>\n<p style=\"text-align: justify;\"><em>Caracter\u00edsticas macrosc\u00f3picas<\/em>. P\u00edleo de hasta 70 x 50 mm, mientras que el margen se mantiene m\u00e1s o menos cerca del est\u00edpite, cuando se extiende, puede llegar hasta 100mm, de ovoide a c\u00f3nico, surcado finamente por la huella de las l\u00e1minas en la pileipellis, fibrilloso; de color primero blanquecino-plateado, gris a gris ocr\u00e1ceo, m\u00e1s ocre sucio hacia el centro. L\u00e1minas medianamente apretadas, libres, blancas primero, despu\u00e9s gris a negro. Est\u00edpite de hasta 120 x 12 mm, cil\u00edndrico a algo clavado, tomentoso, blanco.\u00a0<\/p>\n<p style=\"text-align: justify;\"><em>Caracteres microsc\u00f3picos<\/em>. Basidi\u00f3sporas de 10,5-14,0 x 6,5-8,0 \u00b5m \/ Q = 1,6-2,0; amigdaliformes, fuertemente verrucosa con poro germinativo estrecho; de color marr\u00f3n rojo oscuro. Queilocistidios hasta 150 x 60 \u00b5m, de utriformes a sub-cil\u00edndricos. Pleurocistidios hasta 180&#215;60 \u00b5m, de utriformes a subcil\u00edndricos. Elementos del velo formado por hifas de hasta 120 x 15 \u00b5m. Juntas con f\u00edbulas.<\/p>\n<p style=\"text-align: justify;\"><em>Ecolog\u00eda<\/em>. En verano y oto\u00f1o, fasciculado o en peque\u00f1os grupos, sobre madera muy degradada de distintas frondosas, m\u00e1s raramente en el suelo. <em>Distribuci\u00f3n<\/em>. Muy raro. RR.<\/p>\n<p style=\"text-align: justify;\"><span style=\"color: #000000;\">Citar como: MU\u00d1OZ, J. A. (2025). <em>Coprinopsis insignis<\/em> (Peck) Redhead, micol\u00f3gica-barakaldo.org [en l\u00ednea]. Fichas Micol\u00f3gicas, 8 (Actualizada el 05-X-2021). ISSN 2660-633X. [consultado el xx\/xx\/xxx] <a style=\"color: #000000;\" href=\"https:\/\/micologica-barakaldo.org\/Coprinellus-insignis\/\">https:\/\/micologica-barakaldo.org\/Coprinopsis-insignis\/<\/a><\/span><\/p>\n<p style=\"text-align: justify;\">\u00a0<\/p>\n<\/div><div class=\"fusion-clearfix\"><\/div><\/div><\/div><div class=\"fusion-layout-column fusion_builder_column fusion-builder-column-1 fusion_builder_column_1_2 1_2 fusion-one-half fusion-column-last\" style=\"--awb-bg-size:cover;width:48%;\"><div class=\"fusion-column-wrapper fusion-flex-column-wrapper-legacy\"><div class=\"fusion-image-element in-legacy-container\" style=\"--awb-caption-title-font-family:var(--h2_typography-font-family);--awb-caption-title-font-weight:var(--h2_typography-font-weight);--awb-caption-title-font-style:var(--h2_typography-font-style);--awb-caption-title-size:var(--h2_typography-font-size);--awb-caption-title-transform:var(--h2_typography-text-transform);--awb-caption-title-line-height:var(--h2_typography-line-height);--awb-caption-title-letter-spacing:var(--h2_typography-letter-spacing);\"><span class=\" fusion-imageframe imageframe-none imageframe-1 hover-type-none\"><img loading=\"lazy\" decoding=\"async\" width=\"1208\" height=\"848\" title=\"Coprinellus insignis_20210703_5770\" src=\"https:\/\/micologica-barakaldo.org\/wp-content\/uploads\/2021\/10\/Coprinellus-insignis_20210703_5770.jpg\" alt class=\"img-responsive wp-image-6071\" srcset=\"https:\/\/micologica-barakaldo.org\/wp-content\/uploads\/2021\/10\/Coprinellus-insignis_20210703_5770-200x140.jpg 200w, https:\/\/micologica-barakaldo.org\/wp-content\/uploads\/2021\/10\/Coprinellus-insignis_20210703_5770-400x281.jpg 400w, https:\/\/micologica-barakaldo.org\/wp-content\/uploads\/2021\/10\/Coprinellus-insignis_20210703_5770-600x421.jpg 600w, https:\/\/micologica-barakaldo.org\/wp-content\/uploads\/2021\/10\/Coprinellus-insignis_20210703_5770-800x562.jpg 800w, https:\/\/micologica-barakaldo.org\/wp-content\/uploads\/2021\/10\/Coprinellus-insignis_20210703_5770-1200x842.jpg 1200w, https:\/\/micologica-barakaldo.org\/wp-content\/uploads\/2021\/10\/Coprinellus-insignis_20210703_5770.jpg 1208w\" sizes=\"auto, (max-width: 1024px) 100vw, 800px\" \/><\/span><\/div><div class=\"fusion-clearfix\"><\/div><\/div><\/div><div class=\"fusion-layout-column fusion_builder_column fusion-builder-column-2 fusion_builder_column_1_1 1_1 fusion-one-full fusion-column-first fusion-column-last\" style=\"--awb-padding-top:40px;--awb-bg-size:cover;\"><div class=\"fusion-column-wrapper fusion-flex-column-wrapper-legacy\"><div class=\"fusion-aligncenter\"><a class=\"fusion-button button-flat button-xlarge button-default fusion-button-default button-1 fusion-button-default-span fusion-button-default-type\" target=\"_self\" href=\"https:\/\/micologica-barakaldo.org\/wp-content\/uploads\/2021\/10\/Coprinus-insignis_ficha.pdf\"><i class=\"fa-file-pdf far awb-button__icon awb-button__icon--default button-icon-left\" aria-hidden=\"true\"><\/i><span class=\"fusion-button-text awb-button__text awb-button__text--default\">VER FICHA COMPLETA<\/span><\/a><\/div><div class=\"fusion-clearfix\"><\/div><\/div><\/div><\/div><\/div>\n","protected":false},"excerpt":{"rendered":"","protected":false},"author":2,"featured_media":6070,"comment_status":"open","ping_status":"closed","sticky":false,"template":"","format":"standard","meta":{"footnotes":"","jetpack_publicize_message":"","jetpack_publicize_feature_enabled":true,"jetpack_social_post_already_shared":false,"jetpack_social_options":{"image_generator_settings":{"template":"highway","default_image_id":0,"font":"","enabled":false},"version":2}},"categories":[30,6],"tags":[],"class_list":["post-661","post","type-post","status-publish","format-standard","has-post-thumbnail","hentry","category-fichas-micologicas-setas-c","category-fichas-micologicas"],"jetpack_publicize_connections":[],"jetpack_featured_media_url":"https:\/\/micologica-barakaldo.org\/wp-content\/uploads\/2021\/10\/Coprinellus-insignis_20210703_5770.jpg","jetpack_shortlink":"https:\/\/wp.me\/p9dTSQ-aF","_links":{"self":[{"href":"https:\/\/micologica-barakaldo.org\/eu\/wp-json\/wp\/v2\/posts\/661","targetHints":{"allow":["GET"]}}],"collection":[{"href":"https:\/\/micologica-barakaldo.org\/eu\/wp-json\/wp\/v2\/posts"}],"about":[{"href":"https:\/\/micologica-barakaldo.org\/eu\/wp-json\/wp\/v2\/types\/post"}],"author":[{"embeddable":true,"href":"https:\/\/micologica-barakaldo.org\/eu\/wp-json\/wp\/v2\/users\/2"}],"replies":[{"embeddable":true,"href":"https:\/\/micologica-barakaldo.org\/eu\/wp-json\/wp\/v2\/comments?post=661"}],"version-history":[{"count":7,"href":"https:\/\/micologica-barakaldo.org\/eu\/wp-json\/wp\/v2\/posts\/661\/revisions"}],"predecessor-version":[{"id":11376,"href":"https:\/\/micologica-barakaldo.org\/eu\/wp-json\/wp\/v2\/posts\/661\/revisions\/11376"}],"wp:featuredmedia":[{"embeddable":true,"href":"https:\/\/micologica-barakaldo.org\/eu\/wp-json\/wp\/v2\/media\/6070"}],"wp:attachment":[{"href":"https:\/\/micologica-barakaldo.org\/eu\/wp-json\/wp\/v2\/media?parent=661"}],"wp:term":[{"taxonomy":"category","embeddable":true,"href":"https:\/\/micologica-barakaldo.org\/eu\/wp-json\/wp\/v2\/categories?post=661"},{"taxonomy":"post_tag","embeddable":true,"href":"https:\/\/micologica-barakaldo.org\/eu\/wp-json\/wp\/v2\/tags?post=661"}],"curies":[{"name":"wp","href":"https:\/\/api.w.org\/{rel}","templated":true}]}}