{"id":6613,"date":"2022-03-22T13:50:04","date_gmt":"2022-03-22T12:50:04","guid":{"rendered":"https:\/\/micologica-barakaldo.org\/?p=6613"},"modified":"2022-03-22T13:52:12","modified_gmt":"2022-03-22T12:52:12","slug":"amanita-gemmata","status":"publish","type":"post","link":"https:\/\/micologica-barakaldo.org\/eu\/amanita-gemmata\/","title":{"rendered":"Amanita gemmata"},"content":{"rendered":"<div class=\"fusion-fullwidth fullwidth-box fusion-builder-row-1 nonhundred-percent-fullwidth non-hundred-percent-height-scrolling\" style=\"--awb-border-radius-top-left:0px;--awb-border-radius-top-right:0px;--awb-border-radius-bottom-right:0px;--awb-border-radius-bottom-left:0px;--awb-padding-bottom:50px;--awb-flex-wrap:wrap;\" ><div class=\"fusion-builder-row fusion-row\"><div class=\"fusion-layout-column fusion_builder_column fusion-builder-column-0 fusion_builder_column_1_2 1_2 fusion-one-half fusion-column-first\" style=\"--awb-bg-size:cover;width:48%; margin-right: 4%;\"><div class=\"fusion-column-wrapper fusion-flex-column-wrapper-legacy\"><div class=\"fusion-text fusion-text-1\"><p style=\"text-align: justify;\"><strong><em>Amanita gemmata <\/em><\/strong><strong>(Fr.) Bertill<\/strong>., Dict. Encyclop. Sci. M\u00e9dic. (Paris) 1(3): 496. 1866<\/p>\n<p style=\"text-align: justify;\">\u2261<em>Agaricus gemmatus<\/em> Fr., Epicr. syst. mycol. (Upsaliae): 12. 1838 [1836-1838] [basion.]<\/p>\n<p style=\"text-align: justify;\">=<em>Amanita junquillea<\/em> Qu\u00e9l., Bull. Soc. bot. Fr. 23: 324. 1877 [1876]<\/p>\n<p style=\"text-align: justify;\">Cast.: Amanita junquillea.\u00a0 Eusk.: Lanperna hori.<\/p>\n<p style=\"text-align: justify;\"><em>Caracteres macrosc\u00f3picos<\/em>. P\u00edleo de hasta 100 mm de di\u00e1metro. Primero convexo, despu\u00e9s extendido; superficie lisa, mate, ; de color amarillo, ocre-amarillo, amarillo lim\u00f3n, con restos o placas irregulares de velo general de color blanco; margen estriado sobre todo en los basidiomas maduros. L\u00e1minas apretadas, blancas. Est\u00edpite esbelto, delgado, blanco, con anillo bajo que es bastante fugaz, abultado en la base con una volva redondeada con un ribete en la parte superior. Contexto. \u00a0fr\u00e1gil, blanco; sin olor ni sabor particular.<\/p>\n<p style=\"text-align: justify;\"><em>Caracteres microsc\u00f3picos<\/em>. Basidi\u00f3sporas de 9,0-11,0 x 6,5-8 \u00b5m, Q= 1,1-1,5; anchamente el\u00edpticas, lisas, hialinas, no amiloides. Basidios de 50 x 15 \u00b5m, tetrasp\u00f3ricos. Queilocistidios de hasta 30 x 15 \u00b5m, vesiculosos.<\/p>\n<p style=\"text-align: justify;\"><em>Ecolog\u00eda<\/em>. En primavera, verano y oto\u00f1o en bosques de con\u00edferas y de frondosas.<\/p>\n<p style=\"text-align: justify;\"><span style=\"color: #ff9900;\"><em>Comestibilidad<\/em>. <strong>No comestible<\/strong><\/span>, es considerada sospechosa, aunque tambi\u00e9n ha sido consumida sin problemas, al parecer se han producido algunas intoxicaciones en nuestro entorno y algunas muertes en Estados Unidos y Chile por lo que debe evitarse su consumo.<\/p>\n<\/div><div class=\"fusion-clearfix\"><\/div><\/div><\/div><div class=\"fusion-layout-column fusion_builder_column fusion-builder-column-1 fusion_builder_column_1_2 1_2 fusion-one-half fusion-column-last\" style=\"--awb-bg-size:cover;width:48%;\"><div class=\"fusion-column-wrapper fusion-flex-column-wrapper-legacy\"><div class=\"fusion-image-element in-legacy-container\" style=\"--awb-caption-title-font-family:var(--h2_typography-font-family);--awb-caption-title-font-weight:var(--h2_typography-font-weight);--awb-caption-title-font-style:var(--h2_typography-font-style);--awb-caption-title-size:var(--h2_typography-font-size);--awb-caption-title-transform:var(--h2_typography-text-transform);--awb-caption-title-line-height:var(--h2_typography-line-height);--awb-caption-title-letter-spacing:var(--h2_typography-letter-spacing);\"><span class=\" fusion-imageframe imageframe-none imageframe-1 hover-type-none\"><img loading=\"lazy\" decoding=\"async\" width=\"1204\" height=\"856\" title=\"Amanita gemmata\" src=\"https:\/\/micologica-barakaldo.org\/wp-content\/uploads\/2022\/03\/Amanita-gemmata.jpg\" alt class=\"img-responsive wp-image-6612\" srcset=\"https:\/\/micologica-barakaldo.org\/wp-content\/uploads\/2022\/03\/Amanita-gemmata-200x142.jpg 200w, https:\/\/micologica-barakaldo.org\/wp-content\/uploads\/2022\/03\/Amanita-gemmata-400x284.jpg 400w, https:\/\/micologica-barakaldo.org\/wp-content\/uploads\/2022\/03\/Amanita-gemmata-600x427.jpg 600w, https:\/\/micologica-barakaldo.org\/wp-content\/uploads\/2022\/03\/Amanita-gemmata-800x569.jpg 800w, https:\/\/micologica-barakaldo.org\/wp-content\/uploads\/2022\/03\/Amanita-gemmata-1200x853.jpg 1200w, https:\/\/micologica-barakaldo.org\/wp-content\/uploads\/2022\/03\/Amanita-gemmata.jpg 1204w\" sizes=\"auto, (max-width: 1024px) 100vw, 800px\" \/><\/span><\/div><div class=\"fusion-clearfix\"><\/div><\/div><\/div><div class=\"fusion-layout-column fusion_builder_column fusion-builder-column-2 fusion_builder_column_1_1 1_1 fusion-one-full fusion-column-first fusion-column-last\" style=\"--awb-padding-top:40px;--awb-bg-size:cover;\"><div class=\"fusion-column-wrapper fusion-flex-column-wrapper-legacy\"><div class=\"fusion-aligncenter\"><a class=\"fusion-button button-flat button-xlarge button-default fusion-button-default button-1 fusion-button-default-span fusion-button-default-type\" target=\"_self\"><i class=\"fa-file-pdf far awb-button__icon awb-button__icon--default button-icon-left\" aria-hidden=\"true\"><\/i><span class=\"fusion-button-text awb-button__text awb-button__text--default\">VER FICHA COMPLETA<\/span><\/a><\/div><div class=\"fusion-clearfix\"><\/div><\/div><\/div><\/div><\/div>\n","protected":false},"excerpt":{"rendered":"","protected":false},"author":2,"featured_media":6611,"comment_status":"open","ping_status":"closed","sticky":false,"template":"","format":"standard","meta":{"footnotes":"","jetpack_publicize_message":"","jetpack_publicize_feature_enabled":true,"jetpack_social_post_already_shared":true,"jetpack_social_options":{"image_generator_settings":{"template":"highway","default_image_id":0,"font":"","enabled":false},"version":2}},"categories":[28,6],"tags":[],"class_list":["post-6613","post","type-post","status-publish","format-standard","has-post-thumbnail","hentry","category-fichas-micologicas-setas-a","category-fichas-micologicas"],"jetpack_publicize_connections":[],"jetpack_featured_media_url":"https:\/\/micologica-barakaldo.org\/wp-content\/uploads\/2022\/03\/Amanita-gemmata.jpg","jetpack_shortlink":"https:\/\/wp.me\/p9dTSQ-1IF","_links":{"self":[{"href":"https:\/\/micologica-barakaldo.org\/eu\/wp-json\/wp\/v2\/posts\/6613","targetHints":{"allow":["GET"]}}],"collection":[{"href":"https:\/\/micologica-barakaldo.org\/eu\/wp-json\/wp\/v2\/posts"}],"about":[{"href":"https:\/\/micologica-barakaldo.org\/eu\/wp-json\/wp\/v2\/types\/post"}],"author":[{"embeddable":true,"href":"https:\/\/micologica-barakaldo.org\/eu\/wp-json\/wp\/v2\/users\/2"}],"replies":[{"embeddable":true,"href":"https:\/\/micologica-barakaldo.org\/eu\/wp-json\/wp\/v2\/comments?post=6613"}],"version-history":[{"count":3,"href":"https:\/\/micologica-barakaldo.org\/eu\/wp-json\/wp\/v2\/posts\/6613\/revisions"}],"predecessor-version":[{"id":6625,"href":"https:\/\/micologica-barakaldo.org\/eu\/wp-json\/wp\/v2\/posts\/6613\/revisions\/6625"}],"wp:featuredmedia":[{"embeddable":true,"href":"https:\/\/micologica-barakaldo.org\/eu\/wp-json\/wp\/v2\/media\/6611"}],"wp:attachment":[{"href":"https:\/\/micologica-barakaldo.org\/eu\/wp-json\/wp\/v2\/media?parent=6613"}],"wp:term":[{"taxonomy":"category","embeddable":true,"href":"https:\/\/micologica-barakaldo.org\/eu\/wp-json\/wp\/v2\/categories?post=6613"},{"taxonomy":"post_tag","embeddable":true,"href":"https:\/\/micologica-barakaldo.org\/eu\/wp-json\/wp\/v2\/tags?post=6613"}],"curies":[{"name":"wp","href":"https:\/\/api.w.org\/{rel}","templated":true}]}}