{"id":668,"date":"2017-09-25T23:21:43","date_gmt":"2017-09-25T22:21:43","guid":{"rendered":"https:\/\/micologica-barakaldo.org\/?p=668"},"modified":"2020-08-16T22:56:53","modified_gmt":"2020-08-16T21:56:53","slug":"chrysomphalina-chrysophylla","status":"publish","type":"post","link":"https:\/\/micologica-barakaldo.org\/eu\/chrysomphalina-chrysophylla\/","title":{"rendered":"Chrysomphalina chrysophylla"},"content":{"rendered":"<div class=\"fusion-fullwidth fullwidth-box fusion-builder-row-1 nonhundred-percent-fullwidth non-hundred-percent-height-scrolling\" style=\"--awb-border-radius-top-left:0px;--awb-border-radius-top-right:0px;--awb-border-radius-bottom-right:0px;--awb-border-radius-bottom-left:0px;--awb-padding-bottom:50px;--awb-flex-wrap:wrap;\" ><div class=\"fusion-builder-row fusion-row\"><div class=\"fusion-layout-column fusion_builder_column fusion-builder-column-0 fusion_builder_column_1_2 1_2 fusion-one-half fusion-column-first\" style=\"--awb-bg-size:cover;width:48%; margin-right: 4%;\"><div class=\"fusion-column-wrapper fusion-flex-column-wrapper-legacy\"><div class=\"fusion-text fusion-text-1\"><p style=\"text-align: justify;\">\u2261<em>Omphalina chrysophylla<\/em>\u00a0(Fr.) Murrill,\u00a0<em>N. Amer. Fl.<\/em>\u00a0(New York)\u00a09(5): 346. 1916<\/p>\n<p style=\"text-align: justify;\">\u2261<em>Omphalia chrysophylla<\/em>\u00a0(Fr.) Gillet,\u00a0<em>Hym\u00e9nomyc\u00e8tes<\/em>\u00a0(Alen\u00e7on): 296. 1876 [1878]\n \u2261<em>Paxillus chrysophyllus<\/em>\u00a0(Fr.) Trog,\u00a0<em>Mitt. naturf. Ges. Bern<\/em>: 77. 1857<\/p>\n<p style=\"text-align: justify;\"><em>Caracteres macrosc\u00f3picos<\/em>. P\u00edleo de hasta 40 mm de di\u00e1metro, plano-convexo, despu\u00e9s extendido y ligeramente umbilicado. Superficie un poco escamosa o fibrillosa; de color pardo anaranjado, marr\u00f3n beige, amarillo marr\u00f3n, en general, m\u00e1s claro en tiempo seco. L\u00e1minas decurrentes, algo gruesas, espaciadas, de color amarillo naranja vivo. Est\u00edpite de hasta 40 x 6 mm, delgado, cil\u00edndrico, de color amarillo-naranja m\u00e1s p\u00e1lido que las l\u00e1minas. Contexto delgado, amarillo, sin olor ni sabor particular.<\/p>\n<p style=\"text-align: justify;\"><em>Caracteres microsc\u00f3picos<\/em>. Basidi\u00f3sporas de 11,5-15,5 x 5,5-7 \u03bcm \/ Q = 1,7-2,2; elipsoidales a subcil\u00edndricas, lisas, hialinas, no amiloides. \u00a0Basidios de 55 x 7 \u03bcm, claviformes, delgados, tetrasp\u00f3ricos, sin f\u00edbulas. Pileipellis formada por hifas trichodermicas m\u00e1s o menos entremezcladas o subparalelas, hasta x10 \u03bcm, sin f\u00edbulas, con pigmento intracelular ocre marr\u00f3n.<\/p>\n<p style=\"text-align: justify;\"><em>Ecolog\u00eda<\/em>. En verano y oto\u00f1o, especie montana, sobre madera muy descompuesta de con\u00edferas (<em>Abies, Picea<\/em>). <em>Distribuci\u00f3n<\/em>. Muy raro.\u00a0<\/p>\n<\/div><div class=\"fusion-clearfix\"><\/div><\/div><\/div><div class=\"fusion-layout-column fusion_builder_column fusion-builder-column-1 fusion_builder_column_1_2 1_2 fusion-one-half fusion-column-last\" style=\"--awb-bg-size:cover;width:48%;\"><div class=\"fusion-column-wrapper fusion-flex-column-wrapper-legacy\"><div class=\"fusion-image-element in-legacy-container\" style=\"--awb-caption-title-font-family:var(--h2_typography-font-family);--awb-caption-title-font-weight:var(--h2_typography-font-weight);--awb-caption-title-font-style:var(--h2_typography-font-style);--awb-caption-title-size:var(--h2_typography-font-size);--awb-caption-title-transform:var(--h2_typography-text-transform);--awb-caption-title-line-height:var(--h2_typography-line-height);--awb-caption-title-letter-spacing:var(--h2_typography-letter-spacing);\"><span class=\" fusion-imageframe imageframe-none imageframe-1 hover-type-none\"><img loading=\"lazy\" decoding=\"async\" width=\"1024\" height=\"679\" title=\"Chrysomphalina chrysophylla_20140729_15958\" src=\"https:\/\/micologica-barakaldo.org\/wp-content\/uploads\/2017\/09\/Chrysomphalina-chrysophylla_20140729_15958.jpg\" alt class=\"img-responsive wp-image-7986\" srcset=\"https:\/\/micologica-barakaldo.org\/wp-content\/uploads\/2017\/09\/Chrysomphalina-chrysophylla_20140729_15958-200x133.jpg 200w, https:\/\/micologica-barakaldo.org\/wp-content\/uploads\/2017\/09\/Chrysomphalina-chrysophylla_20140729_15958-400x265.jpg 400w, https:\/\/micologica-barakaldo.org\/wp-content\/uploads\/2017\/09\/Chrysomphalina-chrysophylla_20140729_15958-600x398.jpg 600w, https:\/\/micologica-barakaldo.org\/wp-content\/uploads\/2017\/09\/Chrysomphalina-chrysophylla_20140729_15958-800x530.jpg 800w, https:\/\/micologica-barakaldo.org\/wp-content\/uploads\/2017\/09\/Chrysomphalina-chrysophylla_20140729_15958.jpg 1024w\" sizes=\"auto, (max-width: 1024px) 100vw, 800px\" \/><\/span><\/div><div class=\"fusion-clearfix\"><\/div><\/div><\/div><div class=\"fusion-layout-column fusion_builder_column fusion-builder-column-2 fusion_builder_column_1_1 1_1 fusion-one-full fusion-column-first fusion-column-last\" style=\"--awb-padding-top:40px;--awb-bg-size:cover;\"><div class=\"fusion-column-wrapper fusion-flex-column-wrapper-legacy\"><div class=\"fusion-aligncenter\"><a class=\"fusion-button button-flat button-xlarge button-default fusion-button-default button-1 fusion-button-default-span fusion-button-default-type\" target=\"_self\" href=\"https:\/\/micologica-barakaldo.org\/wp-content\/uploads\/2020\/08\/Chrysomphalina-chrysophila_ficha.pdf\"><i class=\" fa fa-file-pdf-o awb-button__icon awb-button__icon--default button-icon-left\" aria-hidden=\"true\"><\/i><span class=\"fusion-button-text awb-button__text awb-button__text--default\">VER FICHA COMPLETA<\/span><\/a><\/div><div class=\"fusion-clearfix\"><\/div><\/div><\/div><\/div><\/div>\n","protected":false},"excerpt":{"rendered":"","protected":false},"author":2,"featured_media":656,"comment_status":"open","ping_status":"closed","sticky":false,"template":"","format":"standard","meta":{"footnotes":"","jetpack_publicize_message":"","jetpack_publicize_feature_enabled":true,"jetpack_social_post_already_shared":false,"jetpack_social_options":{"image_generator_settings":{"template":"highway","default_image_id":0,"font":"","enabled":false},"version":2}},"categories":[30,6],"tags":[],"class_list":["post-668","post","type-post","status-publish","format-standard","has-post-thumbnail","hentry","category-fichas-micologicas-setas-c","category-fichas-micologicas"],"jetpack_publicize_connections":[],"jetpack_featured_media_url":"https:\/\/micologica-barakaldo.org\/wp-content\/uploads\/2017\/09\/Chrysomphalina-chrysophylla_20140729_15958.jpg","jetpack_shortlink":"https:\/\/wp.me\/p9dTSQ-aM","_links":{"self":[{"href":"https:\/\/micologica-barakaldo.org\/eu\/wp-json\/wp\/v2\/posts\/668","targetHints":{"allow":["GET"]}}],"collection":[{"href":"https:\/\/micologica-barakaldo.org\/eu\/wp-json\/wp\/v2\/posts"}],"about":[{"href":"https:\/\/micologica-barakaldo.org\/eu\/wp-json\/wp\/v2\/types\/post"}],"author":[{"embeddable":true,"href":"https:\/\/micologica-barakaldo.org\/eu\/wp-json\/wp\/v2\/users\/2"}],"replies":[{"embeddable":true,"href":"https:\/\/micologica-barakaldo.org\/eu\/wp-json\/wp\/v2\/comments?post=668"}],"version-history":[{"count":4,"href":"https:\/\/micologica-barakaldo.org\/eu\/wp-json\/wp\/v2\/posts\/668\/revisions"}],"predecessor-version":[{"id":3923,"href":"https:\/\/micologica-barakaldo.org\/eu\/wp-json\/wp\/v2\/posts\/668\/revisions\/3923"}],"wp:featuredmedia":[{"embeddable":true,"href":"https:\/\/micologica-barakaldo.org\/eu\/wp-json\/wp\/v2\/media\/656"}],"wp:attachment":[{"href":"https:\/\/micologica-barakaldo.org\/eu\/wp-json\/wp\/v2\/media?parent=668"}],"wp:term":[{"taxonomy":"category","embeddable":true,"href":"https:\/\/micologica-barakaldo.org\/eu\/wp-json\/wp\/v2\/categories?post=668"},{"taxonomy":"post_tag","embeddable":true,"href":"https:\/\/micologica-barakaldo.org\/eu\/wp-json\/wp\/v2\/tags?post=668"}],"curies":[{"name":"wp","href":"https:\/\/api.w.org\/{rel}","templated":true}]}}