{"id":672,"date":"2017-11-05T23:29:45","date_gmt":"2017-11-05T22:29:45","guid":{"rendered":"https:\/\/micologica-barakaldo.org\/?p=672"},"modified":"2020-08-04T21:47:32","modified_gmt":"2020-08-04T20:47:32","slug":"arrhenia-griseopallida","status":"publish","type":"post","link":"https:\/\/micologica-barakaldo.org\/eu\/arrhenia-griseopallida\/","title":{"rendered":"Arrhenia griseopallida"},"content":{"rendered":"<div class=\"fusion-fullwidth fullwidth-box fusion-builder-row-1 nonhundred-percent-fullwidth non-hundred-percent-height-scrolling\" style=\"--awb-border-radius-top-left:0px;--awb-border-radius-top-right:0px;--awb-border-radius-bottom-right:0px;--awb-border-radius-bottom-left:0px;--awb-padding-bottom:50px;--awb-flex-wrap:wrap;\" ><div class=\"fusion-builder-row fusion-row\"><div class=\"fusion-layout-column fusion_builder_column fusion-builder-column-0 fusion_builder_column_1_2 1_2 fusion-one-half fusion-column-first\" style=\"--awb-bg-size:cover;width:48%; margin-right: 4%;\"><div class=\"fusion-column-wrapper fusion-flex-column-wrapper-legacy\"><div class=\"fusion-text fusion-text-1\"><p style=\"text-align: justify;\"><em>Caracteres marcrosc\u00f3picos<\/em>. P\u00edleo de hasta 35mm de di\u00e1metro, primero plano-convexo, pronto aplanado y profundamente embudado; margen sinuoso-ondulado festoneado, con impresiones radiales trasl\u00facidas que recorren desde el margen por las l\u00e1minas; de color pardo oscuro a pardo negro en tiempo h\u00famedo, pardo gris\u00e1ceo en estado seco. L\u00e1minas gruesas, espaciadas, intervenadas, muy decurrentes, con presencia de lam\u00e9lulas de tama\u00f1o variable; de color pardo marr\u00f3n a pardo gris\u00e1ceo. Est\u00edpite de hasta 20 x 5 mm, corto, cil\u00edndrico, liso, de color del p\u00edleo. Contexto marr\u00f3n, sin olor ni sabor particular.<\/p>\n<p style=\"text-align: justify;\"><em>Caracteres microsc\u00f3picos<\/em>. Basidi\u00f3sporas de 8,5 &#8211; 14,0 x 5,5 \u2013 7,5 \u00b5m \/ Q = 1,8 &#8211; 2,2; lisas, elipsoidales y un poco larmiformes, esporada de color blanco. Bucles presentes en las juntas de hifas.<\/p>\n<p style=\"text-align: justify;\"><em>Ecolog\u00eda.<\/em> En claros de bosque y bordes de camino, en zonas musgosas. Distribuci\u00f3n. \u00a0Poco frecuente.<\/p>\n<\/div><div class=\"fusion-clearfix\"><\/div><\/div><\/div><div class=\"fusion-layout-column fusion_builder_column fusion-builder-column-1 fusion_builder_column_1_2 1_2 fusion-one-half fusion-column-last\" style=\"--awb-bg-size:cover;width:48%;\"><div class=\"fusion-column-wrapper fusion-flex-column-wrapper-legacy\"><div class=\"fusion-image-element in-legacy-container\" style=\"--awb-caption-title-font-family:var(--h2_typography-font-family);--awb-caption-title-font-weight:var(--h2_typography-font-weight);--awb-caption-title-font-style:var(--h2_typography-font-style);--awb-caption-title-size:var(--h2_typography-font-size);--awb-caption-title-transform:var(--h2_typography-text-transform);--awb-caption-title-line-height:var(--h2_typography-line-height);--awb-caption-title-letter-spacing:var(--h2_typography-letter-spacing);\"><span class=\" fusion-imageframe imageframe-none imageframe-1 hover-type-none\"><img loading=\"lazy\" decoding=\"async\" width=\"1024\" height=\"697\" title=\"Arrhenia griseopallida_20130526_11732\" src=\"https:\/\/micologica-barakaldo.org\/wp-content\/uploads\/2017\/09\/Arrhenia-griseopallida_20130526_11732.jpg\" alt class=\"img-responsive wp-image-7984\" srcset=\"https:\/\/micologica-barakaldo.org\/wp-content\/uploads\/2017\/09\/Arrhenia-griseopallida_20130526_11732-200x136.jpg 200w, https:\/\/micologica-barakaldo.org\/wp-content\/uploads\/2017\/09\/Arrhenia-griseopallida_20130526_11732-400x272.jpg 400w, https:\/\/micologica-barakaldo.org\/wp-content\/uploads\/2017\/09\/Arrhenia-griseopallida_20130526_11732-600x408.jpg 600w, https:\/\/micologica-barakaldo.org\/wp-content\/uploads\/2017\/09\/Arrhenia-griseopallida_20130526_11732-800x545.jpg 800w, https:\/\/micologica-barakaldo.org\/wp-content\/uploads\/2017\/09\/Arrhenia-griseopallida_20130526_11732.jpg 1024w\" sizes=\"auto, (max-width: 1024px) 100vw, 800px\" \/><\/span><\/div><div class=\"fusion-clearfix\"><\/div><\/div><\/div><div class=\"fusion-layout-column fusion_builder_column fusion-builder-column-2 fusion_builder_column_1_1 1_1 fusion-one-full fusion-column-first fusion-column-last\" style=\"--awb-padding-top:40px;--awb-bg-size:cover;\"><div class=\"fusion-column-wrapper fusion-flex-column-wrapper-legacy\"><div class=\"fusion-aligncenter\"><a class=\"fusion-button button-flat button-xlarge button-default fusion-button-default button-1 fusion-button-default-span fusion-button-default-type\" target=\"_self\" href=\"https:\/\/micologica-barakaldo.org\/wp-content\/uploads\/2020\/08\/Arrhenia-griseopallida_ficha.pdf\"><i class=\" fa fa-file-pdf-o awb-button__icon awb-button__icon--default button-icon-left\" aria-hidden=\"true\"><\/i><span class=\"fusion-button-text awb-button__text awb-button__text--default\">VER FICHA COMPLETA<\/span><\/a><\/div><div class=\"fusion-clearfix\"><\/div><\/div><\/div><\/div><\/div>\n","protected":false},"excerpt":{"rendered":"","protected":false},"author":2,"featured_media":653,"comment_status":"open","ping_status":"closed","sticky":false,"template":"","format":"standard","meta":{"footnotes":"","jetpack_publicize_message":"","jetpack_publicize_feature_enabled":true,"jetpack_social_post_already_shared":false,"jetpack_social_options":{"image_generator_settings":{"template":"highway","default_image_id":0,"font":"","enabled":false},"version":2}},"categories":[28,6],"tags":[],"class_list":["post-672","post","type-post","status-publish","format-standard","has-post-thumbnail","hentry","category-fichas-micologicas-setas-a","category-fichas-micologicas"],"jetpack_publicize_connections":[],"jetpack_featured_media_url":"https:\/\/micologica-barakaldo.org\/wp-content\/uploads\/2017\/09\/Arrhenia-griseopallida_20130526_11732.jpg","jetpack_shortlink":"https:\/\/wp.me\/p9dTSQ-aQ","_links":{"self":[{"href":"https:\/\/micologica-barakaldo.org\/eu\/wp-json\/wp\/v2\/posts\/672","targetHints":{"allow":["GET"]}}],"collection":[{"href":"https:\/\/micologica-barakaldo.org\/eu\/wp-json\/wp\/v2\/posts"}],"about":[{"href":"https:\/\/micologica-barakaldo.org\/eu\/wp-json\/wp\/v2\/types\/post"}],"author":[{"embeddable":true,"href":"https:\/\/micologica-barakaldo.org\/eu\/wp-json\/wp\/v2\/users\/2"}],"replies":[{"embeddable":true,"href":"https:\/\/micologica-barakaldo.org\/eu\/wp-json\/wp\/v2\/comments?post=672"}],"version-history":[{"count":3,"href":"https:\/\/micologica-barakaldo.org\/eu\/wp-json\/wp\/v2\/posts\/672\/revisions"}],"predecessor-version":[{"id":3852,"href":"https:\/\/micologica-barakaldo.org\/eu\/wp-json\/wp\/v2\/posts\/672\/revisions\/3852"}],"wp:featuredmedia":[{"embeddable":true,"href":"https:\/\/micologica-barakaldo.org\/eu\/wp-json\/wp\/v2\/media\/653"}],"wp:attachment":[{"href":"https:\/\/micologica-barakaldo.org\/eu\/wp-json\/wp\/v2\/media?parent=672"}],"wp:term":[{"taxonomy":"category","embeddable":true,"href":"https:\/\/micologica-barakaldo.org\/eu\/wp-json\/wp\/v2\/categories?post=672"},{"taxonomy":"post_tag","embeddable":true,"href":"https:\/\/micologica-barakaldo.org\/eu\/wp-json\/wp\/v2\/tags?post=672"}],"curies":[{"name":"wp","href":"https:\/\/api.w.org\/{rel}","templated":true}]}}