{"id":6838,"date":"2022-06-19T20:32:43","date_gmt":"2022-06-19T19:32:43","guid":{"rendered":"https:\/\/micologica-barakaldo.org\/?p=6838"},"modified":"2022-06-19T20:36:50","modified_gmt":"2022-06-19T19:36:50","slug":"cyclocybe-erebia","status":"publish","type":"post","link":"https:\/\/micologica-barakaldo.org\/eu\/cyclocybe-erebia\/","title":{"rendered":"Cyclocybe erebia"},"content":{"rendered":"<div class=\"fusion-fullwidth fullwidth-box fusion-builder-row-1 nonhundred-percent-fullwidth non-hundred-percent-height-scrolling\" style=\"--awb-border-radius-top-left:0px;--awb-border-radius-top-right:0px;--awb-border-radius-bottom-right:0px;--awb-border-radius-bottom-left:0px;--awb-padding-bottom:50px;--awb-flex-wrap:wrap;\" ><div class=\"fusion-builder-row fusion-row\"><div class=\"fusion-layout-column fusion_builder_column fusion-builder-column-0 fusion_builder_column_1_2 1_2 fusion-one-half fusion-column-first\" style=\"--awb-bg-size:cover;width:48%; margin-right: 4%;\"><div class=\"fusion-column-wrapper fusion-flex-column-wrapper-legacy\"><div class=\"fusion-text fusion-text-1\"><p style=\"text-align: justify;\"><span style=\"color: #000000;\"><em>Cyclocybe erebia <\/em>(Fr.) Vizzini &amp; Matheny, Index Fungorum 154: 1. 2014<\/span><\/p>\n<p style=\"text-align: justify;\"><span style=\"color: #000000;\">\u2261<em>Agaricus erebius<\/em> Fr., Systema Mycologicum 1: 246. 1821 [basion.]<\/span><\/p>\n<p style=\"text-align: justify;\"><span style=\"color: #000000;\">\u2261<em>Agrocybe erebia<\/em> (Fr.) Singer, Schweizerische Zeitschrift f\u00fcr Pilzkunde 17: 97. 1939<\/span><\/p>\n<p style=\"text-align: justify;\"><span style=\"color: #000000;\"><em>\u00a0<\/em><em>Caracteres macrosc\u00f3picos<\/em>. P\u00edleo de (16) 24-50 mm; no muy carnoso, salvo en el disco; regular, globuloso o algo c\u00f3nico, con margen de incurvado a recto, al final plano-convexo con margen hacia abajo; cut\u00edcula algo viscosa, luego seca, lisa o algo asurcada-cerebriforme; con corona discontinua de copos sueltos de velo blanco a unos mm del margen; caf\u00e9 con leche-fuliginoso, despu\u00e9s m\u00e1s claro, con la zona central siempre m\u00e1s oscura, leonada o pardusca-gris. L\u00e1minas separadas; regulares; anchas; uncinadas o emarginado-uncinadas; de caf\u00e9 con leche a arcilla-tabaco oscuro, algo grises; arista entera y concolor; ligeramente sinuoso-venosas al fondo. Esporada color tabaco algo ferrug\u00edneo. Est\u00edpite m\u00e1s bien largo y fino: 40-42 x 44 x 5-6 mm; hueco, endeble, fr\u00e1gil; ligera y gradualmente claviforme; parte superior furfur\u00e1cea (con caulocistidios), anillo alto o medio, e \u00ednfero, el resto rayado verticalmente; color similar al del sombrero, blanquecino sucio, griseante con toque morado al roce, m\u00e1s negruzco fuliginoso hacia la base, sobre todo al madurar. Contexto escaso o medio, fr\u00e1gil. Blanquecino en el sombrero y paulatinamente m\u00e1s oscuro, pardusco, hacia la base del pie, que es casi negra (de viejo). Olor ligero f\u00fangico, banal.<\/span><\/p>\n<p style=\"text-align: justify;\"><span style=\"color: #000000;\"><em>\u00a0<\/em><em>Caracteres microsc\u00f3picos<\/em>.\u00a0 Basidi\u00f3sporas de 10,17- 13,48 x 5,63-7,06 \u00b5m, Valor medio 12,09 x 6,55 \u00b5m, Q = 1,65-2,01; amigdaloides, algo fusoides sobre todo en la mitad distal que, a veces, es algo obtusamente citriforme; sin poro, un poco dextrinoides. Queilocistidios (40,82)41,57-48,19(50,64) x (8,42)9,30-14,08(15,55) \u00b5m lageniformes, a veces m\u00e1s o menos cil\u00edndricos (quiz\u00e1s en desarrollo). Trama laminar subregular a irregular.\u00a0 Pileipellis no observada<\/span><\/p>\n<p style=\"text-align: justify;\"><span style=\"color: #000000;\"><em>Ecolog\u00eda<\/em>. Fructifica de forma solitaria o gregaria, en bosques de frondosas, en suelo desnudo o con hojarasca. <em>Distribuci\u00f3n<\/em>. Muy raro. RR.\u00a0<\/span><\/p>\n<p style=\"text-align: justify;\"><span style=\"color: #000000;\">Citar como: Cadi\u00f1anos, J.A. 2022. <em>Cyclocybe erebia <\/em>(Fr.) Vizzini &amp; Matheny,\u00a0micol\u00f3gica-barakaldo.org [en l\u00ednea]. Fichas Micol\u00f3gicas, n\u00ba 655 (Actualizada el 19-VI-2022). Disponible en: \u00a0<a style=\"color: #000000;\" href=\"https:\/\/micologica-barakaldo.org\/Cyclocybe-erebia\/\">https:\/\/micologica-barakaldo.org\/Cyclocybe-erebia\/<\/a><\/span><\/p>\n<p style=\"text-align: justify;\">\u00a0<\/p>\n<p>&nbsp;<\/p>\n<p style=\"text-align: justify;\">\u00a0<\/p>\n<\/div><div class=\"fusion-clearfix\"><\/div><\/div><\/div><div class=\"fusion-layout-column fusion_builder_column fusion-builder-column-1 fusion_builder_column_1_2 1_2 fusion-one-half fusion-column-last\" style=\"--awb-bg-size:cover;width:48%;\"><div class=\"fusion-column-wrapper fusion-flex-column-wrapper-legacy\"><div class=\"fusion-image-element in-legacy-container\" style=\"--awb-caption-title-font-family:var(--h2_typography-font-family);--awb-caption-title-font-weight:var(--h2_typography-font-weight);--awb-caption-title-font-style:var(--h2_typography-font-style);--awb-caption-title-size:var(--h2_typography-font-size);--awb-caption-title-transform:var(--h2_typography-text-transform);--awb-caption-title-line-height:var(--h2_typography-line-height);--awb-caption-title-letter-spacing:var(--h2_typography-letter-spacing);\"><span class=\" fusion-imageframe imageframe-none imageframe-1 hover-type-none\"><img loading=\"lazy\" decoding=\"async\" width=\"1204\" height=\"822\" title=\"Cyclocybe (Agrocybe) erebia 12-08-2021 avellano Castro Urdiales\" src=\"https:\/\/micologica-barakaldo.org\/wp-content\/uploads\/2022\/06\/Cyclocybe-Agrocybe-erebia-12-08-2021-avellano-Castro-Urdiales.jpg\" alt class=\"img-responsive wp-image-6837\" srcset=\"https:\/\/micologica-barakaldo.org\/wp-content\/uploads\/2022\/06\/Cyclocybe-Agrocybe-erebia-12-08-2021-avellano-Castro-Urdiales-200x137.jpg 200w, https:\/\/micologica-barakaldo.org\/wp-content\/uploads\/2022\/06\/Cyclocybe-Agrocybe-erebia-12-08-2021-avellano-Castro-Urdiales-400x273.jpg 400w, https:\/\/micologica-barakaldo.org\/wp-content\/uploads\/2022\/06\/Cyclocybe-Agrocybe-erebia-12-08-2021-avellano-Castro-Urdiales-600x410.jpg 600w, https:\/\/micologica-barakaldo.org\/wp-content\/uploads\/2022\/06\/Cyclocybe-Agrocybe-erebia-12-08-2021-avellano-Castro-Urdiales-800x546.jpg 800w, https:\/\/micologica-barakaldo.org\/wp-content\/uploads\/2022\/06\/Cyclocybe-Agrocybe-erebia-12-08-2021-avellano-Castro-Urdiales-1200x819.jpg 1200w, https:\/\/micologica-barakaldo.org\/wp-content\/uploads\/2022\/06\/Cyclocybe-Agrocybe-erebia-12-08-2021-avellano-Castro-Urdiales.jpg 1204w\" sizes=\"auto, (max-width: 1024px) 100vw, 800px\" \/><\/span><\/div><div class=\"fusion-clearfix\"><\/div><\/div><\/div><div class=\"fusion-layout-column fusion_builder_column fusion-builder-column-2 fusion_builder_column_1_1 1_1 fusion-one-full fusion-column-first fusion-column-last\" style=\"--awb-padding-top:40px;--awb-bg-size:cover;\"><div class=\"fusion-column-wrapper fusion-flex-column-wrapper-legacy\"><div class=\"fusion-aligncenter\"><a class=\"fusion-button button-flat button-xlarge button-default fusion-button-default button-1 fusion-button-default-span fusion-button-default-type\" target=\"_self\" href=\"https:\/\/micologica-barakaldo.org\/wp-content\/uploads\/2022\/06\/Cyclocybe-erebia-1.pdf\"><i class=\"fa-file-pdf far awb-button__icon awb-button__icon--default button-icon-left\" aria-hidden=\"true\"><\/i><span class=\"fusion-button-text awb-button__text awb-button__text--default\">VER FICHA COMPLETA<\/span><\/a><\/div><div class=\"fusion-clearfix\"><\/div><\/div><\/div><\/div><\/div>\n","protected":false},"excerpt":{"rendered":"","protected":false},"author":2,"featured_media":6836,"comment_status":"open","ping_status":"closed","sticky":false,"template":"","format":"standard","meta":{"footnotes":"","jetpack_publicize_message":"","jetpack_publicize_feature_enabled":true,"jetpack_social_post_already_shared":true,"jetpack_social_options":{"image_generator_settings":{"template":"highway","default_image_id":0,"font":"","enabled":false},"version":2}},"categories":[30,6],"tags":[],"class_list":["post-6838","post","type-post","status-publish","format-standard","has-post-thumbnail","hentry","category-fichas-micologicas-setas-c","category-fichas-micologicas"],"jetpack_publicize_connections":[],"jetpack_featured_media_url":"https:\/\/micologica-barakaldo.org\/wp-content\/uploads\/2022\/06\/Cyclocybe-Agrocybe-erebia-12-08-2021-avellano-Castro-Urdiales.jpg","jetpack_shortlink":"https:\/\/wp.me\/p9dTSQ-1Mi","_links":{"self":[{"href":"https:\/\/micologica-barakaldo.org\/eu\/wp-json\/wp\/v2\/posts\/6838","targetHints":{"allow":["GET"]}}],"collection":[{"href":"https:\/\/micologica-barakaldo.org\/eu\/wp-json\/wp\/v2\/posts"}],"about":[{"href":"https:\/\/micologica-barakaldo.org\/eu\/wp-json\/wp\/v2\/types\/post"}],"author":[{"embeddable":true,"href":"https:\/\/micologica-barakaldo.org\/eu\/wp-json\/wp\/v2\/users\/2"}],"replies":[{"embeddable":true,"href":"https:\/\/micologica-barakaldo.org\/eu\/wp-json\/wp\/v2\/comments?post=6838"}],"version-history":[{"count":2,"href":"https:\/\/micologica-barakaldo.org\/eu\/wp-json\/wp\/v2\/posts\/6838\/revisions"}],"predecessor-version":[{"id":6842,"href":"https:\/\/micologica-barakaldo.org\/eu\/wp-json\/wp\/v2\/posts\/6838\/revisions\/6842"}],"wp:featuredmedia":[{"embeddable":true,"href":"https:\/\/micologica-barakaldo.org\/eu\/wp-json\/wp\/v2\/media\/6836"}],"wp:attachment":[{"href":"https:\/\/micologica-barakaldo.org\/eu\/wp-json\/wp\/v2\/media?parent=6838"}],"wp:term":[{"taxonomy":"category","embeddable":true,"href":"https:\/\/micologica-barakaldo.org\/eu\/wp-json\/wp\/v2\/categories?post=6838"},{"taxonomy":"post_tag","embeddable":true,"href":"https:\/\/micologica-barakaldo.org\/eu\/wp-json\/wp\/v2\/tags?post=6838"}],"curies":[{"name":"wp","href":"https:\/\/api.w.org\/{rel}","templated":true}]}}