{"id":6898,"date":"2022-07-16T20:14:52","date_gmt":"2022-07-16T19:14:52","guid":{"rendered":"https:\/\/micologica-barakaldo.org\/?p=6898"},"modified":"2024-07-23T18:28:09","modified_gmt":"2024-07-23T17:28:09","slug":"cortinarius-uliginobtusus","status":"publish","type":"post","link":"https:\/\/micologica-barakaldo.org\/eu\/cortinarius-uliginobtusus\/","title":{"rendered":"Cortinarius uliginobtusus"},"content":{"rendered":"<div class=\"fusion-fullwidth fullwidth-box fusion-builder-row-1 nonhundred-percent-fullwidth non-hundred-percent-height-scrolling\" style=\"--awb-border-radius-top-left:0px;--awb-border-radius-top-right:0px;--awb-border-radius-bottom-right:0px;--awb-border-radius-bottom-left:0px;--awb-padding-bottom:50px;--awb-flex-wrap:wrap;\" ><div class=\"fusion-builder-row fusion-row\"><div class=\"fusion-layout-column fusion_builder_column fusion-builder-column-0 fusion_builder_column_1_2 1_2 fusion-one-half fusion-column-first\" style=\"--awb-bg-size:cover;width:48%; margin-right: 4%;\"><div class=\"fusion-column-wrapper fusion-flex-column-wrapper-legacy\"><div class=\"fusion-text fusion-text-1\"><p>&nbsp;<\/p>\n<p style=\"text-align: justify;\"><strong><em>Cortinarius uliginobtusus <\/em><\/strong><strong>Rob. Henry<\/strong>, Bulletin de la Soci\u00e9t\u00e9 Mycologique de France 56: 109. 1941<\/p>\n<p style=\"text-align: justify;\"><strong><em>\u00a0<\/em><\/strong>Mycobank: \u00a0<a href=\"https:\/\/www.mycobank.org\/MB\/285800\">\u00a0<span style=\"color: #0000ff;\">285800<\/span><\/a><\/p>\n<p style=\"text-align: justify;\"><em>Caracteres macrosc\u00f3picos<\/em>. <em>Basidiomas<\/em> en grandes grupos +50, algunos cespitosos. <em>P\u00edleo<\/em> de 12-35 mm de di\u00e1metro, primero c\u00f3nico, c\u00f3nico convexo, despu\u00e9s convexo a plano convexo, manteniendo en todos los casos un umb\u00f3n obtuso bien marcado; margen un poco incurvado al principio, agudo, pronto recto, blanquecino por los restos de velo; superficie pileica lisa, higr\u00f3fana, mate, estriada por transparencia; de color marr\u00f3n rojizo, pardo rojizo, m\u00e1s oscuro en el disco y en algunos basidiomas inmaduros en tiempo h\u00famedo; palideciendo a tonos marr\u00f3n, marr\u00f3n casta\u00f1o pero manteniendo un tono m\u00e1s oscuro en el disco. <em>L\u00e1minas<\/em> poco apretadas, con lam\u00e9lulas, anchas de hasta 6 mm, adnatos libres o adnatas por un diente; de color primero marr\u00f3n crema, despu\u00e9s marr\u00f3n canela a marr\u00f3n oscuro; arista entera, crema blanquecino. <em>Est\u00edpite<\/em> de 35-75 \u00d7 2-4 mm, esbelto, cilindr\u00e1ceo, ligeramente abultado hacia la base, cubierto de finas fibrillas blanquecinas sobre un fondo crema p\u00e1lido a crema ocre en la mitad inferior, se observan en algunos basidiomas con bandas fugaces de velo; cortina fugaz, blanquecina, marr\u00f3n en la madurez por el color de las esporas. <em>Contexto<\/em> poco espeso, acuoso, de color marr\u00f3n rojizo oscuro en el p\u00edleo, marr\u00f3n naranja sucio en el est\u00edpite; olor no determinado que recuerda a medicamento, sabor no destacable.<\/p>\n<p style=\"text-align: justify;\"><em>Caracteres microsc\u00f3picos<\/em>. <em>Basidiosporas<\/em> de (7,5) 8,1 \u00b1 0,36 (9,0) \u00d7 (4,7) 5,0 \u00b1 0,22 (5,4); Q = (1,4) 1,6 \u00b1 0,10 (1,8); el\u00edpticas, con verrugas finas y bajas, aisladas, amarillo ocre en agua. Esporada marr\u00f3n canela. <em>Pileipellis<\/em> tipo <em>tricodermis,<\/em> con hifas tumbadas m\u00e1s o menos subparalelas, con dos capas: suprapellis de hasta 50 \u00b5m de espesor, con hifas de hasta \u00d78 \u00b5m; subpellis de hasta 250 \u00b5m, con hifas globosas de hasta \u00d750 \u00b5m, pigmentadas de ocre amarillo, juntas con f\u00edbulas.<\/p>\n<p style=\"text-align: justify;\"><em>Ecolog\u00eda. <\/em>En verano y oto\u00f1o en bosques preferentemente de <em>Picea abies<\/em>, en zonas h\u00famedas con briofitos, de tendencia montana y boreal.<em> Ditribuci\u00f3n. <\/em>Muy raro, RR. \u00a0Fotograf\u00eda. Jos\u00e9 A. Mu\u00f1oz S\u00e1nchez.<\/p>\n<p style=\"text-align: justify;\">Citar como: Mu\u00f1oz, J.A. (2022). <em>Cortinarius uliginobtusus <\/em>Rob. Henry, micol\u00f3gica-barakaldo.org [en l\u00ednea]. Fichas Micol\u00f3gicas, n\u00ba 662 (Actualizada el 25-V-2024). Disponible en:\u00a0 <a href=\"https:\/\/micologica-barakaldo.org\/Cortinarius-uliginobtusus\/\">https:\/\/micologica-barakaldo.org\/Cortinarius-uliginobtusus\/<\/a><\/p>\n<p style=\"text-align: justify;\">\u00a0<\/p>\n<\/div><div class=\"fusion-clearfix\"><\/div><\/div><\/div><div class=\"fusion-layout-column fusion_builder_column fusion-builder-column-1 fusion_builder_column_1_2 1_2 fusion-one-half fusion-column-last\" style=\"--awb-bg-size:cover;width:48%;\"><div class=\"fusion-column-wrapper fusion-flex-column-wrapper-legacy\"><div class=\"fusion-image-element in-legacy-container\" style=\"--awb-caption-title-font-family:var(--h2_typography-font-family);--awb-caption-title-font-weight:var(--h2_typography-font-weight);--awb-caption-title-font-style:var(--h2_typography-font-style);--awb-caption-title-size:var(--h2_typography-font-size);--awb-caption-title-transform:var(--h2_typography-text-transform);--awb-caption-title-line-height:var(--h2_typography-line-height);--awb-caption-title-letter-spacing:var(--h2_typography-letter-spacing);\"><span class=\" fusion-imageframe imageframe-none imageframe-1 hover-type-none\"><img loading=\"lazy\" decoding=\"async\" width=\"1204\" height=\"844\" title=\"Cortinarius uliginobtusus_20211212_6490\" src=\"https:\/\/micologica-barakaldo.org\/wp-content\/uploads\/2024\/05\/Cortinarius-uliginobtusus_20211212_6490.jpg\" alt class=\"img-responsive wp-image-10408\" srcset=\"https:\/\/micologica-barakaldo.org\/wp-content\/uploads\/2024\/05\/Cortinarius-uliginobtusus_20211212_6490-200x140.jpg 200w, https:\/\/micologica-barakaldo.org\/wp-content\/uploads\/2024\/05\/Cortinarius-uliginobtusus_20211212_6490-400x280.jpg 400w, https:\/\/micologica-barakaldo.org\/wp-content\/uploads\/2024\/05\/Cortinarius-uliginobtusus_20211212_6490-600x421.jpg 600w, https:\/\/micologica-barakaldo.org\/wp-content\/uploads\/2024\/05\/Cortinarius-uliginobtusus_20211212_6490-800x561.jpg 800w, https:\/\/micologica-barakaldo.org\/wp-content\/uploads\/2024\/05\/Cortinarius-uliginobtusus_20211212_6490-1200x841.jpg 1200w, https:\/\/micologica-barakaldo.org\/wp-content\/uploads\/2024\/05\/Cortinarius-uliginobtusus_20211212_6490.jpg 1204w\" sizes=\"auto, (max-width: 1024px) 100vw, 800px\" \/><\/span><\/div><div class=\"fusion-clearfix\"><\/div><\/div><\/div><div class=\"fusion-layout-column fusion_builder_column fusion-builder-column-2 fusion_builder_column_1_1 1_1 fusion-one-full fusion-column-first fusion-column-last\" style=\"--awb-padding-top:40px;--awb-bg-size:cover;\"><div class=\"fusion-column-wrapper fusion-flex-column-wrapper-legacy\"><div class=\"fusion-aligncenter\"><a class=\"fusion-button button-flat button-xlarge button-default fusion-button-default button-1 fusion-button-default-span fusion-button-default-type\" target=\"_self\" href=\"https:\/\/micologica-barakaldo.org\/wp-content\/uploads\/2024\/07\/Cortinarius-uliginobtusus.pdf\"><i class=\"fa-file-pdf far awb-button__icon awb-button__icon--default button-icon-left\" aria-hidden=\"true\"><\/i><span class=\"fusion-button-text awb-button__text awb-button__text--default\">VER FICHA COMPLETA<\/span><\/a><\/div><div class=\"fusion-clearfix\"><\/div><\/div><\/div><\/div><\/div>\n","protected":false},"excerpt":{"rendered":"","protected":false},"author":2,"featured_media":10407,"comment_status":"open","ping_status":"closed","sticky":false,"template":"","format":"standard","meta":{"footnotes":"","jetpack_publicize_message":"","jetpack_publicize_feature_enabled":true,"jetpack_social_post_already_shared":true,"jetpack_social_options":{"image_generator_settings":{"template":"highway","default_image_id":0,"font":"","enabled":false},"version":2}},"categories":[30,6],"tags":[],"class_list":["post-6898","post","type-post","status-publish","format-standard","has-post-thumbnail","hentry","category-fichas-micologicas-setas-c","category-fichas-micologicas"],"jetpack_publicize_connections":[],"jetpack_featured_media_url":"https:\/\/micologica-barakaldo.org\/wp-content\/uploads\/2024\/05\/Cortinarius-uliginobtusus_20211212_6490.jpg","jetpack_shortlink":"https:\/\/wp.me\/p9dTSQ-1Ng","_links":{"self":[{"href":"https:\/\/micologica-barakaldo.org\/eu\/wp-json\/wp\/v2\/posts\/6898","targetHints":{"allow":["GET"]}}],"collection":[{"href":"https:\/\/micologica-barakaldo.org\/eu\/wp-json\/wp\/v2\/posts"}],"about":[{"href":"https:\/\/micologica-barakaldo.org\/eu\/wp-json\/wp\/v2\/types\/post"}],"author":[{"embeddable":true,"href":"https:\/\/micologica-barakaldo.org\/eu\/wp-json\/wp\/v2\/users\/2"}],"replies":[{"embeddable":true,"href":"https:\/\/micologica-barakaldo.org\/eu\/wp-json\/wp\/v2\/comments?post=6898"}],"version-history":[{"count":6,"href":"https:\/\/micologica-barakaldo.org\/eu\/wp-json\/wp\/v2\/posts\/6898\/revisions"}],"predecessor-version":[{"id":10547,"href":"https:\/\/micologica-barakaldo.org\/eu\/wp-json\/wp\/v2\/posts\/6898\/revisions\/10547"}],"wp:featuredmedia":[{"embeddable":true,"href":"https:\/\/micologica-barakaldo.org\/eu\/wp-json\/wp\/v2\/media\/10407"}],"wp:attachment":[{"href":"https:\/\/micologica-barakaldo.org\/eu\/wp-json\/wp\/v2\/media?parent=6898"}],"wp:term":[{"taxonomy":"category","embeddable":true,"href":"https:\/\/micologica-barakaldo.org\/eu\/wp-json\/wp\/v2\/categories?post=6898"},{"taxonomy":"post_tag","embeddable":true,"href":"https:\/\/micologica-barakaldo.org\/eu\/wp-json\/wp\/v2\/tags?post=6898"}],"curies":[{"name":"wp","href":"https:\/\/api.w.org\/{rel}","templated":true}]}}