{"id":6971,"date":"2022-08-14T22:13:11","date_gmt":"2022-08-14T21:13:11","guid":{"rendered":"https:\/\/micologica-barakaldo.org\/?p=6971"},"modified":"2022-08-14T22:13:11","modified_gmt":"2022-08-14T21:13:11","slug":"suillus-mediterraneensis","status":"publish","type":"post","link":"https:\/\/micologica-barakaldo.org\/eu\/suillus-mediterraneensis\/","title":{"rendered":"Suillus mediterraneensis"},"content":{"rendered":"<div class=\"fusion-fullwidth fullwidth-box fusion-builder-row-1 nonhundred-percent-fullwidth non-hundred-percent-height-scrolling\" style=\"--awb-border-radius-top-left:0px;--awb-border-radius-top-right:0px;--awb-border-radius-bottom-right:0px;--awb-border-radius-bottom-left:0px;--awb-padding-bottom:50px;--awb-flex-wrap:wrap;\" ><div class=\"fusion-builder-row fusion-row\"><div class=\"fusion-layout-column fusion_builder_column fusion-builder-column-0 fusion_builder_column_1_2 1_2 fusion-one-half fusion-column-first\" style=\"--awb-bg-size:cover;width:48%; margin-right: 4%;\"><div class=\"fusion-column-wrapper fusion-flex-column-wrapper-legacy\"><div class=\"fusion-text fusion-text-1\"><p style=\"text-align: justify;\"><span style=\"color: #000000;\"><em>Suillus mediterraneensis<\/em>\u00a0 (Jacquetant et Blum 1969) Redeuilh, Doc. Mycol. 22 (86) : 40, 1992<\/span><\/p>\n<p style=\"text-align: justify;\"><span style=\"color: #000000;\">\u2261<em>Boletus mediterraneensis<\/em>\u00a0 Jacquetant et Blum, Bull. Soc. Mycol. France 85 (1) : 42. 1969 [basionym]<\/span><\/p>\n<p style=\"text-align: justify;\"><span style=\"color: #000000;\"><em>Caracteres macrosc\u00f3picos<\/em>. P\u00edleo hasta 70 mm, primero hemisf\u00e9rico, despu\u00e9s convexo y extendido; superficie viscosa a muy viscosa, brillante, lisa, sin fibrillas, inicialmente blanquecina o amarillenta, ocre marr\u00f3n por zonas, sobre fondo amarillo o con tonos anaranjados, finalmente puede ser totalmente ocre anaranjado o marr\u00f3n anaranjado; margen enrollado para mostrarse tard\u00edamente extendido y excedente. Himen\u00f3foro: tubos amarillos, de 4-8 mm, de adnatos a uncinados, de color primero blanquecino amarillo, despu\u00e9s amarillo, oliv\u00e1ceo en la madurez; poros peque\u00f1os, concoloros a los tubos; algunos ejemplares presentan exudaciones de gotitas amarillentas o incluso en algunos casos de color naranja cobrizos (posiblemente por la desecaci\u00f3n). Est\u00edpite de 40-70 x 10-20 mm, cil\u00edndrico, un poco curvado, adelgazado hacia la base; de color amarillo lim\u00f3n en la parte media y alta, amarillo cromo hacia la base; superficie cubierta, sobre todo en los 2\/3 superiores, de gr\u00e1nulos o p\u00fastulas, de color naranja-p\u00e1lido, pardo granate a pardo oscuro en los basidiomas maduros; micelio basal rosa p\u00e1lido. Contexto pronto blando, blanquecino amarillento, m\u00e1s amarillo cerca de los tubos y en el p\u00edleo, m\u00e1s intenso cuando los basidiomas est\u00e1n embebidos, amarillo cromo vivo hacia la base del est\u00edpite, incluso naranja rojizo en las oquedades de los par\u00e1sitos.<\/span><\/p>\n<p style=\"text-align: justify;\"><span style=\"color: #000000;\"><em>Caracteres microsc\u00f3picos<\/em>. Basidi\u00f3sporas de (8,5) 9,6 \u00b1 0,50 (10,5) x (3,2) 3,9 \u00b1 0,30 (4,3) \u03bcm Q = (2,1) 2,5 \u00b1 0,20 (2,8), el\u00edpticas o fusiformes, gutuladas, lisas, con paredes espesas, ocre amarillento. Esporada de color pardo marr\u00f3n. Cistidios de 40-60 x 5 &#8211; 10 \u03bcm, en forma de maza, claviformes, fasciculados, con pigmentaci\u00f3n marr\u00f3n. Caulocistidios de 40-65 x 7-14 \u03bcm, en forma de maza, fasciculados, con pigmento de color ocre o marr\u00f3n. Pileipellis del tipo ixotricodermis de hifas entremezcladas, gelificadas, largas, delgadas, cil\u00edndricas, septadas, juntas sin f\u00edbulas; art\u00edculos terminales cil\u00edndricos, con el \u00e1pice redondeado, de calibre 40-100 x 2-6 \u03bcm, Q = 10-20, con finas incrustaciones granulosas, pigmentadas de marr\u00f3n.<\/span><\/p>\n<p style=\"text-align: justify;\"><span style=\"color: #000000;\"><em>Ecolog\u00eda<\/em>. En bosques de ambiente mediterr\u00e1neo, bajo <em>Pinus sp<\/em>., sobre todo <em>P. halepensis<\/em>, tambi\u00e9n <em>P. pinea, P. pinaster<\/em>, preferentemente en terreno calc\u00e1reo, poco frecuente.\u00a0<\/span><\/p>\n<p style=\"text-align: justify;\"><span style=\"color: #000000;\">Citar como: Mu\u00f1oz, J.A. 2022. <em>Suillus mediterraneensis<\/em> (Jacquetant et Blum 1969) Redeuilh,\u00a0micol\u00f3gica-barakaldo.org [en l\u00ednea]. Fichas Micol\u00f3gicas, n\u00ba 671 (Actualizada el 14-VIII-2022). Disponible en: \u00a0<a style=\"color: #000000;\" href=\"https:\/\/micologica-barakaldo.org\/Suillus-mediterraneensis\/\">https:\/\/micologica-barakaldo.org\/Suillus-mediterraneensis\/<\/a><\/span><\/p>\n<\/div><div class=\"fusion-clearfix\"><\/div><\/div><\/div><div class=\"fusion-layout-column fusion_builder_column fusion-builder-column-1 fusion_builder_column_1_2 1_2 fusion-one-half fusion-column-last\" style=\"--awb-bg-size:cover;width:48%;\"><div class=\"fusion-column-wrapper fusion-flex-column-wrapper-legacy\"><div class=\"fusion-image-element in-legacy-container\" style=\"--awb-caption-title-font-family:var(--h2_typography-font-family);--awb-caption-title-font-weight:var(--h2_typography-font-weight);--awb-caption-title-font-style:var(--h2_typography-font-style);--awb-caption-title-size:var(--h2_typography-font-size);--awb-caption-title-transform:var(--h2_typography-text-transform);--awb-caption-title-line-height:var(--h2_typography-line-height);--awb-caption-title-letter-spacing:var(--h2_typography-letter-spacing);\"><span class=\" fusion-imageframe imageframe-none imageframe-1 hover-type-none\"><img loading=\"lazy\" decoding=\"async\" width=\"1204\" height=\"832\" title=\"DCF 1.0\" src=\"https:\/\/micologica-barakaldo.org\/wp-content\/uploads\/2022\/08\/Suillus-mediterraneensis04.jpg\" alt class=\"img-responsive wp-image-6970\" srcset=\"https:\/\/micologica-barakaldo.org\/wp-content\/uploads\/2022\/08\/Suillus-mediterraneensis04-200x138.jpg 200w, https:\/\/micologica-barakaldo.org\/wp-content\/uploads\/2022\/08\/Suillus-mediterraneensis04-400x276.jpg 400w, https:\/\/micologica-barakaldo.org\/wp-content\/uploads\/2022\/08\/Suillus-mediterraneensis04-600x415.jpg 600w, https:\/\/micologica-barakaldo.org\/wp-content\/uploads\/2022\/08\/Suillus-mediterraneensis04-800x553.jpg 800w, https:\/\/micologica-barakaldo.org\/wp-content\/uploads\/2022\/08\/Suillus-mediterraneensis04-1200x829.jpg 1200w, https:\/\/micologica-barakaldo.org\/wp-content\/uploads\/2022\/08\/Suillus-mediterraneensis04.jpg 1204w\" sizes=\"auto, (max-width: 1024px) 100vw, 800px\" \/><\/span><\/div><div class=\"fusion-clearfix\"><\/div><\/div><\/div><div class=\"fusion-layout-column fusion_builder_column fusion-builder-column-2 fusion_builder_column_1_1 1_1 fusion-one-full fusion-column-first fusion-column-last\" style=\"--awb-padding-top:40px;--awb-bg-size:cover;\"><div class=\"fusion-column-wrapper fusion-flex-column-wrapper-legacy\"><div class=\"fusion-aligncenter\"><a class=\"fusion-button button-flat button-xlarge button-default fusion-button-default button-1 fusion-button-default-span fusion-button-default-type\" target=\"_self\" href=\"https:\/\/micologica-barakaldo.org\/wp-content\/uploads\/2022\/08\/Suillus-mediterraneensis.pdf\"><i class=\"fa-file-pdf far awb-button__icon awb-button__icon--default button-icon-left\" aria-hidden=\"true\"><\/i><span class=\"fusion-button-text awb-button__text awb-button__text--default\">VER FICHA COMPLETA<\/span><\/a><\/div><div class=\"fusion-clearfix\"><\/div><\/div><\/div><\/div><\/div>\n","protected":false},"excerpt":{"rendered":"","protected":false},"author":2,"featured_media":6969,"comment_status":"open","ping_status":"closed","sticky":false,"template":"","format":"standard","meta":{"footnotes":"","jetpack_publicize_message":"","jetpack_publicize_feature_enabled":true,"jetpack_social_post_already_shared":true,"jetpack_social_options":{"image_generator_settings":{"template":"highway","default_image_id":0,"font":"","enabled":false},"version":2}},"categories":[6,46],"tags":[],"class_list":["post-6971","post","type-post","status-publish","format-standard","has-post-thumbnail","hentry","category-fichas-micologicas","category-fichas-micologicas-setas-s"],"jetpack_publicize_connections":[],"jetpack_featured_media_url":"https:\/\/micologica-barakaldo.org\/wp-content\/uploads\/2022\/08\/Suillus-mediterraneensis04.jpg","jetpack_shortlink":"https:\/\/wp.me\/p9dTSQ-1Or","_links":{"self":[{"href":"https:\/\/micologica-barakaldo.org\/eu\/wp-json\/wp\/v2\/posts\/6971","targetHints":{"allow":["GET"]}}],"collection":[{"href":"https:\/\/micologica-barakaldo.org\/eu\/wp-json\/wp\/v2\/posts"}],"about":[{"href":"https:\/\/micologica-barakaldo.org\/eu\/wp-json\/wp\/v2\/types\/post"}],"author":[{"embeddable":true,"href":"https:\/\/micologica-barakaldo.org\/eu\/wp-json\/wp\/v2\/users\/2"}],"replies":[{"embeddable":true,"href":"https:\/\/micologica-barakaldo.org\/eu\/wp-json\/wp\/v2\/comments?post=6971"}],"version-history":[{"count":2,"href":"https:\/\/micologica-barakaldo.org\/eu\/wp-json\/wp\/v2\/posts\/6971\/revisions"}],"predecessor-version":[{"id":6973,"href":"https:\/\/micologica-barakaldo.org\/eu\/wp-json\/wp\/v2\/posts\/6971\/revisions\/6973"}],"wp:featuredmedia":[{"embeddable":true,"href":"https:\/\/micologica-barakaldo.org\/eu\/wp-json\/wp\/v2\/media\/6969"}],"wp:attachment":[{"href":"https:\/\/micologica-barakaldo.org\/eu\/wp-json\/wp\/v2\/media?parent=6971"}],"wp:term":[{"taxonomy":"category","embeddable":true,"href":"https:\/\/micologica-barakaldo.org\/eu\/wp-json\/wp\/v2\/categories?post=6971"},{"taxonomy":"post_tag","embeddable":true,"href":"https:\/\/micologica-barakaldo.org\/eu\/wp-json\/wp\/v2\/tags?post=6971"}],"curies":[{"name":"wp","href":"https:\/\/api.w.org\/{rel}","templated":true}]}}