{"id":6978,"date":"2022-08-15T21:22:26","date_gmt":"2022-08-15T20:22:26","guid":{"rendered":"https:\/\/micologica-barakaldo.org\/?p=6978"},"modified":"2022-08-15T21:22:26","modified_gmt":"2022-08-15T20:22:26","slug":"suillus-granulatus","status":"publish","type":"post","link":"https:\/\/micologica-barakaldo.org\/eu\/suillus-granulatus\/","title":{"rendered":"Suillus granulatus"},"content":{"rendered":"<div class=\"fusion-fullwidth fullwidth-box fusion-builder-row-1 nonhundred-percent-fullwidth non-hundred-percent-height-scrolling\" style=\"--awb-border-radius-top-left:0px;--awb-border-radius-top-right:0px;--awb-border-radius-bottom-right:0px;--awb-border-radius-bottom-left:0px;--awb-padding-bottom:50px;--awb-flex-wrap:wrap;\" ><div class=\"fusion-builder-row fusion-row\"><div class=\"fusion-layout-column fusion_builder_column fusion-builder-column-0 fusion_builder_column_1_2 1_2 fusion-one-half fusion-column-first\" style=\"--awb-bg-size:cover;width:48%; margin-right: 4%;\"><div class=\"fusion-column-wrapper fusion-flex-column-wrapper-legacy\"><div class=\"fusion-text fusion-text-1\"><p style=\"text-align: justify;\"><span style=\"color: #000000;\"><em>Suillus granulatus<\/em> (L.) Roussel, Flore du Calvados et terrains adjacents, compos\u00e9e suivant la m\u00e9thode de Jussieu: 34, 1806<\/span><\/p>\n<p style=\"text-align: justify;\"><span style=\"color: #000000;\">\u2261 <em>Boletus granulatus<\/em> L., Species Plantarum: 1177, 1753 [basionym]<\/span><\/p>\n<p style=\"text-align: justify;\"><span style=\"color: #000000;\">\u2261<em>Ixocomus granulatus<\/em> (L.) Qu\u00e9l., Flore mycologique de la France et des pays limitrophes: 412, 1888<\/span><\/p>\n<p style=\"text-align: justify;\"><span style=\"color: #000000;\"><em>Caracteres macrosc\u00f3picos<\/em>. Basidiomas de forma aislada o cespitosa. P\u00edleo de 50-90 (120) mm de di\u00e1metro, primero globoso, pronto convexo, despu\u00e9s plano convexo; superficie pil\u00e9ica separable en su totalidad, delgada, el\u00e1stica, muy viscosa en tiempo h\u00famedo, brillante y lisa; de color pardo rojizo, ocre rojizo, amarillo naranja en tiempo h\u00famedo, en tiempo seco se aclara en amarillo o amarillo ocre p\u00e1lido; argen enrollado, sobre todo en los ejemplares j\u00f3venes, excedente, concolor. Himen\u00f3foro con tubos de 4-8 mm de ancho, primero adnatos, separables, finos, amarillentos, despu\u00e9s amarillento sucio; poros irregulares, compuestos, m\u00e1s o menos poligonales, con la edad llegan a tener hasta 1 mm de ancho, de color amarillo vivo al principio, con la edad amarillo verdoso p\u00e1lido, los basidiomas j\u00f3venes exudan gotas opalescentes de color blanquecino que al contacto con los vapores de amon\u00edaco se colorean de rosa. Est\u00edpite de 45-90 (100) x 8-20 mm, esbelto, cil\u00edndrico, casi siempre m\u00e1s delgado en la base, lleno, desprovisto de cualquier traza de velo parcial, de color, primero blanco amarillento o amarillo, m\u00e1s tarde amarillo ocr\u00e1ceo, pardo rojizo hacia la base. En la parte alta exuda gotas lechosas igual que los poros; en la mitad superior est\u00e1 adornado de finas fibrillas o copos de color amarillo azufre, a veces alargados, en la madurez toman tonos ocr\u00e1ceos; micelio basal blanquecino. Contexto espeso, blanquecino o amarillento p\u00e1lido, amarillo citrino en el estipe y debajo de los tubos, naranja sucio u ocre en las heridas producidas por las larvas; sabor un poco acidulado, olor ligeramente afrutado.<\/span><\/p>\n<p style=\"text-align: justify;\"><span style=\"color: #000000;\"><em>Caracteres microsc\u00f3picos<\/em>. Basidi\u00f3sporas de 8,6-10 (10,5) x 3,2-3,8 (4) \u03bcm, media 9,4 x 3,4 \u03bcm, Q = 2,5-2,9 (3), de el\u00edpticas a fusiformes, lisas, gutuladas, con paredes espesas, ocre amarillento. Esporada de color pardo marr\u00f3n. Caulocistidios de 40-60 x 10-15 \u03bcm, en forma de maza, fasciculados, con un pigmento de color ocre o marr\u00f3n. Pileipellis del tipo ixotricodermis de hifas entremezcladas, gelificadas, largas, delgadas, onduladas, cil\u00edndricas, septadas, juntas sin f\u00edbulas; art\u00edculos terminales cil\u00edndricos, alargados, tumbados, algunos levantados, con el \u00e1pice redondeado, de calibre 50 &#8211; 110 x 3 &#8211; 9 \u03bcm, Q = 9 &#8211; 20; elementos de la pileipellis con finas incrustaciones granulosas, pigmentadas de marr\u00f3n en KOH al 3%.<\/span><\/p>\n<p style=\"text-align: justify;\"><span style=\"color: #000000;\">Ecolog\u00eda. Especie micorr\u00edcica ligada a <em>Pinus sp<\/em>., sobre todo en j\u00f3venes plantaciones y en tramos herbosos o aclarados, principalmente bajo <em>Pinus radiata, P. pinaster, P. sylvestris<\/em> y <em>P. halepensis<\/em>, m\u00e1s raramente ligada a otras con\u00edferas; de primavera al final del oto\u00f1o, muy com\u00fan y de amplia distribuci\u00f3n.\u00a0<\/span><\/p>\n<p style=\"text-align: justify;\"><span style=\"color: #000000;\">Citar como: Mu\u00f1oz, J.A. 2022. <em>Suillus granulatus<\/em> (L.) Roussel,\u00a0micol\u00f3gica-barakaldo.org [en l\u00ednea]. Fichas Micol\u00f3gicas, n\u00ba 672 (Actualizada el 15-VIII-2022). Disponible en: \u00a0<a style=\"color: #000000;\" href=\"https:\/\/micologica-barakaldo.org\/Suillus-granulatus\/\">https:\/\/micologica-barakaldo.org\/Suillus-granulatus\/<\/a><\/span><\/p>\n<\/div><div class=\"fusion-clearfix\"><\/div><\/div><\/div><div class=\"fusion-layout-column fusion_builder_column fusion-builder-column-1 fusion_builder_column_1_2 1_2 fusion-one-half fusion-column-last\" style=\"--awb-bg-size:cover;width:48%;\"><div class=\"fusion-column-wrapper fusion-flex-column-wrapper-legacy\"><div class=\"fusion-image-element in-legacy-container\" style=\"--awb-caption-title-font-family:var(--h2_typography-font-family);--awb-caption-title-font-weight:var(--h2_typography-font-weight);--awb-caption-title-font-style:var(--h2_typography-font-style);--awb-caption-title-size:var(--h2_typography-font-size);--awb-caption-title-transform:var(--h2_typography-text-transform);--awb-caption-title-line-height:var(--h2_typography-line-height);--awb-caption-title-letter-spacing:var(--h2_typography-letter-spacing);\"><span class=\" fusion-imageframe imageframe-none imageframe-1 hover-type-none\"><img loading=\"lazy\" decoding=\"async\" width=\"1204\" height=\"807\" title=\"Suillus granulatus_20101002\" src=\"https:\/\/micologica-barakaldo.org\/wp-content\/uploads\/2022\/08\/Suillus-granulatus_20101002.jpg\" alt class=\"img-responsive wp-image-6977\" srcset=\"https:\/\/micologica-barakaldo.org\/wp-content\/uploads\/2022\/08\/Suillus-granulatus_20101002-200x134.jpg 200w, https:\/\/micologica-barakaldo.org\/wp-content\/uploads\/2022\/08\/Suillus-granulatus_20101002-400x268.jpg 400w, https:\/\/micologica-barakaldo.org\/wp-content\/uploads\/2022\/08\/Suillus-granulatus_20101002-600x402.jpg 600w, https:\/\/micologica-barakaldo.org\/wp-content\/uploads\/2022\/08\/Suillus-granulatus_20101002-800x536.jpg 800w, https:\/\/micologica-barakaldo.org\/wp-content\/uploads\/2022\/08\/Suillus-granulatus_20101002-1200x804.jpg 1200w, https:\/\/micologica-barakaldo.org\/wp-content\/uploads\/2022\/08\/Suillus-granulatus_20101002.jpg 1204w\" sizes=\"auto, (max-width: 1024px) 100vw, 800px\" \/><\/span><\/div><div class=\"fusion-clearfix\"><\/div><\/div><\/div><div class=\"fusion-layout-column fusion_builder_column fusion-builder-column-2 fusion_builder_column_1_1 1_1 fusion-one-full fusion-column-first fusion-column-last\" style=\"--awb-padding-top:40px;--awb-bg-size:cover;\"><div class=\"fusion-column-wrapper fusion-flex-column-wrapper-legacy\"><div class=\"fusion-aligncenter\"><a class=\"fusion-button button-flat button-xlarge button-default fusion-button-default button-1 fusion-button-default-span fusion-button-default-type\" target=\"_self\" href=\"https:\/\/micologica-barakaldo.org\/wp-content\/uploads\/2022\/08\/Suillus-granulatus.pdf\"><i class=\"fa-file-pdf far awb-button__icon awb-button__icon--default button-icon-left\" aria-hidden=\"true\"><\/i><span class=\"fusion-button-text awb-button__text awb-button__text--default\">VER FICHA COMPLETA<\/span><\/a><\/div><div class=\"fusion-clearfix\"><\/div><\/div><\/div><\/div><\/div>\n","protected":false},"excerpt":{"rendered":"","protected":false},"author":2,"featured_media":6976,"comment_status":"open","ping_status":"closed","sticky":false,"template":"","format":"standard","meta":{"footnotes":"","jetpack_publicize_message":"","jetpack_publicize_feature_enabled":true,"jetpack_social_post_already_shared":true,"jetpack_social_options":{"image_generator_settings":{"template":"highway","default_image_id":0,"font":"","enabled":false},"version":2}},"categories":[6,46],"tags":[],"class_list":["post-6978","post","type-post","status-publish","format-standard","has-post-thumbnail","hentry","category-fichas-micologicas","category-fichas-micologicas-setas-s"],"jetpack_publicize_connections":[],"jetpack_featured_media_url":"https:\/\/micologica-barakaldo.org\/wp-content\/uploads\/2022\/08\/Suillus-granulatus_20101002.jpg","jetpack_shortlink":"https:\/\/wp.me\/p9dTSQ-1Oy","_links":{"self":[{"href":"https:\/\/micologica-barakaldo.org\/eu\/wp-json\/wp\/v2\/posts\/6978","targetHints":{"allow":["GET"]}}],"collection":[{"href":"https:\/\/micologica-barakaldo.org\/eu\/wp-json\/wp\/v2\/posts"}],"about":[{"href":"https:\/\/micologica-barakaldo.org\/eu\/wp-json\/wp\/v2\/types\/post"}],"author":[{"embeddable":true,"href":"https:\/\/micologica-barakaldo.org\/eu\/wp-json\/wp\/v2\/users\/2"}],"replies":[{"embeddable":true,"href":"https:\/\/micologica-barakaldo.org\/eu\/wp-json\/wp\/v2\/comments?post=6978"}],"version-history":[{"count":1,"href":"https:\/\/micologica-barakaldo.org\/eu\/wp-json\/wp\/v2\/posts\/6978\/revisions"}],"predecessor-version":[{"id":6979,"href":"https:\/\/micologica-barakaldo.org\/eu\/wp-json\/wp\/v2\/posts\/6978\/revisions\/6979"}],"wp:featuredmedia":[{"embeddable":true,"href":"https:\/\/micologica-barakaldo.org\/eu\/wp-json\/wp\/v2\/media\/6976"}],"wp:attachment":[{"href":"https:\/\/micologica-barakaldo.org\/eu\/wp-json\/wp\/v2\/media?parent=6978"}],"wp:term":[{"taxonomy":"category","embeddable":true,"href":"https:\/\/micologica-barakaldo.org\/eu\/wp-json\/wp\/v2\/categories?post=6978"},{"taxonomy":"post_tag","embeddable":true,"href":"https:\/\/micologica-barakaldo.org\/eu\/wp-json\/wp\/v2\/tags?post=6978"}],"curies":[{"name":"wp","href":"https:\/\/api.w.org\/{rel}","templated":true}]}}