{"id":6984,"date":"2022-08-18T21:50:15","date_gmt":"2022-08-18T20:50:15","guid":{"rendered":"https:\/\/micologica-barakaldo.org\/?p=6984"},"modified":"2022-08-18T21:50:15","modified_gmt":"2022-08-18T20:50:15","slug":"suillus-collinitus","status":"publish","type":"post","link":"https:\/\/micologica-barakaldo.org\/eu\/suillus-collinitus\/","title":{"rendered":"Suillus collinitus"},"content":{"rendered":"<div class=\"fusion-fullwidth fullwidth-box fusion-builder-row-1 nonhundred-percent-fullwidth non-hundred-percent-height-scrolling\" style=\"--awb-border-radius-top-left:0px;--awb-border-radius-top-right:0px;--awb-border-radius-bottom-right:0px;--awb-border-radius-bottom-left:0px;--awb-padding-bottom:50px;--awb-flex-wrap:wrap;\" ><div class=\"fusion-builder-row fusion-row\"><div class=\"fusion-layout-column fusion_builder_column fusion-builder-column-0 fusion_builder_column_1_2 1_2 fusion-one-half fusion-column-first\" style=\"--awb-bg-size:cover;width:48%; margin-right: 4%;\"><div class=\"fusion-column-wrapper fusion-flex-column-wrapper-legacy\"><div class=\"fusion-text fusion-text-1\"><p style=\"text-align: justify;\"><span style=\"color: #000000;\"><em>Suillus collinitus<\/em> (Fr.) Kuntze, Revisio generum plantarum 3 (3): 536, 1898<\/span><\/p>\n<p style=\"text-align: justify;\"><span style=\"color: #000000;\">\u2261<em>Boletus collinitus<\/em> Fr., Epicrisis Systematis Mycologici: 410, 1838 [basinonym]<\/span><\/p>\n<p style=\"text-align: justify;\"><span style=\"color: #000000;\"><em>Caracteres macrosc\u00f3picos<\/em>. P\u00edleo de 50-150 mm, hemisf\u00e9rico, despu\u00e9s convexo, por \u00faltimo, plano convexo e incluso aplanado; superficie pil\u00e9ica, lisa, brillante, de viscosa a glutinosa en tiempo h\u00famedo, sedosa y brillante en tiempo seco, totalmente separable; de color primero ocr\u00e1ceo, amarillo ocr\u00e1ceo, pardo ocr\u00e1ceo, marr\u00f3n oscuro, cubierto de finas fibrillas innatas m\u00e1s oscuras y dispuestas de forma radial; margen al principio enrollado, despu\u00e9s regular, concolor. Himen\u00f3foro con tubos m\u00e1s bien cortos de 4-8 mm, adnatos, de color amarillo vivo al principio, despu\u00e9s amarillo verdosos; poros peque\u00f1os, con la edad m\u00e1s amplios, no exudan gotas lechosas en los basidiomas maduros, primero de color amarillo oro, despu\u00e9s amarillo verdoso, se manchan de marr\u00f3n a la presi\u00f3n. Est\u00edpite de 40-70 x 10-20 mm, firme, lleno, cil\u00edndrico, en general corto, un poco adelgazado en la base, fibroso, seco; de color amarillo citrino en la parte alta, m\u00e1s oscuro o sucio en la mitad inferior y con tonalidades rosa lila sucio; adornado, sobre todo en la parte superior, por finas granulaciones primero amarillo ocre, despu\u00e9s marr\u00f3n; micelio basal rosa. Contexto blando y acuoso en los basidiomas maduros, blanco amarillento, rosado hacia la base del est\u00edpite; olor suave; sabor dulce.<\/span><\/p>\n<p style=\"text-align: justify;\"><span style=\"color: #000000;\"><em>Caracteres microsc\u00f3picos<\/em>. Basidi\u00f3sporas de (8) 8,6 &#8211; 9,5 (10,1) x (3,2) 3,5 &#8211; 4,2 \u03bcm, media = 9,2 x 3,7 \u00b5m, Q = (2) 2,2 &#8211; 2,6 (2,8), volumen medio = 53 \u00b5m3, (n = 156), el\u00edpticas a fusiformes, lisas, gutuladas, con paredes espesas, de color amarillo ocre. Esporada de color pardo rojizo. Cistidios de 35 &#8211; 55 x 7-10 \u03bcm, abundantes, claviformes, fasciculados, con contenido marr\u00f3n. Caulocistidios de 35-70 x 7-12 \u03bcm, claviformes, algunos cilindr\u00e1ceos, fasciculados, con contenido marr\u00f3n. Pileipellis del tipo ixotricodermis de hifas entremezcladas, gelificadas, largas, onduladas, cil\u00edndricas, septadas, juntas sin f\u00edbulas, art\u00edculos terminales cil\u00edndricos, con el \u00e1pice redondeado, de calibre 40-110 x 3-8 \u03bcm, Q = 9-19,5; elementos de la pileipellis con finas incrustaciones granulosas, pigmentadas de marr\u00f3n.<\/span><\/p>\n<p style=\"text-align: justify;\"><span style=\"color: #000000;\"><em>Ecolog\u00eda<\/em>. En bosques de <em>Pinus sp<\/em>., especialmente en plantaciones j\u00f3venes, sobre todo de dos agujas (<em>P. radiata, P. pinea, P. pinaster, P. sylvestris, Pinus halepensis<\/em>), en suelos b\u00e1sicos, m\u00e1s com\u00fan en ambiente mediterr\u00e1neo, pero tambi\u00e9n en bosques montanos. <em>Distribuci\u00f3n<\/em>. Frecuente, C. <em>Material estudiado<\/em>. ARABA, Valle de Aiala, 450m, con Pinus sylvestris, 15-XI-2002, leg. &amp; det. J.A. Mu\u00f1oz, BAR2002111501. Fotograf\u00eda. Jos\u00e9 A. Mu\u00f1oz S\u00e1nchez.<\/span><\/p>\n<p style=\"text-align: justify;\"><span style=\"color: #000000;\">Citar como: Mu\u00f1oz, J.A. 2022. <em>Suillus collinitus<\/em> (Fr.) Kuntze,\u00a0micol\u00f3gica-barakaldo.org [en l\u00ednea]. Fichas Micol\u00f3gicas, n\u00ba 673 (Actualizada el 19-VIII-2022). Disponible en: \u00a0<a style=\"color: #000000;\" href=\"https:\/\/micologica-barakaldo.org\/Suillus-collinitus\/\">https:\/\/micologica-barakaldo.org\/Suillus-collinitus\/<\/a><\/span><\/p>\n<\/div><div class=\"fusion-clearfix\"><\/div><\/div><\/div><div class=\"fusion-layout-column fusion_builder_column fusion-builder-column-1 fusion_builder_column_1_2 1_2 fusion-one-half fusion-column-last\" style=\"--awb-bg-size:cover;width:48%;\"><div class=\"fusion-column-wrapper fusion-flex-column-wrapper-legacy\"><div class=\"fusion-image-element in-legacy-container\" style=\"--awb-caption-title-font-family:var(--h2_typography-font-family);--awb-caption-title-font-weight:var(--h2_typography-font-weight);--awb-caption-title-font-style:var(--h2_typography-font-style);--awb-caption-title-size:var(--h2_typography-font-size);--awb-caption-title-transform:var(--h2_typography-text-transform);--awb-caption-title-line-height:var(--h2_typography-line-height);--awb-caption-title-letter-spacing:var(--h2_typography-letter-spacing);\"><span class=\" fusion-imageframe imageframe-none imageframe-1 hover-type-none\"><img loading=\"lazy\" decoding=\"async\" width=\"1204\" height=\"840\" title=\"Suillus collinitus\" src=\"https:\/\/micologica-barakaldo.org\/wp-content\/uploads\/2022\/08\/Suillus-collinitus.jpg\" alt class=\"img-responsive wp-image-6983\" srcset=\"https:\/\/micologica-barakaldo.org\/wp-content\/uploads\/2022\/08\/Suillus-collinitus-200x140.jpg 200w, https:\/\/micologica-barakaldo.org\/wp-content\/uploads\/2022\/08\/Suillus-collinitus-400x279.jpg 400w, https:\/\/micologica-barakaldo.org\/wp-content\/uploads\/2022\/08\/Suillus-collinitus-600x419.jpg 600w, https:\/\/micologica-barakaldo.org\/wp-content\/uploads\/2022\/08\/Suillus-collinitus-800x558.jpg 800w, https:\/\/micologica-barakaldo.org\/wp-content\/uploads\/2022\/08\/Suillus-collinitus-1200x837.jpg 1200w, https:\/\/micologica-barakaldo.org\/wp-content\/uploads\/2022\/08\/Suillus-collinitus.jpg 1204w\" sizes=\"auto, (max-width: 1024px) 100vw, 800px\" \/><\/span><\/div><div class=\"fusion-clearfix\"><\/div><\/div><\/div><div class=\"fusion-layout-column fusion_builder_column fusion-builder-column-2 fusion_builder_column_1_1 1_1 fusion-one-full fusion-column-first fusion-column-last\" style=\"--awb-padding-top:40px;--awb-bg-size:cover;\"><div class=\"fusion-column-wrapper fusion-flex-column-wrapper-legacy\"><div class=\"fusion-aligncenter\"><a class=\"fusion-button button-flat button-xlarge button-default fusion-button-default button-1 fusion-button-default-span fusion-button-default-type\" target=\"_self\" href=\"https:\/\/micologica-barakaldo.org\/wp-content\/uploads\/2022\/08\/Suillus-collinitus.pdf\"><i class=\"fa-file-pdf far awb-button__icon awb-button__icon--default button-icon-left\" aria-hidden=\"true\"><\/i><span class=\"fusion-button-text awb-button__text awb-button__text--default\">VER FICHA COMPLETA<\/span><\/a><\/div><div class=\"fusion-clearfix\"><\/div><\/div><\/div><\/div><\/div>\n","protected":false},"excerpt":{"rendered":"","protected":false},"author":2,"featured_media":6982,"comment_status":"open","ping_status":"closed","sticky":false,"template":"","format":"standard","meta":{"footnotes":"","jetpack_publicize_message":"","jetpack_publicize_feature_enabled":true,"jetpack_social_post_already_shared":true,"jetpack_social_options":{"image_generator_settings":{"template":"highway","default_image_id":0,"font":"","enabled":false},"version":2}},"categories":[6,46],"tags":[],"class_list":["post-6984","post","type-post","status-publish","format-standard","has-post-thumbnail","hentry","category-fichas-micologicas","category-fichas-micologicas-setas-s"],"jetpack_publicize_connections":[],"jetpack_featured_media_url":"https:\/\/micologica-barakaldo.org\/wp-content\/uploads\/2022\/08\/Suillus-collinitus.jpg","jetpack_shortlink":"https:\/\/wp.me\/p9dTSQ-1OE","_links":{"self":[{"href":"https:\/\/micologica-barakaldo.org\/eu\/wp-json\/wp\/v2\/posts\/6984","targetHints":{"allow":["GET"]}}],"collection":[{"href":"https:\/\/micologica-barakaldo.org\/eu\/wp-json\/wp\/v2\/posts"}],"about":[{"href":"https:\/\/micologica-barakaldo.org\/eu\/wp-json\/wp\/v2\/types\/post"}],"author":[{"embeddable":true,"href":"https:\/\/micologica-barakaldo.org\/eu\/wp-json\/wp\/v2\/users\/2"}],"replies":[{"embeddable":true,"href":"https:\/\/micologica-barakaldo.org\/eu\/wp-json\/wp\/v2\/comments?post=6984"}],"version-history":[{"count":1,"href":"https:\/\/micologica-barakaldo.org\/eu\/wp-json\/wp\/v2\/posts\/6984\/revisions"}],"predecessor-version":[{"id":6985,"href":"https:\/\/micologica-barakaldo.org\/eu\/wp-json\/wp\/v2\/posts\/6984\/revisions\/6985"}],"wp:featuredmedia":[{"embeddable":true,"href":"https:\/\/micologica-barakaldo.org\/eu\/wp-json\/wp\/v2\/media\/6982"}],"wp:attachment":[{"href":"https:\/\/micologica-barakaldo.org\/eu\/wp-json\/wp\/v2\/media?parent=6984"}],"wp:term":[{"taxonomy":"category","embeddable":true,"href":"https:\/\/micologica-barakaldo.org\/eu\/wp-json\/wp\/v2\/categories?post=6984"},{"taxonomy":"post_tag","embeddable":true,"href":"https:\/\/micologica-barakaldo.org\/eu\/wp-json\/wp\/v2\/tags?post=6984"}],"curies":[{"name":"wp","href":"https:\/\/api.w.org\/{rel}","templated":true}]}}