{"id":6990,"date":"2022-08-20T21:44:27","date_gmt":"2022-08-20T20:44:27","guid":{"rendered":"https:\/\/micologica-barakaldo.org\/?p=6990"},"modified":"2022-08-20T21:44:27","modified_gmt":"2022-08-20T20:44:27","slug":"suillus-bellinii","status":"publish","type":"post","link":"https:\/\/micologica-barakaldo.org\/eu\/suillus-bellinii\/","title":{"rendered":"Suillus bellinii"},"content":{"rendered":"<div class=\"fusion-fullwidth fullwidth-box fusion-builder-row-1 nonhundred-percent-fullwidth non-hundred-percent-height-scrolling\" style=\"--awb-border-radius-top-left:0px;--awb-border-radius-top-right:0px;--awb-border-radius-bottom-right:0px;--awb-border-radius-bottom-left:0px;--awb-padding-bottom:50px;--awb-flex-wrap:wrap;\" ><div class=\"fusion-builder-row fusion-row\"><div class=\"fusion-layout-column fusion_builder_column fusion-builder-column-0 fusion_builder_column_1_2 1_2 fusion-one-half fusion-column-first\" style=\"--awb-bg-size:cover;width:48%; margin-right: 4%;\"><div class=\"fusion-column-wrapper fusion-flex-column-wrapper-legacy\"><div class=\"fusion-text fusion-text-1\"><p style=\"text-align: justify;\"><span style=\"color: #000000;\"><em>Suillus bellinii<\/em> (Inzenga) Kuntze, Revisio generum plantarum 3 (3): 534, 1967<\/span><\/p>\n<p style=\"text-align: justify;\"><span style=\"color: #000000;\">\u2261<em>Boletus bellinii<\/em> Inzenga, Funghi Siciliani Cent. II: 25, 1869 [basionym]<\/span><\/p>\n<p style=\"text-align: justify;\"><span style=\"color: #000000;\"><em>Caracteres macrosc\u00f3picos<\/em>. P\u00edleo de 55-120 mm. Primero globoso, despu\u00e9s convexo finalmente, plano convexo; superficie pil\u00e9ica totalmente separable, lisa, brillante y glutinosa en tiempo h\u00famedo; de color al principio blanquecino, incluso por zonas, despu\u00e9s va tomando tonos marr\u00f3n amarillo, pardo marr\u00f3n, incluso con tonos oliv\u00e1ceos, pero casi siempre con zonas m\u00e1s aclaradas e incluso blanquecinas; margen incurvado, redondo al final, un poco excedente, blanquecino. Himen\u00f3foro con tubos de 5-10 mm de longitud, adnatos, dif\u00edcilmente separables, de color primero crema blanquecino, despu\u00e9s amarillento verdoso; poros compuestos, irregulares, m\u00e1s o menos poligonales, primero peque\u00f1os, m\u00e1s amplios e los basidiomas maduros, crema blanquecinos, despu\u00e9s amarillento verdosos, se manchan de pardo rojizo que, exudan gotas opalescentes rojizas en los basidiomas inmaduros.\u00a0 Estipe de 40-65 x 12-30 mm, corto, m\u00e1s ancho en la parte alta, lleno, blanquecino, amarillento en la parte superior; cubierto en casi toda su superficie de numerosas m\u00e1culas grandes y alargadas de color rojo, rojo granate o pardo rojo, sin velo parcial; micelio basal abundante y de color blanquecino. Contexto espeso, blando en la madurez, blanco, amarillo citrino bajo los tubos, vinoso marr\u00f3n bajo la pileipellis; sabor agradable, olor suave.<\/span><\/p>\n<p style=\"text-align: justify;\"><span style=\"color: #000000;\"><em>Caracteres microsc\u00f3picos<\/em>. Basidi\u00f3sporas de 8,6-9,5 (10) x 3,2-4 (4,3) \u03bcm, media = 9 x 3,7 \u03bcm, Q = (2,1) 2,3-2,6 (2,7), elipsoidales o fusiformes, lisas, con pared espesa, amarillentas Esporada de color pardo marr\u00f3n. Cistidios de 45-60 x 6,5-10 \u03bcm, clavados, fasciculados, con denso contenido granuloso de color amarillento y con gruesas incrustaciones. Caulocistidios de 50 &#8211; 70 x 6 &#8211; 7 \u03bcm, fasciculados, clavados, con el mismo contenido granuloso. Pileipellis de tipo ixotricodermis, con hifas entremezcladas, delgadas, cil\u00edndricas, septadas, juntas sin f\u00edbulas, art\u00edculos terminales cil\u00edndricos, alargados, tumbados, algunos levantados, con el \u00e1pice redondeado, de calibre 40-105 x 4-8 \u03bcm, Q = 12,5\u201320, con finas incrustaciones granulosas, pigmentadas de ocre marr\u00f3n.<\/span><\/p>\n<p style=\"text-align: justify;\"><span style=\"color: #000000;\"><em>Ecolog\u00eda<\/em>. Especie term\u00f3fila de ambiente mediterr\u00e1neo, incluso en el litoral marino. Bajo <em>Pinus sp<\/em>., sobre todo bajo <em>P. pinea, P. pinaster<\/em> y <em>P. halepensis<\/em>, m\u00e1s raramente bajo <em>P. radiata<\/em>, en zonas aclaradas, en suelos arenosos, de final de primavera a final de oto\u00f1o. <em>Distribuci\u00f3n<\/em>. Frecuente, E.\u00a0<\/span><\/p>\n<p style=\"text-align: justify;\"><span style=\"color: #000000;\">Citar como: Mu\u00f1oz, J.A. 2022. <em>Suillus bellinii<\/em> (Inzenga) Kuntze,\u00a0micol\u00f3gica-barakaldo.org [en l\u00ednea]. Fichas Micol\u00f3gicas, n\u00ba 674 (Actualizada el 20-VIII-2022). Disponible en: \u00a0<a style=\"color: #000000;\" href=\"https:\/\/micologica-barakaldo.org\/Suillus-bellinii\/\">https:\/\/micologica-barakaldo.org\/Suillus-bellinii\/<\/a><\/span><\/p>\n<\/div><div class=\"fusion-clearfix\"><\/div><\/div><\/div><div class=\"fusion-layout-column fusion_builder_column fusion-builder-column-1 fusion_builder_column_1_2 1_2 fusion-one-half fusion-column-last\" style=\"--awb-bg-size:cover;width:48%;\"><div class=\"fusion-column-wrapper fusion-flex-column-wrapper-legacy\"><div class=\"fusion-image-element in-legacy-container\" style=\"--awb-caption-title-font-family:var(--h2_typography-font-family);--awb-caption-title-font-weight:var(--h2_typography-font-weight);--awb-caption-title-font-style:var(--h2_typography-font-style);--awb-caption-title-size:var(--h2_typography-font-size);--awb-caption-title-transform:var(--h2_typography-text-transform);--awb-caption-title-line-height:var(--h2_typography-line-height);--awb-caption-title-letter-spacing:var(--h2_typography-letter-spacing);\"><span class=\" fusion-imageframe imageframe-none imageframe-1 hover-type-none\"><img loading=\"lazy\" decoding=\"async\" width=\"1204\" height=\"831\" title=\"Suillus bellinii03\" src=\"https:\/\/micologica-barakaldo.org\/wp-content\/uploads\/2022\/08\/Suillus-bellinii03.jpg\" alt class=\"img-responsive wp-image-6987\" srcset=\"https:\/\/micologica-barakaldo.org\/wp-content\/uploads\/2022\/08\/Suillus-bellinii03-200x138.jpg 200w, https:\/\/micologica-barakaldo.org\/wp-content\/uploads\/2022\/08\/Suillus-bellinii03-400x276.jpg 400w, https:\/\/micologica-barakaldo.org\/wp-content\/uploads\/2022\/08\/Suillus-bellinii03-600x414.jpg 600w, https:\/\/micologica-barakaldo.org\/wp-content\/uploads\/2022\/08\/Suillus-bellinii03-800x552.jpg 800w, https:\/\/micologica-barakaldo.org\/wp-content\/uploads\/2022\/08\/Suillus-bellinii03-1200x828.jpg 1200w, https:\/\/micologica-barakaldo.org\/wp-content\/uploads\/2022\/08\/Suillus-bellinii03.jpg 1204w\" sizes=\"auto, (max-width: 1024px) 100vw, 800px\" \/><\/span><\/div><div class=\"fusion-clearfix\"><\/div><\/div><\/div><div class=\"fusion-layout-column fusion_builder_column fusion-builder-column-2 fusion_builder_column_1_1 1_1 fusion-one-full fusion-column-first fusion-column-last\" style=\"--awb-padding-top:40px;--awb-bg-size:cover;\"><div class=\"fusion-column-wrapper fusion-flex-column-wrapper-legacy\"><div class=\"fusion-aligncenter\"><a class=\"fusion-button button-flat button-xlarge button-default fusion-button-default button-1 fusion-button-default-span fusion-button-default-type\" target=\"_self\" href=\"https:\/\/micologica-barakaldo.org\/wp-content\/uploads\/2022\/08\/Suillus-bellinii.pdf\"><i class=\"fa-file-pdf far awb-button__icon awb-button__icon--default button-icon-left\" aria-hidden=\"true\"><\/i><span class=\"fusion-button-text awb-button__text awb-button__text--default\">VER FICHA COMPLETA<\/span><\/a><\/div><div class=\"fusion-clearfix\"><\/div><\/div><\/div><\/div><\/div>\n","protected":false},"excerpt":{"rendered":"","protected":false},"author":2,"featured_media":6986,"comment_status":"open","ping_status":"closed","sticky":false,"template":"","format":"standard","meta":{"footnotes":"","jetpack_publicize_message":"","jetpack_publicize_feature_enabled":true,"jetpack_social_post_already_shared":true,"jetpack_social_options":{"image_generator_settings":{"template":"highway","default_image_id":0,"font":"","enabled":false},"version":2}},"categories":[6,46],"tags":[],"class_list":["post-6990","post","type-post","status-publish","format-standard","has-post-thumbnail","hentry","category-fichas-micologicas","category-fichas-micologicas-setas-s"],"jetpack_publicize_connections":[],"jetpack_featured_media_url":"https:\/\/micologica-barakaldo.org\/wp-content\/uploads\/2022\/08\/Suillus-bellinii03.jpg","jetpack_shortlink":"https:\/\/wp.me\/p9dTSQ-1OK","_links":{"self":[{"href":"https:\/\/micologica-barakaldo.org\/eu\/wp-json\/wp\/v2\/posts\/6990","targetHints":{"allow":["GET"]}}],"collection":[{"href":"https:\/\/micologica-barakaldo.org\/eu\/wp-json\/wp\/v2\/posts"}],"about":[{"href":"https:\/\/micologica-barakaldo.org\/eu\/wp-json\/wp\/v2\/types\/post"}],"author":[{"embeddable":true,"href":"https:\/\/micologica-barakaldo.org\/eu\/wp-json\/wp\/v2\/users\/2"}],"replies":[{"embeddable":true,"href":"https:\/\/micologica-barakaldo.org\/eu\/wp-json\/wp\/v2\/comments?post=6990"}],"version-history":[{"count":1,"href":"https:\/\/micologica-barakaldo.org\/eu\/wp-json\/wp\/v2\/posts\/6990\/revisions"}],"predecessor-version":[{"id":6991,"href":"https:\/\/micologica-barakaldo.org\/eu\/wp-json\/wp\/v2\/posts\/6990\/revisions\/6991"}],"wp:featuredmedia":[{"embeddable":true,"href":"https:\/\/micologica-barakaldo.org\/eu\/wp-json\/wp\/v2\/media\/6986"}],"wp:attachment":[{"href":"https:\/\/micologica-barakaldo.org\/eu\/wp-json\/wp\/v2\/media?parent=6990"}],"wp:term":[{"taxonomy":"category","embeddable":true,"href":"https:\/\/micologica-barakaldo.org\/eu\/wp-json\/wp\/v2\/categories?post=6990"},{"taxonomy":"post_tag","embeddable":true,"href":"https:\/\/micologica-barakaldo.org\/eu\/wp-json\/wp\/v2\/tags?post=6990"}],"curies":[{"name":"wp","href":"https:\/\/api.w.org\/{rel}","templated":true}]}}