{"id":6996,"date":"2022-08-21T21:26:05","date_gmt":"2022-08-21T20:26:05","guid":{"rendered":"https:\/\/micologica-barakaldo.org\/?p=6996"},"modified":"2022-08-21T21:26:05","modified_gmt":"2022-08-21T20:26:05","slug":"suillus-luteus","status":"publish","type":"post","link":"https:\/\/micologica-barakaldo.org\/eu\/suillus-luteus\/","title":{"rendered":"Suillus luteus"},"content":{"rendered":"<div class=\"fusion-fullwidth fullwidth-box fusion-builder-row-1 nonhundred-percent-fullwidth non-hundred-percent-height-scrolling\" style=\"--awb-border-radius-top-left:0px;--awb-border-radius-top-right:0px;--awb-border-radius-bottom-right:0px;--awb-border-radius-bottom-left:0px;--awb-padding-bottom:50px;--awb-flex-wrap:wrap;\" ><div class=\"fusion-builder-row fusion-row\"><div class=\"fusion-layout-column fusion_builder_column fusion-builder-column-0 fusion_builder_column_1_2 1_2 fusion-one-half fusion-column-first\" style=\"--awb-bg-size:cover;width:48%; margin-right: 4%;\"><div class=\"fusion-column-wrapper fusion-flex-column-wrapper-legacy\"><div class=\"fusion-text fusion-text-1\"><p style=\"text-align: justify;\"><span style=\"color: #000000;\"><em>Suillus luteus<\/em> (L.) Roussel, Flore du Calvados et terrains adjacents, compos\u00e9e suivant la m\u00e9thode de Jussieu: 34, 1821<\/span><\/p>\n<p style=\"text-align: justify;\"><span style=\"color: #000000;\">\u2261<em>Boletus luteus<\/em> L., Species Plantarum: 1177, 1753 [basionym]<\/span><\/p>\n<p style=\"text-align: justify;\"><span style=\"color: #000000;\"><em>Caracteres macrosc\u00f3picos<\/em>. P\u00edleo de 50-150 (200) mm, primero globoso, c\u00f3nico, m\u00e1s tarde convexo, convexo umbonado, por \u00faltimo, plano convexo; superficie pileica lisa, separable en su totalidad, viscosa o glutinosa, brillante; de color pardo marr\u00f3n oscuro, pardo amarillo, pardo rojo oscuro, crema ocre, marr\u00f3n ocre, marr\u00f3n chocolate, puede estar decolorado en zonas amarillas o incluso blanquecino (fma. <em>albus<\/em>); margen espeso, muy incurvado en la juventud, despu\u00e9s redondo, excedente, concolor, en los ejemplares j\u00f3venes con restos de velo parcial primero blanquecino, m\u00e1s tarde pardo chocolate. Himen\u00f3foro con tubos largos de 5-12 mm, separables, adnatos, amarillo citrino, m\u00e1s tarde amarillo dorado, amarillo oliv\u00e1ceo en los basidiomas maduros; poros muy peque\u00f1os en la juventud, estrechos, pronto angulosos, de color primero amarillo p\u00e1lido a amarillo citrino, despu\u00e9s amarillo ocr\u00e1ceo u oliv\u00e1ceo en la madurez. Est\u00edpite de 50-120 x 15-25 mm, cil\u00edndrico, seco, sub\u00edgual; por encima del velo, de color blanco o blanquecino, levemente amarillo, cubierto de finas granulaciones\u00a0 primero amarillas, despu\u00e9s pardo violetas; por debajo del velo de color primero amarillo sucio, pronto pardusco, con restos de velo de color pardo oscuro; velo amplio, membranoso, seco y\u00a0 blanquecino en la parte superior, viscoso y viol\u00e1ceo en la parte inferior, al final se reduce a una banda adherida al estip\u00edte de color pardo vinoso o negro; micelio basal blanquecino. Contexto espeso, acuosa, blanco, amarillo citrino en la periferia de los tubos y bajo la pileipellis; sabor acidulado; olor d\u00e9bil a frutas.<\/span><\/p>\n<p style=\"text-align: justify;\"><span style=\"color: #000000;\"><em>Caracteres microsc\u00f3picos<\/em>. Basidi\u00f3sporas de (7) 7,5-9,2 (10,1) x (2,6) 2,7-3,3 (3,5) \u00b5m; Q = (2,4) 2,5-3 (3,2), el\u00edpticas o fusiformes, lisas, con paredes espesas, amarillo ocre. Esporada de color marr\u00f3n canela. Cistidios de 30-50 x 5-8 \u00b5m, claviformes o un poco lageniformes, incrustados de marr\u00f3n, fasciculados. Caulocistidios de 30-80 x 5-10 \u00b5m, de cil\u00edndricos a clavados, incrustados de marr\u00f3n, fasciculados. Pileipellis de tipo ixotricodermis con hifas entremezcladas, gelificadas, largas, cil\u00edndricas, septadas, juntas sin f\u00edbulas, art\u00edculos terminales cil\u00edndricos, alargados, tumbados, con el \u00e1pice redondeado, de calibre de calibre 40-120 x 2-6 \u00b5m, Q = 11-20; elementos de la pileipellis con finas incrustaciones granulosas.<\/span><\/p>\n<p style=\"text-align: justify;\"><span style=\"color: #000000;\"><em>Ecolog\u00eda<\/em>. En verano y oto\u00f1o, incluso pero m\u00e1s raramente en primavera e invierno, desde el llano a la monta\u00f1a, bajo <em>Pinus sp<\/em>., sobre todo en lugares herbosos, indiferente al sustrato, muy com\u00fan y de amplia distribuci\u00f3n. Distribuci\u00f3n. Muy com\u00fan, E.\u00a0<\/span><\/p>\n<p style=\"text-align: justify;\"><span style=\"color: #000000;\">Citar como: Mu\u00f1oz, J.A. 2022. <em>Suillus luteus<\/em> (L.) Roussel,\u00a0micol\u00f3gica-barakaldo.org [en l\u00ednea]. Fichas Micol\u00f3gicas, n\u00ba 675 (Actualizada el 22-VIII-2022). Disponible en: \u00a0<a style=\"color: #000000;\" href=\"https:\/\/micologica-barakaldo.org\/Suillus-luteus\/\">https:\/\/micologica-barakaldo.org\/Suillus-luteus\/<\/a><\/span><\/p>\n<\/div><div class=\"fusion-clearfix\"><\/div><\/div><\/div><div class=\"fusion-layout-column fusion_builder_column fusion-builder-column-1 fusion_builder_column_1_2 1_2 fusion-one-half fusion-column-last\" style=\"--awb-bg-size:cover;width:48%;\"><div class=\"fusion-column-wrapper fusion-flex-column-wrapper-legacy\"><div class=\"fusion-image-element in-legacy-container\" style=\"--awb-caption-title-font-family:var(--h2_typography-font-family);--awb-caption-title-font-weight:var(--h2_typography-font-weight);--awb-caption-title-font-style:var(--h2_typography-font-style);--awb-caption-title-size:var(--h2_typography-font-size);--awb-caption-title-transform:var(--h2_typography-text-transform);--awb-caption-title-line-height:var(--h2_typography-line-height);--awb-caption-title-letter-spacing:var(--h2_typography-letter-spacing);\"><span class=\" fusion-imageframe imageframe-none imageframe-1 hover-type-none\"><img loading=\"lazy\" decoding=\"async\" width=\"1204\" height=\"831\" title=\"Suillus luteus_20111125_456\" src=\"https:\/\/micologica-barakaldo.org\/wp-content\/uploads\/2022\/08\/Suillus-luteus_20111125_456.jpg\" alt class=\"img-responsive wp-image-6995\" srcset=\"https:\/\/micologica-barakaldo.org\/wp-content\/uploads\/2022\/08\/Suillus-luteus_20111125_456-200x138.jpg 200w, https:\/\/micologica-barakaldo.org\/wp-content\/uploads\/2022\/08\/Suillus-luteus_20111125_456-400x276.jpg 400w, https:\/\/micologica-barakaldo.org\/wp-content\/uploads\/2022\/08\/Suillus-luteus_20111125_456-600x414.jpg 600w, https:\/\/micologica-barakaldo.org\/wp-content\/uploads\/2022\/08\/Suillus-luteus_20111125_456-800x552.jpg 800w, https:\/\/micologica-barakaldo.org\/wp-content\/uploads\/2022\/08\/Suillus-luteus_20111125_456-1200x828.jpg 1200w, https:\/\/micologica-barakaldo.org\/wp-content\/uploads\/2022\/08\/Suillus-luteus_20111125_456.jpg 1204w\" sizes=\"auto, (max-width: 1024px) 100vw, 800px\" \/><\/span><\/div><div class=\"fusion-clearfix\"><\/div><\/div><\/div><div class=\"fusion-layout-column fusion_builder_column fusion-builder-column-2 fusion_builder_column_1_1 1_1 fusion-one-full fusion-column-first fusion-column-last\" style=\"--awb-padding-top:40px;--awb-bg-size:cover;\"><div class=\"fusion-column-wrapper fusion-flex-column-wrapper-legacy\"><div class=\"fusion-aligncenter\"><a class=\"fusion-button button-flat button-xlarge button-default fusion-button-default button-1 fusion-button-default-span fusion-button-default-type\" target=\"_self\" href=\"https:\/\/micologica-barakaldo.org\/wp-content\/uploads\/2022\/08\/Suillus-luteus.pdf\"><i class=\"fa-file-pdf far awb-button__icon awb-button__icon--default button-icon-left\" aria-hidden=\"true\"><\/i><span class=\"fusion-button-text awb-button__text awb-button__text--default\">VER FICHA COMPLETA<\/span><\/a><\/div><div class=\"fusion-clearfix\"><\/div><\/div><\/div><\/div><\/div>\n","protected":false},"excerpt":{"rendered":"","protected":false},"author":2,"featured_media":6994,"comment_status":"open","ping_status":"closed","sticky":false,"template":"","format":"standard","meta":{"footnotes":"","jetpack_publicize_message":"","jetpack_publicize_feature_enabled":true,"jetpack_social_post_already_shared":true,"jetpack_social_options":{"image_generator_settings":{"template":"highway","default_image_id":0,"font":"","enabled":false},"version":2}},"categories":[6,46],"tags":[],"class_list":["post-6996","post","type-post","status-publish","format-standard","has-post-thumbnail","hentry","category-fichas-micologicas","category-fichas-micologicas-setas-s"],"jetpack_publicize_connections":[],"jetpack_featured_media_url":"https:\/\/micologica-barakaldo.org\/wp-content\/uploads\/2022\/08\/Suillus-luteus_20111125_456.jpg","jetpack_shortlink":"https:\/\/wp.me\/p9dTSQ-1OQ","_links":{"self":[{"href":"https:\/\/micologica-barakaldo.org\/eu\/wp-json\/wp\/v2\/posts\/6996","targetHints":{"allow":["GET"]}}],"collection":[{"href":"https:\/\/micologica-barakaldo.org\/eu\/wp-json\/wp\/v2\/posts"}],"about":[{"href":"https:\/\/micologica-barakaldo.org\/eu\/wp-json\/wp\/v2\/types\/post"}],"author":[{"embeddable":true,"href":"https:\/\/micologica-barakaldo.org\/eu\/wp-json\/wp\/v2\/users\/2"}],"replies":[{"embeddable":true,"href":"https:\/\/micologica-barakaldo.org\/eu\/wp-json\/wp\/v2\/comments?post=6996"}],"version-history":[{"count":1,"href":"https:\/\/micologica-barakaldo.org\/eu\/wp-json\/wp\/v2\/posts\/6996\/revisions"}],"predecessor-version":[{"id":6997,"href":"https:\/\/micologica-barakaldo.org\/eu\/wp-json\/wp\/v2\/posts\/6996\/revisions\/6997"}],"wp:featuredmedia":[{"embeddable":true,"href":"https:\/\/micologica-barakaldo.org\/eu\/wp-json\/wp\/v2\/media\/6994"}],"wp:attachment":[{"href":"https:\/\/micologica-barakaldo.org\/eu\/wp-json\/wp\/v2\/media?parent=6996"}],"wp:term":[{"taxonomy":"category","embeddable":true,"href":"https:\/\/micologica-barakaldo.org\/eu\/wp-json\/wp\/v2\/categories?post=6996"},{"taxonomy":"post_tag","embeddable":true,"href":"https:\/\/micologica-barakaldo.org\/eu\/wp-json\/wp\/v2\/tags?post=6996"}],"curies":[{"name":"wp","href":"https:\/\/api.w.org\/{rel}","templated":true}]}}