{"id":7002,"date":"2022-08-24T20:03:19","date_gmt":"2022-08-24T19:03:19","guid":{"rendered":"https:\/\/micologica-barakaldo.org\/?p=7002"},"modified":"2022-08-24T20:03:19","modified_gmt":"2022-08-24T19:03:19","slug":"suillus-flavidus","status":"publish","type":"post","link":"https:\/\/micologica-barakaldo.org\/eu\/suillus-flavidus\/","title":{"rendered":"Suillus flavidus"},"content":{"rendered":"<div class=\"fusion-fullwidth fullwidth-box fusion-builder-row-1 nonhundred-percent-fullwidth non-hundred-percent-height-scrolling\" style=\"--awb-border-radius-top-left:0px;--awb-border-radius-top-right:0px;--awb-border-radius-bottom-right:0px;--awb-border-radius-bottom-left:0px;--awb-padding-bottom:50px;--awb-flex-wrap:wrap;\" ><div class=\"fusion-builder-row fusion-row\"><div class=\"fusion-layout-column fusion_builder_column fusion-builder-column-0 fusion_builder_column_1_2 1_2 fusion-one-half fusion-column-first\" style=\"--awb-bg-size:cover;width:48%; margin-right: 4%;\"><div class=\"fusion-column-wrapper fusion-flex-column-wrapper-legacy\"><div class=\"fusion-text fusion-text-1\"><p style=\"text-align: justify;\"><span style=\"color: #000000;\"><em>Suillus flavidus<\/em> (Fr.) J. Presl, W\u0161eobecn\u00fd rostlinopis 2: 191, 1846<\/span><\/p>\n<p style=\"text-align: justify;\"><span style=\"color: #000000;\">\u2261<em>Boletus flavidus<\/em> Fr., Observationes mycologicae 1: 110, 1815 [Basionym]<\/span><\/p>\n<p style=\"text-align: justify;\"><span style=\"color: #000000;\"><em>Caracteres macrosc\u00f3picos<\/em>. P\u00edleo de 30-70 mm, primero c\u00f3nico, m\u00e1s tarde convexo, al final plano convexo pero abultado en la parte central, pero umbonado; superficie pil\u00e9ica lisa, glutinosa, con fin\u00edsimas fibrillas marrones dispuestas radialmente, de color amarillo, amarillo ocre claro, con tonos gris marr\u00f3n oliv\u00e1ceo hacia la periferia; margen primero enrollado, despu\u00e9s regular y recto. Himen\u00f3foro con tubos cortos de 3-10 mm, finos, adnatos, de color amarillo claro, que van oscureci\u00e9ndose hasta el marr\u00f3n amarillo oliv\u00e1ceo; poros amplios y angulosos, mayores de 1 mm, dispuestos radialmente, compuestos, de color amarillo, despu\u00e9s concolor a los tubos. Est\u00edpite de 40-70 x 5-15 mm, cil\u00edndrico, sub\u00edgual; por encima del velo viscoso, del color del p\u00edleo o algo m\u00e1s claro; por debajo del velo, cubierto de finas granulaciones parduscas; velo parcial en la parte alta, inicialmente glutinoso y persistente, despu\u00e9s fugaz, primero blanquecino amarillento, despu\u00e9s ocr\u00e1ceo o pardusco por las basidi\u00f3sporas depositadas; micelio basal blanco. Contexto blando y acuoso, m\u00e1s fibroso en el est\u00edpite, al corte es de color amarillo p\u00e1lido, amarillo m\u00e1s vivo en la base del estipe, rosa p\u00e1lido en el p\u00edleo; olor poco apreciable, sabor un poco acidulado.<\/span><\/p>\n<p style=\"text-align: justify;\"><span style=\"color: #000000;\"><em>Caracteres microsc\u00f3picos<\/em>. Basidi\u00f3sporas de (7,5) 8,6-9,7 (10) x 3,2-3,8 \u00b5m, media = 9,1 x 3,6 \u00b5m, Q = (2,4) 2,5-2,8, el\u00edpticas a fusiformes, lisas, con pared espesa, gutuladas, amarillo p\u00e1lido. Esporada de color marr\u00f3n canela. Cistidios de 35-70 x 5-12 \u00b5m, de cil\u00edndricos a claviformes, con finas incrustaciones marrones en la parte alta. Caulocistidios de 35-80 x 5-15 \u00b5m, de cil\u00edndricos a claviformes, pigmentados de marr\u00f3n, dispuestos en amplios racimos. Pileipellis del tipo ixotricodermis de hifas entremezcladas, gelificadas, largas, cil\u00edndricas, septadas, juntas sin f\u00edbulas, art\u00edculos terminales cil\u00edndricos, alargados, tumbados, con el \u00e1pice redondeado de calibre 50 &#8211; 110 x 2 &#8211; 6 \u00b5m, Q = 10,5 &#8211; 18,5, con finas incrustaciones hialinas.<\/span><\/p>\n<p style=\"text-align: justify;\"><span style=\"color: #000000;\"><em>Ecolog\u00eda<\/em>. En bosques de con\u00edferas, sobre todo <em>Pinus sp<\/em>., en turberas, en lugares h\u00famedos, incluso encharcados, entre el musgo y sobre todo entre <em>Sphagnum sp<\/em>., en verano y oto\u00f1o. <em>Distribuci\u00f3n<\/em>. Muy raro. <\/span><\/p>\n<p style=\"text-align: justify;\"><span style=\"color: #000000;\">Citar como: Mu\u00f1oz, J.A. 2022. <em>Suillus flavidus<\/em> (Fr.) J. Presl,\u00a0micol\u00f3gica-barakaldo.org [en l\u00ednea]. Fichas Micol\u00f3gicas, n\u00ba 676 (Actualizada el 24-VIII-2022). Disponible en: \u00a0<a style=\"color: #000000;\" href=\"https:\/\/micologica-barakaldo.org\/Suillus-flavidus\/\">https:\/\/micologica-barakaldo.org\/Suillus-flavidus\/<\/a><\/span><\/p>\n<\/div><div class=\"fusion-clearfix\"><\/div><\/div><\/div><div class=\"fusion-layout-column fusion_builder_column fusion-builder-column-1 fusion_builder_column_1_2 1_2 fusion-one-half fusion-column-last\" style=\"--awb-bg-size:cover;width:48%;\"><div class=\"fusion-column-wrapper fusion-flex-column-wrapper-legacy\"><div class=\"fusion-image-element in-legacy-container\" style=\"--awb-caption-title-font-family:var(--h2_typography-font-family);--awb-caption-title-font-weight:var(--h2_typography-font-weight);--awb-caption-title-font-style:var(--h2_typography-font-style);--awb-caption-title-size:var(--h2_typography-font-size);--awb-caption-title-transform:var(--h2_typography-text-transform);--awb-caption-title-line-height:var(--h2_typography-line-height);--awb-caption-title-letter-spacing:var(--h2_typography-letter-spacing);\"><span class=\" fusion-imageframe imageframe-none imageframe-1 hover-type-none\"><img loading=\"lazy\" decoding=\"async\" width=\"1204\" height=\"888\" title=\"Suillus flavidus\" src=\"https:\/\/micologica-barakaldo.org\/wp-content\/uploads\/2022\/08\/Suillus-flavidus.jpg\" alt class=\"img-responsive wp-image-7001\" srcset=\"https:\/\/micologica-barakaldo.org\/wp-content\/uploads\/2022\/08\/Suillus-flavidus-200x148.jpg 200w, https:\/\/micologica-barakaldo.org\/wp-content\/uploads\/2022\/08\/Suillus-flavidus-400x295.jpg 400w, https:\/\/micologica-barakaldo.org\/wp-content\/uploads\/2022\/08\/Suillus-flavidus-600x443.jpg 600w, https:\/\/micologica-barakaldo.org\/wp-content\/uploads\/2022\/08\/Suillus-flavidus-800x590.jpg 800w, https:\/\/micologica-barakaldo.org\/wp-content\/uploads\/2022\/08\/Suillus-flavidus-1200x885.jpg 1200w, https:\/\/micologica-barakaldo.org\/wp-content\/uploads\/2022\/08\/Suillus-flavidus.jpg 1204w\" sizes=\"auto, (max-width: 1024px) 100vw, 800px\" \/><\/span><\/div><div class=\"fusion-clearfix\"><\/div><\/div><\/div><div class=\"fusion-layout-column fusion_builder_column fusion-builder-column-2 fusion_builder_column_1_1 1_1 fusion-one-full fusion-column-first fusion-column-last\" style=\"--awb-padding-top:40px;--awb-bg-size:cover;\"><div class=\"fusion-column-wrapper fusion-flex-column-wrapper-legacy\"><div class=\"fusion-aligncenter\"><a class=\"fusion-button button-flat button-xlarge button-default fusion-button-default button-1 fusion-button-default-span fusion-button-default-type\" target=\"_self\" href=\"https:\/\/micologica-barakaldo.org\/wp-content\/uploads\/2022\/08\/Suillus-flavidus.pdf\"><i class=\"fa-file-pdf far awb-button__icon awb-button__icon--default button-icon-left\" aria-hidden=\"true\"><\/i><span class=\"fusion-button-text awb-button__text awb-button__text--default\">VER FICHA COMPLETA<\/span><\/a><\/div><div class=\"fusion-clearfix\"><\/div><\/div><\/div><\/div><\/div>\n","protected":false},"excerpt":{"rendered":"","protected":false},"author":2,"featured_media":7000,"comment_status":"open","ping_status":"closed","sticky":false,"template":"","format":"standard","meta":{"footnotes":"","jetpack_publicize_message":"","jetpack_publicize_feature_enabled":true,"jetpack_social_post_already_shared":true,"jetpack_social_options":{"image_generator_settings":{"template":"highway","default_image_id":0,"font":"","enabled":false},"version":2}},"categories":[6,46],"tags":[],"class_list":["post-7002","post","type-post","status-publish","format-standard","has-post-thumbnail","hentry","category-fichas-micologicas","category-fichas-micologicas-setas-s"],"jetpack_publicize_connections":[],"jetpack_featured_media_url":"https:\/\/micologica-barakaldo.org\/wp-content\/uploads\/2022\/08\/Suillus-flavidus.jpg","jetpack_shortlink":"https:\/\/wp.me\/p9dTSQ-1OW","_links":{"self":[{"href":"https:\/\/micologica-barakaldo.org\/eu\/wp-json\/wp\/v2\/posts\/7002","targetHints":{"allow":["GET"]}}],"collection":[{"href":"https:\/\/micologica-barakaldo.org\/eu\/wp-json\/wp\/v2\/posts"}],"about":[{"href":"https:\/\/micologica-barakaldo.org\/eu\/wp-json\/wp\/v2\/types\/post"}],"author":[{"embeddable":true,"href":"https:\/\/micologica-barakaldo.org\/eu\/wp-json\/wp\/v2\/users\/2"}],"replies":[{"embeddable":true,"href":"https:\/\/micologica-barakaldo.org\/eu\/wp-json\/wp\/v2\/comments?post=7002"}],"version-history":[{"count":1,"href":"https:\/\/micologica-barakaldo.org\/eu\/wp-json\/wp\/v2\/posts\/7002\/revisions"}],"predecessor-version":[{"id":7003,"href":"https:\/\/micologica-barakaldo.org\/eu\/wp-json\/wp\/v2\/posts\/7002\/revisions\/7003"}],"wp:featuredmedia":[{"embeddable":true,"href":"https:\/\/micologica-barakaldo.org\/eu\/wp-json\/wp\/v2\/media\/7000"}],"wp:attachment":[{"href":"https:\/\/micologica-barakaldo.org\/eu\/wp-json\/wp\/v2\/media?parent=7002"}],"wp:term":[{"taxonomy":"category","embeddable":true,"href":"https:\/\/micologica-barakaldo.org\/eu\/wp-json\/wp\/v2\/categories?post=7002"},{"taxonomy":"post_tag","embeddable":true,"href":"https:\/\/micologica-barakaldo.org\/eu\/wp-json\/wp\/v2\/tags?post=7002"}],"curies":[{"name":"wp","href":"https:\/\/api.w.org\/{rel}","templated":true}]}}