{"id":7040,"date":"2022-09-11T19:06:52","date_gmt":"2022-09-11T18:06:52","guid":{"rendered":"https:\/\/micologica-barakaldo.org\/?p=7040"},"modified":"2022-09-11T19:06:52","modified_gmt":"2022-09-11T18:06:52","slug":"suillus-variegatus","status":"publish","type":"post","link":"https:\/\/micologica-barakaldo.org\/eu\/suillus-variegatus\/","title":{"rendered":"Suillus variegatus"},"content":{"rendered":"<div class=\"fusion-fullwidth fullwidth-box fusion-builder-row-1 nonhundred-percent-fullwidth non-hundred-percent-height-scrolling\" style=\"--awb-border-radius-top-left:0px;--awb-border-radius-top-right:0px;--awb-border-radius-bottom-right:0px;--awb-border-radius-bottom-left:0px;--awb-padding-bottom:50px;--awb-flex-wrap:wrap;\" ><div class=\"fusion-builder-row fusion-row\"><div class=\"fusion-layout-column fusion_builder_column fusion-builder-column-0 fusion_builder_column_1_2 1_2 fusion-one-half fusion-column-first\" style=\"--awb-bg-size:cover;width:48%; margin-right: 4%;\"><div class=\"fusion-column-wrapper fusion-flex-column-wrapper-legacy\"><div class=\"fusion-text fusion-text-1\"><p style=\"text-align: justify;\"><span style=\"color: #000000;\"><em>Suillus variegatus<\/em> (Sw.) Kuntze, Revisio generum plantarum 3 (3): 536, 1898<\/span><\/p>\n<p style=\"text-align: justify;\"><span style=\"color: #000000;\">\u2261<em>Boletus variegatus<\/em> Sw., Kungl. Svenska Vetenskapsakad. Handl.: 8, 1810 [basionym]<\/span><\/p>\n<p style=\"text-align: justify;\"><span style=\"color: #000000;\"><em>Caracteres macrosc\u00f3picos<\/em>. P\u00edleo de 50-150 mm de di\u00e1metro, primero hemisf\u00e9rico, despu\u00e9s largo tiempo convexo o plano convexo. Superficie pileica no separable, mate, un poco lubrificada o ligeramente viscosa en tiempo h\u00famedo, afieltrada, el centro del p\u00edleo se rompe en finas escamitas m\u00e1s oscuras que el fondo; de color marr\u00f3n amarillo, gris\u00e1ceo amarillento, ocre naranja oliv\u00e1ceo, ocre oliv\u00e1ceo, pardo oliv\u00e1ceo; margen primero incurvado, despu\u00e9s derecho, un poco excedente, ondulado, concolor. Himen\u00f3foro con tubos de 6-10 mm de anchura, adnatos, de color amarillo oliv\u00e1ceo, en la madurez color mostaza o pardo verdoso; poros muy peque\u00f1os al principio, m\u00e1s o menos redondos, al final m\u00e1s grandes y angulosos, azulean d\u00e9bilmente al tocar, concolor a los tubos. Estipe de 50-120 x 20-35 mm, firme, lleno, al principio puede ser claviforme o un poco bulboso, en pleno desarrollo es m\u00e1s cil\u00edndrico, fibroso, afieltrado, al final liso, del color del p\u00edleo o un poco m\u00e1s claro. Contexto firme, con la edad blando, blanco amarillento en el p\u00edleo, amarillo naranja y por zonas en lo alto y base del estipe; sabor poco apreciable, olor claramente acidulado.<\/span><\/p>\n<p style=\"text-align: justify;\"><span style=\"color: #000000;\"><em>Caracteres microsc\u00f3picos<\/em>. Basidi\u00f3sporas de (8) 8,6-9,7 (10) x 3-3,8 \u03bcm, media = 9,2 x 3,4 \u03bcm, Q = (2,4) 2,5-2,8 (3), de el\u00edpticas a fusiformes, lisas, gutuladas, con paredes espesas, amarillo ocre. Esporada pardo oliv\u00e1ceo. Cistidios de 30-50 x 6-10 \u03bcm, de cil\u00edndricos a clavados, fasciculados, con finas incrustaciones. Caulocistidios de 30-50 x 6-10 \u03bcm, claviformes o cilindr\u00e1ceos, fasciculados, con incrustaciones. Pileipellis de tipo trichoderma de hifas irregularmente entremezcladas, cortas, cil\u00edndricas, septadas, juntas sin f\u00edbulas; art\u00edculos terminales cil\u00edndricos, inflados o adelgazados, alargados, levantados, con el \u00e1pice redondeado, con paredes espesas, de calibre 13-35 x 5-15 \u03bcm, Q = 2,4-6,5, pigmentados de amarillento.<\/span><\/p>\n<p style=\"text-align: justify;\"><span style=\"color: #000000;\"><em>Ecolog\u00eda<\/em>. De final de verano a principios de invierno, en bosques de Pinus sp. de dos aguijas, principalmente bajo <em>P. sylvestris<\/em>, tambi\u00e9n bajo <em>P. radiata<\/em>, en terrenos \u00e1cidos, tanto en zonas bajas como en monta\u00f1a.\u00a0<\/span><\/p>\n<p style=\"text-align: justify;\"><span style=\"color: #000000;\">Citar como: Mu\u00f1oz, J.A. 2022 \u201c<em>Suillus variegatus<\/em> (Sw.) Kuntze\u201d. micol\u00f3gica-barakaldo.org [en l\u00ednea] Fichas micol\u00f3gicas n\u00ba 682, (Actualizada el 11-IX-2022). Disponible en <a style=\"color: #000000;\" href=\"https:\/\/micologica-barakaldo.org\/Suillus-variegatus\/\">https:\/\/micologica-barakaldo.org\/Suillus-variegatus\/<\/a><\/span><\/p>\n<\/div><div class=\"fusion-clearfix\"><\/div><\/div><\/div><div class=\"fusion-layout-column fusion_builder_column fusion-builder-column-1 fusion_builder_column_1_2 1_2 fusion-one-half fusion-column-last\" style=\"--awb-bg-size:cover;width:48%;\"><div class=\"fusion-column-wrapper fusion-flex-column-wrapper-legacy\"><div class=\"fusion-image-element in-legacy-container\" style=\"--awb-caption-title-font-family:var(--h2_typography-font-family);--awb-caption-title-font-weight:var(--h2_typography-font-weight);--awb-caption-title-font-style:var(--h2_typography-font-style);--awb-caption-title-size:var(--h2_typography-font-size);--awb-caption-title-transform:var(--h2_typography-text-transform);--awb-caption-title-line-height:var(--h2_typography-line-height);--awb-caption-title-letter-spacing:var(--h2_typography-letter-spacing);\"><span class=\" fusion-imageframe imageframe-none imageframe-1 hover-type-none\"><img loading=\"lazy\" decoding=\"async\" width=\"1204\" height=\"826\" title=\"Suillus variegatus\" src=\"https:\/\/micologica-barakaldo.org\/wp-content\/uploads\/2022\/09\/Suillus-variegatus.jpg\" alt class=\"img-responsive wp-image-7039\" srcset=\"https:\/\/micologica-barakaldo.org\/wp-content\/uploads\/2022\/09\/Suillus-variegatus-200x137.jpg 200w, https:\/\/micologica-barakaldo.org\/wp-content\/uploads\/2022\/09\/Suillus-variegatus-400x274.jpg 400w, https:\/\/micologica-barakaldo.org\/wp-content\/uploads\/2022\/09\/Suillus-variegatus-600x412.jpg 600w, https:\/\/micologica-barakaldo.org\/wp-content\/uploads\/2022\/09\/Suillus-variegatus-800x549.jpg 800w, https:\/\/micologica-barakaldo.org\/wp-content\/uploads\/2022\/09\/Suillus-variegatus-1200x823.jpg 1200w, https:\/\/micologica-barakaldo.org\/wp-content\/uploads\/2022\/09\/Suillus-variegatus.jpg 1204w\" sizes=\"auto, (max-width: 1024px) 100vw, 800px\" \/><\/span><\/div><div class=\"fusion-clearfix\"><\/div><\/div><\/div><div class=\"fusion-layout-column fusion_builder_column fusion-builder-column-2 fusion_builder_column_1_1 1_1 fusion-one-full fusion-column-first fusion-column-last\" style=\"--awb-padding-top:40px;--awb-bg-size:cover;\"><div class=\"fusion-column-wrapper fusion-flex-column-wrapper-legacy\"><div class=\"fusion-aligncenter\"><a class=\"fusion-button button-flat button-xlarge button-default fusion-button-default button-1 fusion-button-default-span fusion-button-default-type\" target=\"_self\" href=\"https:\/\/micologica-barakaldo.org\/wp-content\/uploads\/2022\/09\/Suillus-variegatus.pdf\"><i class=\"fa-file-pdf far awb-button__icon awb-button__icon--default button-icon-left\" aria-hidden=\"true\"><\/i><span class=\"fusion-button-text awb-button__text awb-button__text--default\">VER FICHA COMPLETA<\/span><\/a><\/div><div class=\"fusion-clearfix\"><\/div><\/div><\/div><\/div><\/div>\n","protected":false},"excerpt":{"rendered":"","protected":false},"author":2,"featured_media":7038,"comment_status":"open","ping_status":"closed","sticky":false,"template":"","format":"standard","meta":{"footnotes":"","jetpack_publicize_message":"","jetpack_publicize_feature_enabled":true,"jetpack_social_post_already_shared":true,"jetpack_social_options":{"image_generator_settings":{"template":"highway","default_image_id":0,"font":"","enabled":false},"version":2}},"categories":[6,46],"tags":[],"class_list":["post-7040","post","type-post","status-publish","format-standard","has-post-thumbnail","hentry","category-fichas-micologicas","category-fichas-micologicas-setas-s"],"jetpack_publicize_connections":[],"jetpack_featured_media_url":"https:\/\/micologica-barakaldo.org\/wp-content\/uploads\/2022\/09\/Suillus-variegatus.jpg","jetpack_shortlink":"https:\/\/wp.me\/p9dTSQ-1Py","_links":{"self":[{"href":"https:\/\/micologica-barakaldo.org\/eu\/wp-json\/wp\/v2\/posts\/7040","targetHints":{"allow":["GET"]}}],"collection":[{"href":"https:\/\/micologica-barakaldo.org\/eu\/wp-json\/wp\/v2\/posts"}],"about":[{"href":"https:\/\/micologica-barakaldo.org\/eu\/wp-json\/wp\/v2\/types\/post"}],"author":[{"embeddable":true,"href":"https:\/\/micologica-barakaldo.org\/eu\/wp-json\/wp\/v2\/users\/2"}],"replies":[{"embeddable":true,"href":"https:\/\/micologica-barakaldo.org\/eu\/wp-json\/wp\/v2\/comments?post=7040"}],"version-history":[{"count":1,"href":"https:\/\/micologica-barakaldo.org\/eu\/wp-json\/wp\/v2\/posts\/7040\/revisions"}],"predecessor-version":[{"id":7041,"href":"https:\/\/micologica-barakaldo.org\/eu\/wp-json\/wp\/v2\/posts\/7040\/revisions\/7041"}],"wp:featuredmedia":[{"embeddable":true,"href":"https:\/\/micologica-barakaldo.org\/eu\/wp-json\/wp\/v2\/media\/7038"}],"wp:attachment":[{"href":"https:\/\/micologica-barakaldo.org\/eu\/wp-json\/wp\/v2\/media?parent=7040"}],"wp:term":[{"taxonomy":"category","embeddable":true,"href":"https:\/\/micologica-barakaldo.org\/eu\/wp-json\/wp\/v2\/categories?post=7040"},{"taxonomy":"post_tag","embeddable":true,"href":"https:\/\/micologica-barakaldo.org\/eu\/wp-json\/wp\/v2\/tags?post=7040"}],"curies":[{"name":"wp","href":"https:\/\/api.w.org\/{rel}","templated":true}]}}