{"id":7053,"date":"2022-09-15T19:29:51","date_gmt":"2022-09-15T18:29:51","guid":{"rendered":"https:\/\/micologica-barakaldo.org\/?p=7053"},"modified":"2022-09-17T10:05:32","modified_gmt":"2022-09-17T09:05:32","slug":"suillus-grevillei","status":"publish","type":"post","link":"https:\/\/micologica-barakaldo.org\/eu\/suillus-grevillei\/","title":{"rendered":"Suillus grevillei"},"content":{"rendered":"<div class=\"fusion-fullwidth fullwidth-box fusion-builder-row-1 nonhundred-percent-fullwidth non-hundred-percent-height-scrolling\" style=\"--awb-border-radius-top-left:0px;--awb-border-radius-top-right:0px;--awb-border-radius-bottom-right:0px;--awb-border-radius-bottom-left:0px;--awb-padding-bottom:50px;--awb-flex-wrap:wrap;\" ><div class=\"fusion-builder-row fusion-row\"><div class=\"fusion-layout-column fusion_builder_column fusion-builder-column-0 fusion_builder_column_1_2 1_2 fusion-one-half fusion-column-first\" style=\"--awb-bg-size:cover;width:48%; margin-right: 4%;\"><div class=\"fusion-column-wrapper fusion-flex-column-wrapper-legacy\"><div class=\"fusion-text fusion-text-1\"><p style=\"text-align: justify;\"><span style=\"color: #000000;\"><em>Suillus grevillei<\/em> (Klotzsch) Singer, Farlowia 2: 259, 1945<\/span><\/p>\n<p style=\"text-align: justify;\"><span style=\"color: #000000;\">\u2261<em>Boletus grevillei<\/em> Klotzsch, Linnaea 7: 198, 1832<\/span><\/p>\n<p style=\"text-align: justify;\"><span style=\"color: #000000;\"><em>Caracteres macrosc\u00f3picos<\/em>. P\u00edleo de 50 &#8211; 150 mm, convexo a subumbonado, por \u00faltimo, plano convexo, pero siempre m\u00e1s o menos abultado en el centro; superficie pileica lisa, brillante, glutinosa a viscosa en tiempo h\u00famedo, de color amarillo citrino vivo, amarillo dorado, amarillo naranja, ocre amarillo, rojizo naranja, en general m\u00e1s oscuro en el centro y m\u00e1s claro en la periferia; margen incurvado, t\u00edpicamente excedente. Himen\u00f3foro con tubos cortos de 5-10 mm, finos, separables, adnatos a adnato decurrentes, de color amarillo, amarillo ocr\u00e1ceo incluso algo oliv\u00e1ceos; poros estrechos, muy prietos al principio, despu\u00e9s m\u00e1s anchos, angulosos, de color amarillo, amarillo vivo, gris verdoso en la madurez. Estipe de 50-120 x 15-25 mm, cil\u00edndrico, un poco claviforme, lleno, fibroso, por encima del velo parcial de color amarillo vivo, con fino ret\u00edculo amarillo, debajo del velo parcial afieltrado, de color amarillo dorado a ocre naranja; velo parcial o anillo en la parte superior del estipe, viscoso o glutinoso, primero blanco, despu\u00e9s amarillo citrino. Contexto pronto blando en el p\u00edleo y fibroso en el estipe, amarillo vivo al corte; sabor acidulado; olor poco apreciable.<\/span><\/p>\n<p style=\"text-align: justify;\"><span style=\"color: #000000;\"><em>Caracteres microsc\u00f3picos<\/em>. Basidi\u00f3sporas de (6,5) 7-9,5 (9,8) x 3,2 -3,7 (4,1) \u00b5m, media = 8,4 x 3,5 \u00b5m, Q = 2,2 -2,7 (2,8), el\u00edpticas a fusiformes, lisas, gutuladas, con paredes espesas, amarillentas. Esporada de color marr\u00f3n oliv\u00e1ceo. Cistidios de 32-50 x 5-10 \u00b5m, de cil\u00edndricos a clavados, incrustados, con contenido ocre amarillo en KOH al 3%. Caulocistidios de 35-80 x 6 -12 \u00b5m, de cil\u00edndricos a clavados, en racimos, incrustados, con contenido ocre. Pileipellis de tipo ixotricodermis con hifas entremezcladas, largas, cil\u00edndricas, septadas, juntas sin f\u00edbulas, art\u00edculos terminales cil\u00edndricos, alargados, de calibre 40-95 x 2-6 \u00b5m. Q = 9,5-18, con finas incrustaciones.<\/span><\/p>\n<p style=\"text-align: justify;\"><span style=\"color: #000000;\"><em>Ecolog\u00eda<\/em>. En verano y oto\u00f1o, exclusivamente bajo <em>Larix sp.,<\/em> incluso en repoblaciones de <em>Larix kaempferi<\/em>, en terrenos \u00e1cidos, de media a alta monta\u00f1a. Distribuci\u00f3n. Muy com\u00fan en el norte Peninsular. <\/span><\/p>\n<p style=\"text-align: justify;\"><span style=\"color: #000000;\">Citar como: Mu\u00f1oz, J.A. 2022 \u201c<em>Suillus grevillei<\/em> (Klotzsch) Singer\u201d. micol\u00f3gica-barakaldo.org [en l\u00ednea] Fichas micol\u00f3gicas n\u00ba 682, (Actualizada el 15-IX-2022). Disponible en <a style=\"color: #000000;\" href=\"https:\/\/micologica-barakaldo.org\/Suillus-grevillei\/\">https:\/\/micologica-barakaldo.org\/Suillus-grevillei\/<\/a><\/span><\/p>\n<\/div><div class=\"fusion-clearfix\"><\/div><\/div><\/div><div class=\"fusion-layout-column fusion_builder_column fusion-builder-column-1 fusion_builder_column_1_2 1_2 fusion-one-half fusion-column-last\" style=\"--awb-bg-size:cover;width:48%;\"><div class=\"fusion-column-wrapper fusion-flex-column-wrapper-legacy\"><div class=\"fusion-image-element in-legacy-container\" style=\"--awb-caption-title-font-family:var(--h2_typography-font-family);--awb-caption-title-font-weight:var(--h2_typography-font-weight);--awb-caption-title-font-style:var(--h2_typography-font-style);--awb-caption-title-size:var(--h2_typography-font-size);--awb-caption-title-transform:var(--h2_typography-text-transform);--awb-caption-title-line-height:var(--h2_typography-line-height);--awb-caption-title-letter-spacing:var(--h2_typography-letter-spacing);\"><span class=\" fusion-imageframe imageframe-none imageframe-1 hover-type-none\"><img loading=\"lazy\" decoding=\"async\" width=\"1204\" height=\"828\" title=\"Suillus grevillei_01_20131019_13670\" src=\"https:\/\/micologica-barakaldo.org\/wp-content\/uploads\/2022\/09\/Suillus-grevillei_01_20131019_13670.jpg\" alt class=\"img-responsive wp-image-7052\" srcset=\"https:\/\/micologica-barakaldo.org\/wp-content\/uploads\/2022\/09\/Suillus-grevillei_01_20131019_13670-200x138.jpg 200w, https:\/\/micologica-barakaldo.org\/wp-content\/uploads\/2022\/09\/Suillus-grevillei_01_20131019_13670-400x275.jpg 400w, https:\/\/micologica-barakaldo.org\/wp-content\/uploads\/2022\/09\/Suillus-grevillei_01_20131019_13670-600x413.jpg 600w, https:\/\/micologica-barakaldo.org\/wp-content\/uploads\/2022\/09\/Suillus-grevillei_01_20131019_13670-800x550.jpg 800w, https:\/\/micologica-barakaldo.org\/wp-content\/uploads\/2022\/09\/Suillus-grevillei_01_20131019_13670-1200x825.jpg 1200w, https:\/\/micologica-barakaldo.org\/wp-content\/uploads\/2022\/09\/Suillus-grevillei_01_20131019_13670.jpg 1204w\" sizes=\"auto, (max-width: 1024px) 100vw, 800px\" \/><\/span><\/div><div class=\"fusion-clearfix\"><\/div><\/div><\/div><div class=\"fusion-layout-column fusion_builder_column fusion-builder-column-2 fusion_builder_column_1_1 1_1 fusion-one-full fusion-column-first fusion-column-last\" style=\"--awb-padding-top:40px;--awb-bg-size:cover;\"><div class=\"fusion-column-wrapper fusion-flex-column-wrapper-legacy\"><div class=\"fusion-aligncenter\"><a class=\"fusion-button button-flat button-xlarge button-default fusion-button-default button-1 fusion-button-default-span fusion-button-default-type\" target=\"_self\" href=\"https:\/\/micologica-barakaldo.org\/wp-content\/uploads\/2022\/09\/Suillus-grevillei-1.pdf\"><i class=\"fa-file-pdf far awb-button__icon awb-button__icon--default button-icon-left\" aria-hidden=\"true\"><\/i><span class=\"fusion-button-text awb-button__text awb-button__text--default\">VER FICHA COMPLETA<\/span><\/a><\/div><div class=\"fusion-clearfix\"><\/div><\/div><\/div><\/div><\/div>\n","protected":false},"excerpt":{"rendered":"","protected":false},"author":2,"featured_media":7051,"comment_status":"open","ping_status":"closed","sticky":false,"template":"","format":"standard","meta":{"footnotes":"","jetpack_publicize_message":"","jetpack_publicize_feature_enabled":true,"jetpack_social_post_already_shared":true,"jetpack_social_options":{"image_generator_settings":{"template":"highway","default_image_id":0,"font":"","enabled":false},"version":2}},"categories":[6,46],"tags":[],"class_list":["post-7053","post","type-post","status-publish","format-standard","has-post-thumbnail","hentry","category-fichas-micologicas","category-fichas-micologicas-setas-s"],"jetpack_publicize_connections":[],"jetpack_featured_media_url":"https:\/\/micologica-barakaldo.org\/wp-content\/uploads\/2022\/09\/Suillus-grevillei_01_20131019_13670.jpg","jetpack_shortlink":"https:\/\/wp.me\/p9dTSQ-1PL","_links":{"self":[{"href":"https:\/\/micologica-barakaldo.org\/eu\/wp-json\/wp\/v2\/posts\/7053","targetHints":{"allow":["GET"]}}],"collection":[{"href":"https:\/\/micologica-barakaldo.org\/eu\/wp-json\/wp\/v2\/posts"}],"about":[{"href":"https:\/\/micologica-barakaldo.org\/eu\/wp-json\/wp\/v2\/types\/post"}],"author":[{"embeddable":true,"href":"https:\/\/micologica-barakaldo.org\/eu\/wp-json\/wp\/v2\/users\/2"}],"replies":[{"embeddable":true,"href":"https:\/\/micologica-barakaldo.org\/eu\/wp-json\/wp\/v2\/comments?post=7053"}],"version-history":[{"count":3,"href":"https:\/\/micologica-barakaldo.org\/eu\/wp-json\/wp\/v2\/posts\/7053\/revisions"}],"predecessor-version":[{"id":7063,"href":"https:\/\/micologica-barakaldo.org\/eu\/wp-json\/wp\/v2\/posts\/7053\/revisions\/7063"}],"wp:featuredmedia":[{"embeddable":true,"href":"https:\/\/micologica-barakaldo.org\/eu\/wp-json\/wp\/v2\/media\/7051"}],"wp:attachment":[{"href":"https:\/\/micologica-barakaldo.org\/eu\/wp-json\/wp\/v2\/media?parent=7053"}],"wp:term":[{"taxonomy":"category","embeddable":true,"href":"https:\/\/micologica-barakaldo.org\/eu\/wp-json\/wp\/v2\/categories?post=7053"},{"taxonomy":"post_tag","embeddable":true,"href":"https:\/\/micologica-barakaldo.org\/eu\/wp-json\/wp\/v2\/tags?post=7053"}],"curies":[{"name":"wp","href":"https:\/\/api.w.org\/{rel}","templated":true}]}}