{"id":7109,"date":"2022-09-25T20:05:22","date_gmt":"2022-09-25T19:05:22","guid":{"rendered":"https:\/\/micologica-barakaldo.org\/?p=7109"},"modified":"2022-09-25T20:05:22","modified_gmt":"2022-09-25T19:05:22","slug":"mycena-crocata","status":"publish","type":"post","link":"https:\/\/micologica-barakaldo.org\/eu\/mycena-crocata\/","title":{"rendered":"Mycena crocata"},"content":{"rendered":"<div class=\"fusion-fullwidth fullwidth-box fusion-builder-row-1 nonhundred-percent-fullwidth non-hundred-percent-height-scrolling\" style=\"--awb-border-radius-top-left:0px;--awb-border-radius-top-right:0px;--awb-border-radius-bottom-right:0px;--awb-border-radius-bottom-left:0px;--awb-padding-bottom:50px;--awb-flex-wrap:wrap;\" ><div class=\"fusion-builder-row fusion-row\"><div class=\"fusion-layout-column fusion_builder_column fusion-builder-column-0 fusion_builder_column_1_2 1_2 fusion-one-half fusion-column-first\" style=\"--awb-bg-size:cover;width:48%; margin-right: 4%;\"><div class=\"fusion-column-wrapper fusion-flex-column-wrapper-legacy\"><div class=\"fusion-text fusion-text-1\"><p style=\"text-align: justify;\"><span style=\"color: #000000;\"><em>Mycena crocata<\/em> (Schrad.) P. Kumm., F\u00fchr. Pilzk. (Zerbst): 108. 1871<\/span><\/p>\n<p style=\"text-align: justify;\"><span style=\"color: #000000;\">\u2261Agaricus crocatus Schrad., Spicil. fl. germ. 1: 126, 1794 [basionym]<\/span><\/p>\n<p style=\"text-align: justify;\"><span style=\"color: #000000;\"><em>Caracteres macrosc\u00f3picos<\/em>. P\u00edleo de hasta 12mm de di\u00e1metro, primero c\u00f3nico o c\u00f3nico-acampanado, despu\u00e9s plano convexo, con un peque\u00f1o umb\u00f3n bajo; margen delgado, agudo, estriado; superficie pileica, lisa, sedosa, mate, suavemente estriada, de color gris marr\u00f3n, blanquecino gris\u00e1ceo hacia la periferia, m\u00e1s oscura al disco, con manchas naranja amarillo o rojo naranja vivo al rozamiento. L\u00e1minas moderadamente apretadas, anchas, adnatas o emarginadas, blancas; arista entera, concolor. Est\u00edpite de hasta 120 x 2 mm, cil\u00edndrico, flexuoso, hueco, finamente pubescente, trasl\u00facido, gris\u00e1ceo crema o amarillo en la parte superior, m\u00e1s amarillo naranja o rojizo naranja vivo hacia la base que, se presenta cubierta de pelos hirsutos blanquecinos. Contexto escaso, acuoso, que emana un latex amarillo naranja vivo, olor y sabor poco destacable.<\/span><\/p>\n<p style=\"text-align: justify;\"><span style=\"color: #000000;\"><em>Caracteres microsc\u00f3picos<\/em>. Basidi\u00f3sporas de 8,3-10,5 x 4,5-6,5 \u00b5m \/ Q = 1,5-2,0; el\u00edpticas, lisas, hialinas, gutuladas. Esporada de color blanco. Basidios de hasta 25 x 10 \u00b5m, tetrasp\u00f3ricos, juntas con f\u00edbulas. Queilocistidios de hasta 35 x 12 \u00b5m, claviformes, subpiriformes, recubiertos de divert\u00edculos simples. Stipipellis con elementos cil\u00edndricos a clavados y diverticulados. Pileipellis formada por una capa de hifas tumbadas de hasta x10\u00b5m, terminadas en elementos engrosados, cubiertas de finas y peque\u00f1os divert\u00edculos o protuberancias coralloides, con contenido marr\u00f3n, juntas con f\u00edbulas.<\/span><\/p>\n<p style=\"text-align: justify;\"><span style=\"color: #000000;\"><em>Ecolog\u00eda<\/em>. En verano y oto\u00f1o, con <em>Fagus sylvatica<\/em>, sobre peque\u00f1as ramas muertas sobre suelos ricos en humus. <em>Distribuci\u00f3n<\/em>. Poco frecuente, R. <em>Material estudiado<\/em>. NAVARRA, Puerto de Urbasa, 920m, con <em>Fagus sylvatica<\/em>, sobre madera muy degradada, leg. &amp; det. J.A. Mu\u00f1oz, BAR2011101610. <em>Fotograf\u00eda<\/em>. Jos\u00e9 A. Mu\u00f1oz S\u00e1nchez.<\/span><\/p>\n<p style=\"text-align: justify;\"><span style=\"color: #000000;\">Citar como: Mu\u00f1oz, J.A. 2022 \u201c<em>Mycena crocata<\/em> (Schrad.) P. Kumm.\u201d. micol\u00f3gica-barakaldo.org [en l\u00ednea] Fichas micol\u00f3gicas n\u00ba 689, (Actualizada el 25-IX-2022). Disponible en <a style=\"color: #000000;\" href=\"https:\/\/micologica-barakaldo.org\/%20Mycena-crocata\/\">https:\/\/micologica-barakaldo.org\/ Mycena-crocata\/<\/a><\/span><\/p>\n<\/div><div class=\"fusion-clearfix\"><\/div><\/div><\/div><div class=\"fusion-layout-column fusion_builder_column fusion-builder-column-1 fusion_builder_column_1_2 1_2 fusion-one-half fusion-column-last\" style=\"--awb-bg-size:cover;width:48%;\"><div class=\"fusion-column-wrapper fusion-flex-column-wrapper-legacy\"><div class=\"fusion-image-element in-legacy-container\" style=\"--awb-caption-title-font-family:var(--h2_typography-font-family);--awb-caption-title-font-weight:var(--h2_typography-font-weight);--awb-caption-title-font-style:var(--h2_typography-font-style);--awb-caption-title-size:var(--h2_typography-font-size);--awb-caption-title-transform:var(--h2_typography-text-transform);--awb-caption-title-line-height:var(--h2_typography-line-height);--awb-caption-title-letter-spacing:var(--h2_typography-letter-spacing);\"><span class=\" fusion-imageframe imageframe-none imageframe-1 hover-type-none\"><img loading=\"lazy\" decoding=\"async\" width=\"1204\" height=\"885\" title=\"Mycena crocata\" src=\"https:\/\/micologica-barakaldo.org\/wp-content\/uploads\/2022\/09\/Mycena-crocata.jpg\" alt class=\"img-responsive wp-image-7108\" srcset=\"https:\/\/micologica-barakaldo.org\/wp-content\/uploads\/2022\/09\/Mycena-crocata-200x147.jpg 200w, https:\/\/micologica-barakaldo.org\/wp-content\/uploads\/2022\/09\/Mycena-crocata-400x294.jpg 400w, https:\/\/micologica-barakaldo.org\/wp-content\/uploads\/2022\/09\/Mycena-crocata-600x441.jpg 600w, https:\/\/micologica-barakaldo.org\/wp-content\/uploads\/2022\/09\/Mycena-crocata-800x588.jpg 800w, https:\/\/micologica-barakaldo.org\/wp-content\/uploads\/2022\/09\/Mycena-crocata-1200x882.jpg 1200w, https:\/\/micologica-barakaldo.org\/wp-content\/uploads\/2022\/09\/Mycena-crocata.jpg 1204w\" sizes=\"auto, (max-width: 1024px) 100vw, 800px\" \/><\/span><\/div><div class=\"fusion-clearfix\"><\/div><\/div><\/div><div class=\"fusion-layout-column fusion_builder_column fusion-builder-column-2 fusion_builder_column_1_1 1_1 fusion-one-full fusion-column-first fusion-column-last\" style=\"--awb-padding-top:40px;--awb-bg-size:cover;\"><div class=\"fusion-column-wrapper fusion-flex-column-wrapper-legacy\"><div class=\"fusion-aligncenter\"><a class=\"fusion-button button-flat button-xlarge button-default fusion-button-default button-1 fusion-button-default-span fusion-button-default-type\" target=\"_self\" href=\"https:\/\/micologica-barakaldo.org\/wp-content\/uploads\/2022\/09\/Mycena-crocata.pdf\"><i class=\"fa-file-pdf far awb-button__icon awb-button__icon--default button-icon-left\" aria-hidden=\"true\"><\/i><span class=\"fusion-button-text awb-button__text awb-button__text--default\">VER FICHA COMPLETA<\/span><\/a><\/div><div class=\"fusion-clearfix\"><\/div><\/div><\/div><\/div><\/div>\n","protected":false},"excerpt":{"rendered":"","protected":false},"author":2,"featured_media":7107,"comment_status":"open","ping_status":"closed","sticky":false,"template":"","format":"standard","meta":{"footnotes":"","jetpack_publicize_message":"","jetpack_publicize_feature_enabled":true,"jetpack_social_post_already_shared":true,"jetpack_social_options":{"image_generator_settings":{"template":"highway","default_image_id":0,"font":"","enabled":false},"version":2}},"categories":[6,40],"tags":[],"class_list":["post-7109","post","type-post","status-publish","format-standard","has-post-thumbnail","hentry","category-fichas-micologicas","category-fichas-micologicas-setas-m"],"jetpack_publicize_connections":[],"jetpack_featured_media_url":"https:\/\/micologica-barakaldo.org\/wp-content\/uploads\/2022\/09\/Mycena-crocata.jpg","jetpack_shortlink":"https:\/\/wp.me\/p9dTSQ-1QF","_links":{"self":[{"href":"https:\/\/micologica-barakaldo.org\/eu\/wp-json\/wp\/v2\/posts\/7109","targetHints":{"allow":["GET"]}}],"collection":[{"href":"https:\/\/micologica-barakaldo.org\/eu\/wp-json\/wp\/v2\/posts"}],"about":[{"href":"https:\/\/micologica-barakaldo.org\/eu\/wp-json\/wp\/v2\/types\/post"}],"author":[{"embeddable":true,"href":"https:\/\/micologica-barakaldo.org\/eu\/wp-json\/wp\/v2\/users\/2"}],"replies":[{"embeddable":true,"href":"https:\/\/micologica-barakaldo.org\/eu\/wp-json\/wp\/v2\/comments?post=7109"}],"version-history":[{"count":1,"href":"https:\/\/micologica-barakaldo.org\/eu\/wp-json\/wp\/v2\/posts\/7109\/revisions"}],"predecessor-version":[{"id":7110,"href":"https:\/\/micologica-barakaldo.org\/eu\/wp-json\/wp\/v2\/posts\/7109\/revisions\/7110"}],"wp:featuredmedia":[{"embeddable":true,"href":"https:\/\/micologica-barakaldo.org\/eu\/wp-json\/wp\/v2\/media\/7107"}],"wp:attachment":[{"href":"https:\/\/micologica-barakaldo.org\/eu\/wp-json\/wp\/v2\/media?parent=7109"}],"wp:term":[{"taxonomy":"category","embeddable":true,"href":"https:\/\/micologica-barakaldo.org\/eu\/wp-json\/wp\/v2\/categories?post=7109"},{"taxonomy":"post_tag","embeddable":true,"href":"https:\/\/micologica-barakaldo.org\/eu\/wp-json\/wp\/v2\/tags?post=7109"}],"curies":[{"name":"wp","href":"https:\/\/api.w.org\/{rel}","templated":true}]}}