{"id":7120,"date":"2022-09-30T09:19:13","date_gmt":"2022-09-30T08:19:13","guid":{"rendered":"https:\/\/micologica-barakaldo.org\/?p=7120"},"modified":"2022-09-30T09:19:13","modified_gmt":"2022-09-30T08:19:13","slug":"46-semana-micologica-de-barakaldo-2","status":"publish","type":"post","link":"https:\/\/micologica-barakaldo.org\/eu\/46-semana-micologica-de-barakaldo-2\/","title":{"rendered":"XLVI SEMANA MICOLOGICA DE BARAKALDO"},"content":{"rendered":"<p style=\"font-weight: 400; text-align: justify;\">Os saludamos de nuevo en este comienzo de temporada y qu\u00e9 mejor bienvenida que anunci\u00e1ndoos nuestra Semana Micol\u00f3gica.<\/p>\n<p style=\"font-weight: 400; text-align: justify;\">Se celebrar\u00e1 del 3 al 9 de octubre y constar\u00e1 de una Mesa redonda, a cargo de miembros de la Sociedad, para hablar de\u00a0 <strong>\u201cLas Setas ante el cambio clim\u00e1tico\u201d<\/strong>, en el Centro C\u00edvico Clara Campoamor de Barakaldo, de 19 a 20:30 horas.<\/p>\n<p style=\"font-weight: 400; text-align: justify;\">Tambi\u00e9n se realizar\u00e1 una salida para la recolecci\u00f3n de setas y su posterior clasificaci\u00f3n en los locales de la Sociedad, Parque Antonio Trueba, 1 Biblioteca Central (s\u00f3tano) 48902 Barakaldo (Bizkaia).<\/p>\n<p style=\"font-weight: 400; text-align: justify;\">Por \u00faltimo, celebraremos la XLVI Exposici\u00f3n Micol\u00f3gica el \u00a0domingo 9 de octubre en la Herriko Plaza de Barakaldo.<\/p>\n<p style=\"font-weight: 400; text-align: justify;\">Somos conscientes de la situaci\u00f3n de nuestros campos y bosques en cuanto a la ausencia de lluvias que llevamos padeciendo desde hace meses. En nuestro entorno, la situaci\u00f3n es muy complicada para la recolecci\u00f3n de especies micol\u00f3gicas, pero esperamos que las lluvias previstas para el fin de semana que viene y d\u00edas posteriores, palien algo la situaci\u00f3n y empiecen a brotar nuestras deseadas setas. Nuestra intenci\u00f3n es mantener las fechas previstas, pero si la situaci\u00f3n no mejora es posible que tengamos que aplazar la Semana. Esperemos que no sea necesario.<\/p>\n<p style=\"font-weight: 400; text-align: justify;\">Estad atentos a nuestro blog. Hasta pronto,<\/p>\n<p><img loading=\"lazy\" decoding=\"async\" class=\"size-large wp-image-7090 aligncenter\" src=\"https:\/\/micologica-barakaldo.org\/wp-content\/uploads\/2022\/09\/46-Semana-Micologica-800x1131.jpg\" alt=\"\" width=\"800\" height=\"1131\" srcset=\"https:\/\/micologica-barakaldo.org\/wp-content\/uploads\/2022\/09\/46-Semana-Micologica-200x283.jpg 200w, https:\/\/micologica-barakaldo.org\/wp-content\/uploads\/2022\/09\/46-Semana-Micologica-212x300.jpg 212w, https:\/\/micologica-barakaldo.org\/wp-content\/uploads\/2022\/09\/46-Semana-Micologica-400x565.jpg 400w, https:\/\/micologica-barakaldo.org\/wp-content\/uploads\/2022\/09\/46-Semana-Micologica-600x848.jpg 600w, https:\/\/micologica-barakaldo.org\/wp-content\/uploads\/2022\/09\/46-Semana-Micologica-768x1086.jpg 768w, https:\/\/micologica-barakaldo.org\/wp-content\/uploads\/2022\/09\/46-Semana-Micologica-800x1131.jpg 800w, https:\/\/micologica-barakaldo.org\/wp-content\/uploads\/2022\/09\/46-Semana-Micologica-1087x1536.jpg 1087w, https:\/\/micologica-barakaldo.org\/wp-content\/uploads\/2022\/09\/46-Semana-Micologica-1200x1696.jpg 1200w, https:\/\/micologica-barakaldo.org\/wp-content\/uploads\/2022\/09\/46-Semana-Micologica-1449x2048.jpg 1449w, https:\/\/micologica-barakaldo.org\/wp-content\/uploads\/2022\/09\/46-Semana-Micologica-scaled.jpg 1811w\" sizes=\"auto, (max-width: 800px) 100vw, 800px\" \/><\/p>\n<p>&nbsp;<\/p>\n<p>&nbsp;<\/p>\n<p>&nbsp;<\/p>\n<p>&nbsp;<\/p>\n<p>&nbsp;<\/p>\n<p>&nbsp;<\/p>\n","protected":false},"excerpt":{"rendered":"<p>Os saludamos de nuevo en este comienzo de temporada y qu\u00e9 mejor bienvenida que anunci\u00e1ndoos  [&#8230;]<\/p>\n","protected":false},"author":2,"featured_media":7090,"comment_status":"open","ping_status":"closed","sticky":false,"template":"","format":"standard","meta":{"footnotes":"","jetpack_publicize_message":"","jetpack_publicize_feature_enabled":true,"jetpack_social_post_already_shared":true,"jetpack_social_options":{"image_generator_settings":{"template":"highway","default_image_id":0,"font":"","enabled":false},"version":2}},"categories":[7],"tags":[],"class_list":["post-7120","post","type-post","status-publish","format-standard","has-post-thumbnail","hentry","category-blog"],"jetpack_publicize_connections":[],"jetpack_featured_media_url":"https:\/\/micologica-barakaldo.org\/wp-content\/uploads\/2022\/09\/46-Semana-Micologica-scaled.jpg","jetpack_shortlink":"https:\/\/wp.me\/p9dTSQ-1QQ","_links":{"self":[{"href":"https:\/\/micologica-barakaldo.org\/eu\/wp-json\/wp\/v2\/posts\/7120","targetHints":{"allow":["GET"]}}],"collection":[{"href":"https:\/\/micologica-barakaldo.org\/eu\/wp-json\/wp\/v2\/posts"}],"about":[{"href":"https:\/\/micologica-barakaldo.org\/eu\/wp-json\/wp\/v2\/types\/post"}],"author":[{"embeddable":true,"href":"https:\/\/micologica-barakaldo.org\/eu\/wp-json\/wp\/v2\/users\/2"}],"replies":[{"embeddable":true,"href":"https:\/\/micologica-barakaldo.org\/eu\/wp-json\/wp\/v2\/comments?post=7120"}],"version-history":[{"count":1,"href":"https:\/\/micologica-barakaldo.org\/eu\/wp-json\/wp\/v2\/posts\/7120\/revisions"}],"predecessor-version":[{"id":7121,"href":"https:\/\/micologica-barakaldo.org\/eu\/wp-json\/wp\/v2\/posts\/7120\/revisions\/7121"}],"wp:featuredmedia":[{"embeddable":true,"href":"https:\/\/micologica-barakaldo.org\/eu\/wp-json\/wp\/v2\/media\/7090"}],"wp:attachment":[{"href":"https:\/\/micologica-barakaldo.org\/eu\/wp-json\/wp\/v2\/media?parent=7120"}],"wp:term":[{"taxonomy":"category","embeddable":true,"href":"https:\/\/micologica-barakaldo.org\/eu\/wp-json\/wp\/v2\/categories?post=7120"},{"taxonomy":"post_tag","embeddable":true,"href":"https:\/\/micologica-barakaldo.org\/eu\/wp-json\/wp\/v2\/tags?post=7120"}],"curies":[{"name":"wp","href":"https:\/\/api.w.org\/{rel}","templated":true}]}}