{"id":7251,"date":"2022-10-31T18:39:47","date_gmt":"2022-10-31T17:39:47","guid":{"rendered":"https:\/\/micologica-barakaldo.org\/?p=7251"},"modified":"2023-12-30T10:17:35","modified_gmt":"2023-12-30T09:17:35","slug":"cortinarius-callisteus","status":"publish","type":"post","link":"https:\/\/micologica-barakaldo.org\/eu\/cortinarius-callisteus\/","title":{"rendered":"Cortinarius callisteus"},"content":{"rendered":"<div class=\"fusion-fullwidth fullwidth-box fusion-builder-row-1 nonhundred-percent-fullwidth non-hundred-percent-height-scrolling\" style=\"--awb-border-radius-top-left:0px;--awb-border-radius-top-right:0px;--awb-border-radius-bottom-right:0px;--awb-border-radius-bottom-left:0px;--awb-padding-bottom:50px;--awb-flex-wrap:wrap;\" ><div class=\"fusion-builder-row fusion-row\"><div class=\"fusion-layout-column fusion_builder_column fusion-builder-column-0 fusion_builder_column_1_2 1_2 fusion-one-half fusion-column-first\" style=\"--awb-bg-size:cover;width:48%; margin-right: 4%;\"><div class=\"fusion-column-wrapper fusion-flex-column-wrapper-legacy\"><div class=\"fusion-text fusion-text-1\"><p>&nbsp;<\/p>\n<p style=\"text-align: justify;\"><span style=\"color: #000000;\"><strong><em>Cortinarius callisteus<\/em> (Fr.) Fr.,<\/strong> Epicrisis Systematis Mycologici: 281, 1838<\/span><\/p>\n<p style=\"text-align: justify;\">MycoBank:\u00a0<span style=\"color: #3366ff;\"><a style=\"color: #3366ff;\" href=\"https:\/\/www.MycoBank.org\/MB\/195769\">195769<\/a><\/span><\/p>\n<p style=\"text-align: justify;\"><span style=\"color: #000000;\"><em>Caracteres macrosc\u00f3picos<\/em>. P\u00edleo de 30-80 mm de di\u00e1metro, primero hemisf\u00e9rico, despu\u00e9s convexo, pronto plano convexo y suavemente umbonado; margen agudo, un poco excedente, primero incurvado, pronto recto, sinuoso; superficie pileica separable, seca, finamente afieltrada, con finas escamas sobre todo en el disco, pero en algunos casos tambi\u00e9n en la periferia, de color amarillo marr\u00f3n, ocre rojizo, naranja marr\u00f3n. L\u00e1minas moderadamente espaciadas, anchas, al principio amarillentas, despu\u00e9s naranja ocre y finalmente marr\u00f3n ferruginosas, arista irregular y concolor. Est\u00edpite de 40-80 x 10-15 mm, claviforme, un poco bulboso, muy fibrilloso; de color amarillo, amarillo naranja o naranja rojizo; cortina amarillo marr\u00f3n que puede dejar ciertas bandas. Contexto espeso, firme, amarillento, anaranjado leonado en la parte baja del est\u00edpite; olor marcado ferroso o de patata cocida, sabor poco destacado. Reacciones qu\u00edmicas: KOH (20%) en la cut\u00edcula pil\u00e9ica y contexto pardo marr\u00f3n rojizo.<\/span><\/p>\n<p style=\"text-align: justify;\"><span style=\"color: #000000;\"><em>Caracteres microsc\u00f3picos<\/em>. Basidi\u00f3sporas de (6,4) 7,4 \u00b1 0,66 (9,6) x (5,3) 6,2 \u00b1 0,40 (7,1) \u00b5m; Q = (1,0) 1,2 \u00b1 0,10 (1,4), de subglobosas a anchamente elipsoidales, apiculadas, adornadas con peque\u00f1as verrugas finas y poco visibles, de densidad moderada, amarillo-leonado claro con KOH al 2%. Esporada marr\u00f3n-ferruginoso. Pileipellis tipo tricodermis, con hifas tumbadas m\u00e1s o menos subparalelas o entremezcladas, con dos capas: suprapellis de hasta 30 \u00b5m de espesor, con hifas de hasta x8 \u00b5m; subpellis de hasta 300 \u00b5m, con hifas cil\u00edndricas, m\u00e1s anchas de hasta x 20 \u00b5m, con pigmento incrustante, juntas con f\u00edbulas.<\/span><\/p>\n<p style=\"text-align: justify;\"><span style=\"color: #000000;\"><em>Ecolog\u00eda.<\/em> En verano y oto\u00f1o, en bosques de con\u00edferas (<em>Picea, Abies y Pinus<\/em>) y tambi\u00e9n en bosques mixtos<em>.\u00a0 Distribuci\u00f3n. Muy raro, RR.\u00a0<\/em><\/span><\/p>\n<p style=\"text-align: justify;\"><span style=\"color: #000000;\">Citar como: Mu\u00f1oz, J.A. 2022. <em>Cortinarius callisteus<\/em> (Fr.) Fr., micol\u00f3gica-barakaldo.org [en l\u00ednea]. Fichas Micol\u00f3gicas, n\u00ba 701 (Actualizada el 31-X-2022). Disponible en: \u00a0<a style=\"color: #000000;\" href=\"https:\/\/micologica-barakaldo.org\/Cortinarius-callisteus\/\">https:\/\/micologica-barakaldo.org\/Cortinarius-callisteus\/<\/a><\/span><\/p>\n<p>&nbsp;<\/p>\n<\/div><div class=\"fusion-clearfix\"><\/div><\/div><\/div><div class=\"fusion-layout-column fusion_builder_column fusion-builder-column-1 fusion_builder_column_1_2 1_2 fusion-one-half fusion-column-last\" style=\"--awb-bg-size:cover;width:48%;\"><div class=\"fusion-column-wrapper fusion-flex-column-wrapper-legacy\"><div class=\"fusion-image-element in-legacy-container\" style=\"--awb-caption-title-font-family:var(--h2_typography-font-family);--awb-caption-title-font-weight:var(--h2_typography-font-weight);--awb-caption-title-font-style:var(--h2_typography-font-style);--awb-caption-title-size:var(--h2_typography-font-size);--awb-caption-title-transform:var(--h2_typography-text-transform);--awb-caption-title-line-height:var(--h2_typography-line-height);--awb-caption-title-letter-spacing:var(--h2_typography-letter-spacing);\"><span class=\" fusion-imageframe imageframe-none imageframe-1 hover-type-none\"><img loading=\"lazy\" decoding=\"async\" width=\"1204\" height=\"853\" title=\"Cortinarius callisteus_20221008_6731\" src=\"https:\/\/micologica-barakaldo.org\/wp-content\/uploads\/2022\/10\/Cortinarius-callisteus_20221008_6731.jpg\" alt class=\"img-responsive wp-image-7250\" srcset=\"https:\/\/micologica-barakaldo.org\/wp-content\/uploads\/2022\/10\/Cortinarius-callisteus_20221008_6731-200x142.jpg 200w, https:\/\/micologica-barakaldo.org\/wp-content\/uploads\/2022\/10\/Cortinarius-callisteus_20221008_6731-400x283.jpg 400w, https:\/\/micologica-barakaldo.org\/wp-content\/uploads\/2022\/10\/Cortinarius-callisteus_20221008_6731-600x425.jpg 600w, https:\/\/micologica-barakaldo.org\/wp-content\/uploads\/2022\/10\/Cortinarius-callisteus_20221008_6731-800x567.jpg 800w, https:\/\/micologica-barakaldo.org\/wp-content\/uploads\/2022\/10\/Cortinarius-callisteus_20221008_6731-1200x850.jpg 1200w, https:\/\/micologica-barakaldo.org\/wp-content\/uploads\/2022\/10\/Cortinarius-callisteus_20221008_6731.jpg 1204w\" sizes=\"auto, (max-width: 1024px) 100vw, 800px\" \/><\/span><\/div><div class=\"fusion-clearfix\"><\/div><\/div><\/div><div class=\"fusion-layout-column fusion_builder_column fusion-builder-column-2 fusion_builder_column_1_1 1_1 fusion-one-full fusion-column-first fusion-column-last\" style=\"--awb-padding-top:40px;--awb-bg-size:cover;\"><div class=\"fusion-column-wrapper fusion-flex-column-wrapper-legacy\"><div class=\"fusion-aligncenter\"><a class=\"fusion-button button-flat button-xlarge button-default fusion-button-default button-1 fusion-button-default-span fusion-button-default-type\" target=\"_self\" href=\"https:\/\/micologica-barakaldo.org\/wp-content\/uploads\/2022\/10\/Cortinarius-callisteus.pdf\"><i class=\"fa-file-pdf far awb-button__icon awb-button__icon--default button-icon-left\" aria-hidden=\"true\"><\/i><span class=\"fusion-button-text awb-button__text awb-button__text--default\">VER FICHA COMPLETA<\/span><\/a><\/div><div class=\"fusion-clearfix\"><\/div><\/div><\/div><\/div><\/div>\n","protected":false},"excerpt":{"rendered":"","protected":false},"author":2,"featured_media":7249,"comment_status":"open","ping_status":"closed","sticky":false,"template":"","format":"standard","meta":{"footnotes":"","jetpack_publicize_message":"","jetpack_publicize_feature_enabled":true,"jetpack_social_post_already_shared":true,"jetpack_social_options":{"image_generator_settings":{"template":"highway","default_image_id":0,"font":"","enabled":false},"version":2}},"categories":[30,6],"tags":[],"class_list":["post-7251","post","type-post","status-publish","format-standard","has-post-thumbnail","hentry","category-fichas-micologicas-setas-c","category-fichas-micologicas"],"jetpack_publicize_connections":[],"jetpack_featured_media_url":"https:\/\/micologica-barakaldo.org\/wp-content\/uploads\/2022\/10\/Cortinarius-callisteus_20221008_6731.jpg","jetpack_shortlink":"https:\/\/wp.me\/p9dTSQ-1SX","_links":{"self":[{"href":"https:\/\/micologica-barakaldo.org\/eu\/wp-json\/wp\/v2\/posts\/7251","targetHints":{"allow":["GET"]}}],"collection":[{"href":"https:\/\/micologica-barakaldo.org\/eu\/wp-json\/wp\/v2\/posts"}],"about":[{"href":"https:\/\/micologica-barakaldo.org\/eu\/wp-json\/wp\/v2\/types\/post"}],"author":[{"embeddable":true,"href":"https:\/\/micologica-barakaldo.org\/eu\/wp-json\/wp\/v2\/users\/2"}],"replies":[{"embeddable":true,"href":"https:\/\/micologica-barakaldo.org\/eu\/wp-json\/wp\/v2\/comments?post=7251"}],"version-history":[{"count":2,"href":"https:\/\/micologica-barakaldo.org\/eu\/wp-json\/wp\/v2\/posts\/7251\/revisions"}],"predecessor-version":[{"id":9898,"href":"https:\/\/micologica-barakaldo.org\/eu\/wp-json\/wp\/v2\/posts\/7251\/revisions\/9898"}],"wp:featuredmedia":[{"embeddable":true,"href":"https:\/\/micologica-barakaldo.org\/eu\/wp-json\/wp\/v2\/media\/7249"}],"wp:attachment":[{"href":"https:\/\/micologica-barakaldo.org\/eu\/wp-json\/wp\/v2\/media?parent=7251"}],"wp:term":[{"taxonomy":"category","embeddable":true,"href":"https:\/\/micologica-barakaldo.org\/eu\/wp-json\/wp\/v2\/categories?post=7251"},{"taxonomy":"post_tag","embeddable":true,"href":"https:\/\/micologica-barakaldo.org\/eu\/wp-json\/wp\/v2\/tags?post=7251"}],"curies":[{"name":"wp","href":"https:\/\/api.w.org\/{rel}","templated":true}]}}