{"id":736,"date":"2017-10-01T21:42:11","date_gmt":"2017-10-01T20:42:11","guid":{"rendered":"https:\/\/micologica-barakaldo.org\/?p=736"},"modified":"2020-08-16T19:52:00","modified_gmt":"2020-08-16T18:52:00","slug":"chamaemyces-fracidus","status":"publish","type":"post","link":"https:\/\/micologica-barakaldo.org\/eu\/chamaemyces-fracidus\/","title":{"rendered":"Chamaemyces fracidus"},"content":{"rendered":"<div class=\"fusion-fullwidth fullwidth-box fusion-builder-row-1 nonhundred-percent-fullwidth non-hundred-percent-height-scrolling\" style=\"--awb-border-radius-top-left:0px;--awb-border-radius-top-right:0px;--awb-border-radius-bottom-right:0px;--awb-border-radius-bottom-left:0px;--awb-padding-bottom:50px;--awb-flex-wrap:wrap;\" ><div class=\"fusion-builder-row fusion-row\"><div class=\"fusion-layout-column fusion_builder_column fusion-builder-column-0 fusion_builder_column_1_2 1_2 fusion-one-half fusion-column-first\" style=\"--awb-bg-size:cover;width:48%; margin-right: 4%;\"><div class=\"fusion-column-wrapper fusion-flex-column-wrapper-legacy\"><div class=\"fusion-text fusion-text-1\"><p style=\"text-align: justify;\">\u2261<em>Mastoleucomyces fracidus<\/em>\u00a0(Fr.) Kuntze,\u00a0<em>Revis. gen. pl.<\/em>\u00a0(Leipzig)\u00a02: 861. 1891<\/p>\n<p style=\"text-align: justify;\"><strong>=<\/strong><em>Lepiota irrorata<\/em>\u00a0Qu\u00e9l.,\u00a0<em>C. r. Assoc. Fran\u00e7. Avancem. Sci.<\/em>\u00a011: 387. 1883 [1882]<\/p>\n<p style=\"text-align: justify;\">=<em>Mastocephalus irroratus<\/em>\u00a0(Qu\u00e9l.) Kuntze,\u00a0<em>Revis. gen. pl.<\/em>\u00a0(Leipzig)\u00a02: 860. 1891<\/p>\n<p style=\"text-align: justify;\"><em>Caracteres macrosc\u00f3picos<\/em>. P\u00edleo de hasta 70 mm, primero globoso, pronto convexo a plano convexo. Superficie viscosa en tiempo h\u00famedo y exudando gotas amarillentas, especialmente al margen; de color crema ocr\u00e1ceo, m\u00e1s oscuro al centro. L\u00e1minas libres o casi; de color blanquecino a crema p\u00e1lido. Est\u00edpite de hasta 70 x 15 mm, m\u00e1s o menos cil\u00edndrico, blanquecino en la parte superior, punteado de marr\u00f3n ocre en una zona anular bien delimitada, exudando g\u00fatulas amarillentas en tiempo h\u00famedo, que al secarse en la parte inferior toma un color ocre amarillo. Contexto blanquecino, olor y sabor poco definidos.<\/p>\n<p style=\"text-align: justify;\"><em>Caracteres microsc\u00f3picos<\/em>. Basidi\u00f3sporas de 4,5-6 x 2,5-4 \u03bcm \/ Q = 1,4-1,8; elipsoidales a un poco oblongas, no dextrinoides. Queilocistidios y Pleurocistidios abundantes hasta 70 x 20 \u03bcm, utriformes, fusiformes o clavados, con restos cristal\u00edferos en lo alto. Pileipellis himeniforme, con o sin capa gelatinosa, hasta x10 \u03bcm de espesor; formada por elementos claviformes hasta 60&#215;20 \u03bcm, con pigmento refractario marr\u00f3n, con azul de cresilo las paredes son metacrom\u00e1ticas.<\/p>\n<p style=\"text-align: justify;\">Ecolog\u00eda. En verano y oto\u00f1o, en zonas herbosas de los claros de bosques y setos, en suelos calc\u00e1reos. Distribuci\u00f3n. Muy raro.<\/p>\n<\/div><div class=\"fusion-clearfix\"><\/div><\/div><\/div><div class=\"fusion-layout-column fusion_builder_column fusion-builder-column-1 fusion_builder_column_1_2 1_2 fusion-one-half fusion-column-last\" style=\"--awb-bg-size:cover;width:48%;\"><div class=\"fusion-column-wrapper fusion-flex-column-wrapper-legacy\"><div class=\"fusion-image-element in-legacy-container\" style=\"--awb-caption-title-font-family:var(--h2_typography-font-family);--awb-caption-title-font-weight:var(--h2_typography-font-weight);--awb-caption-title-font-style:var(--h2_typography-font-style);--awb-caption-title-size:var(--h2_typography-font-size);--awb-caption-title-transform:var(--h2_typography-text-transform);--awb-caption-title-line-height:var(--h2_typography-line-height);--awb-caption-title-letter-spacing:var(--h2_typography-letter-spacing);\"><span class=\" fusion-imageframe imageframe-none imageframe-1 hover-type-none\"><img loading=\"lazy\" decoding=\"async\" width=\"1024\" height=\"684\" title=\"Chamaemyces fracticum_20151106_19274\" src=\"https:\/\/micologica-barakaldo.org\/wp-content\/uploads\/2017\/10\/Chamaemyces-fracticum_20151106_19274-1024x684.jpg\" alt class=\"img-responsive wp-image-8003\" srcset=\"https:\/\/micologica-barakaldo.org\/wp-content\/uploads\/2017\/10\/Chamaemyces-fracticum_20151106_19274-200x134.jpg 200w, https:\/\/micologica-barakaldo.org\/wp-content\/uploads\/2017\/10\/Chamaemyces-fracticum_20151106_19274-400x267.jpg 400w, https:\/\/micologica-barakaldo.org\/wp-content\/uploads\/2017\/10\/Chamaemyces-fracticum_20151106_19274-600x401.jpg 600w, https:\/\/micologica-barakaldo.org\/wp-content\/uploads\/2017\/10\/Chamaemyces-fracticum_20151106_19274-800x534.jpg 800w, https:\/\/micologica-barakaldo.org\/wp-content\/uploads\/2017\/10\/Chamaemyces-fracticum_20151106_19274.jpg 1024w\" sizes=\"auto, (max-width: 1024px) 100vw, 800px\" \/><\/span><\/div><div class=\"fusion-clearfix\"><\/div><\/div><\/div><div class=\"fusion-layout-column fusion_builder_column fusion-builder-column-2 fusion_builder_column_1_1 1_1 fusion-one-full fusion-column-first fusion-column-last\" style=\"--awb-padding-top:40px;--awb-bg-size:cover;\"><div class=\"fusion-column-wrapper fusion-flex-column-wrapper-legacy\"><div class=\"fusion-aligncenter\"><a class=\"fusion-button button-flat button-xlarge button-default fusion-button-default button-1 fusion-button-default-span fusion-button-default-type\" target=\"_self\" href=\"https:\/\/micologica-barakaldo.org\/wp-content\/uploads\/2020\/08\/Chamaemyces-fracidus_ficha.pdf\"><i class=\" fa fa-file-pdf-o awb-button__icon awb-button__icon--default button-icon-left\" aria-hidden=\"true\"><\/i><span class=\"fusion-button-text awb-button__text awb-button__text--default\">VER FICHA COMPLETA<\/span><\/a><\/div><div class=\"fusion-clearfix\"><\/div><\/div><\/div><\/div><\/div>\n","protected":false},"excerpt":{"rendered":"","protected":false},"author":2,"featured_media":727,"comment_status":"open","ping_status":"closed","sticky":false,"template":"","format":"standard","meta":{"footnotes":"","jetpack_publicize_message":"","jetpack_publicize_feature_enabled":true,"jetpack_social_post_already_shared":true,"jetpack_social_options":{"image_generator_settings":{"template":"highway","default_image_id":0,"font":"","enabled":false},"version":2}},"categories":[30,6],"tags":[],"class_list":["post-736","post","type-post","status-publish","format-standard","has-post-thumbnail","hentry","category-fichas-micologicas-setas-c","category-fichas-micologicas"],"jetpack_publicize_connections":[],"jetpack_featured_media_url":"https:\/\/micologica-barakaldo.org\/wp-content\/uploads\/2017\/10\/Chamaemyces-fracticum_20151106_19274.jpg","jetpack_shortlink":"https:\/\/wp.me\/p9dTSQ-bS","_links":{"self":[{"href":"https:\/\/micologica-barakaldo.org\/eu\/wp-json\/wp\/v2\/posts\/736","targetHints":{"allow":["GET"]}}],"collection":[{"href":"https:\/\/micologica-barakaldo.org\/eu\/wp-json\/wp\/v2\/posts"}],"about":[{"href":"https:\/\/micologica-barakaldo.org\/eu\/wp-json\/wp\/v2\/types\/post"}],"author":[{"embeddable":true,"href":"https:\/\/micologica-barakaldo.org\/eu\/wp-json\/wp\/v2\/users\/2"}],"replies":[{"embeddable":true,"href":"https:\/\/micologica-barakaldo.org\/eu\/wp-json\/wp\/v2\/comments?post=736"}],"version-history":[{"count":4,"href":"https:\/\/micologica-barakaldo.org\/eu\/wp-json\/wp\/v2\/posts\/736\/revisions"}],"predecessor-version":[{"id":3921,"href":"https:\/\/micologica-barakaldo.org\/eu\/wp-json\/wp\/v2\/posts\/736\/revisions\/3921"}],"wp:featuredmedia":[{"embeddable":true,"href":"https:\/\/micologica-barakaldo.org\/eu\/wp-json\/wp\/v2\/media\/727"}],"wp:attachment":[{"href":"https:\/\/micologica-barakaldo.org\/eu\/wp-json\/wp\/v2\/media?parent=736"}],"wp:term":[{"taxonomy":"category","embeddable":true,"href":"https:\/\/micologica-barakaldo.org\/eu\/wp-json\/wp\/v2\/categories?post=736"},{"taxonomy":"post_tag","embeddable":true,"href":"https:\/\/micologica-barakaldo.org\/eu\/wp-json\/wp\/v2\/tags?post=736"}],"curies":[{"name":"wp","href":"https:\/\/api.w.org\/{rel}","templated":true}]}}