{"id":7449,"date":"2023-03-06T20:02:44","date_gmt":"2023-03-06T19:02:44","guid":{"rendered":"https:\/\/micologica-barakaldo.org\/?p=7449"},"modified":"2023-03-06T20:02:44","modified_gmt":"2023-03-06T19:02:44","slug":"gloeophyllum-abietinum","status":"publish","type":"post","link":"https:\/\/micologica-barakaldo.org\/eu\/gloeophyllum-abietinum\/","title":{"rendered":"Gloeophyllum abietinum"},"content":{"rendered":"<div class=\"fusion-fullwidth fullwidth-box fusion-builder-row-1 nonhundred-percent-fullwidth non-hundred-percent-height-scrolling\" style=\"--awb-border-radius-top-left:0px;--awb-border-radius-top-right:0px;--awb-border-radius-bottom-right:0px;--awb-border-radius-bottom-left:0px;--awb-padding-bottom:50px;--awb-flex-wrap:wrap;\" ><div class=\"fusion-builder-row fusion-row\"><div class=\"fusion-layout-column fusion_builder_column fusion-builder-column-0 fusion_builder_column_1_2 1_2 fusion-one-half fusion-column-first\" style=\"--awb-bg-size:cover;width:48%; margin-right: 4%;\"><div class=\"fusion-column-wrapper fusion-flex-column-wrapper-legacy\"><div class=\"fusion-text fusion-text-1\"><p style=\"text-align: justify;\"><span style=\"color: #000000;\"><em>Gloeophyllum abietinum<\/em> (Bull.) P. Karst., <em>Bidrag till K\u00e4nnedom av Finlands Natur och Folk<\/em> 32: 80. 1879<\/span><\/p>\n<p style=\"text-align: justify;\"><span style=\"color: #000000;\">\u2261<em>Agaricus abietinus<\/em> Bull., Herbier de la France 10: t. 442:2. 1790 [basionym]<\/span><\/p>\n<p style=\"text-align: justify;\"><span style=\"color: #000000;\"><em>\u00a0 \u00a0 \u00a0 Lenzites abietina<\/em> (Bull.) Fr., <em>Epi. Syst. Mycol<\/em>.: 407. 1838<\/span><\/p>\n<p style=\"text-align: justify;\"><span style=\"color: #000000;\"><em>\u00a0 \u00a0 \u00a0Daedalea abietina<\/em> (Bull.) Fr., <em>Syst. <\/em><em>Mycol<\/em>. 1: 334. 1821<\/span><\/p>\n<p style=\"text-align: justify;\"><span style=\"color: #000000;\">Caracteres macrosc\u00f3picos. <em>Basidiomas<\/em> plurianuales, pileado y s\u00e9sil. <em>P\u00edleo<\/em> de hasta 100 mm de anchura y 10 mm de espesor, de forma semicircular o extendido en el sustrato, pronto aplanado, fijado al sustrato por una amplia zona; superficie pileica tomentosa, vellosa, acanalada o zonada, al final glabra, de color gris marr\u00f3n, marr\u00f3n finalmente pardo marr\u00f3n oscuro. <em>Himen\u00f3foro<\/em> formado por tubos, monoestratificados, irregulares, de hasta 10 mm de espesor, de color gris marr\u00f3n; poros dedaliformes o ampliamente laminado-anastomosados, arista crenulada blanquecina, de color primero ocre a ocr\u00e1ceo oscuro o pardo. <em>Contexto<\/em> cori\u00e1ceo, compacto, flexible, hasta 4 mm de espesor, de color pardo o pardo oscuro; sin olor ni sabor destacable.<\/span><\/p>\n<p style=\"text-align: justify;\"><span style=\"color: #000000;\">Caracteres microsc\u00f3picos. <em>Basidi\u00f3sporas<\/em> de (9,0) 10,5 \u00b1 0,70 (12,0) \u00d7 3,0 \u00b1 0,5 (4,0); Q = 2,9 \u00b1 0,2; cil\u00edndricas, d\u00e9bilmente alantoides, hialinas, lisas, con paredes delgadas. <em>Basidios<\/em> de hasta 30 \u00d7 8 \u00b5m, claviformes, tetrasp\u00f3ricos, juntas con f\u00edbulas. <em>Cistidios<\/em> hasta 55 \u00d7 8 \u00b5m, lageniformes, con el \u00e1pice c\u00f3nico o puntiagudo, con paredes espesas, de color marr\u00f3n-amarillo. <em>Sistema de hifas<\/em> trim\u00edtico. <em>Hifas generativas<\/em> del contexto de hasta \u00d74 \u00b5m, hialinas, ramificadas, entremezcladas, con pared delgada, juntas con f\u00edbulas. <em>Hifas esquel\u00e9ticas<\/em> de hasta \u00d76\u00b5m, abundantes, sin ramificaciones, entremezcladas, con paredes espesas, marr\u00f3n amarillentas. <em>Hifas conectivas<\/em> poco frecuentes, de hasta \u00d74 \u00b5m, sinuosas, nodulosas, intrincadas, con pared gruesas, ocre amarillas. \u00a0<\/span><\/p>\n<p style=\"text-align: justify;\"><span style=\"color: #000000;\">Ecolog\u00eda. Durante todo el a\u00f1o sobre ramas y troncos muertos de con\u00edferas (<em>Pinus, Picea, Abies, Larix<\/em>) provocando una podredumbre marr\u00f3n. Distribuci\u00f3n Raro y localizado, en nuestro caso sobre troncos muertos de <em>Abies alba<\/em>. RR. Material estudiado. HUESCA, Villan\u00faa, 1320 m, sobre tronco abatido de <em>Abies alba<\/em>, 3-V-2014, <em>leg. &amp; det. J.A. Mu\u00f1oz<\/em>, BAR2014050370. Fotograf\u00eda Jos\u00e9 A. Mu\u00f1oz S\u00e1nchez.<\/span><\/p>\n<p style=\"text-align: justify;\"><span style=\"color: #000000;\">Citar como: MU\u00d1OZ, J. A. (2023). <em>Gloeophyllum abietinum<\/em> (Bull.) P. Karst., micol\u00f3gica-barakaldo.org [en l\u00ednea]. Fichas Micol\u00f3gicas, 727 (Actualizada el 06-III-2023). ISSN 2660-633X. [consultado el xx\/xx\/xxx] <a style=\"color: #000000;\" href=\"https:\/\/micologica-barakaldo.org\/Gloeophyllum-abietinum\/\">https:\/\/micologica-barakaldo.org\/Gloeophyllum-abietinum\/<\/a><\/span><\/p>\n<\/div><div class=\"fusion-clearfix\"><\/div><\/div><\/div><div class=\"fusion-layout-column fusion_builder_column fusion-builder-column-1 fusion_builder_column_1_2 1_2 fusion-one-half fusion-column-last\" style=\"--awb-bg-size:cover;width:48%;\"><div class=\"fusion-column-wrapper fusion-flex-column-wrapper-legacy\"><div class=\"fusion-image-element in-legacy-container\" style=\"--awb-caption-title-font-family:var(--h2_typography-font-family);--awb-caption-title-font-weight:var(--h2_typography-font-weight);--awb-caption-title-font-style:var(--h2_typography-font-style);--awb-caption-title-size:var(--h2_typography-font-size);--awb-caption-title-transform:var(--h2_typography-text-transform);--awb-caption-title-line-height:var(--h2_typography-line-height);--awb-caption-title-letter-spacing:var(--h2_typography-letter-spacing);\"><span class=\" fusion-imageframe imageframe-none imageframe-1 hover-type-none\"><img loading=\"lazy\" decoding=\"async\" width=\"1204\" height=\"855\" title=\"Gloeophyllum abietinum_20140503_14869\" src=\"https:\/\/micologica-barakaldo.org\/wp-content\/uploads\/2023\/03\/Gloeophyllum-abietinum_20140503_14869.jpg\" alt class=\"img-responsive wp-image-7448\" srcset=\"https:\/\/micologica-barakaldo.org\/wp-content\/uploads\/2023\/03\/Gloeophyllum-abietinum_20140503_14869-200x142.jpg 200w, https:\/\/micologica-barakaldo.org\/wp-content\/uploads\/2023\/03\/Gloeophyllum-abietinum_20140503_14869-400x284.jpg 400w, https:\/\/micologica-barakaldo.org\/wp-content\/uploads\/2023\/03\/Gloeophyllum-abietinum_20140503_14869-600x426.jpg 600w, https:\/\/micologica-barakaldo.org\/wp-content\/uploads\/2023\/03\/Gloeophyllum-abietinum_20140503_14869-800x568.jpg 800w, https:\/\/micologica-barakaldo.org\/wp-content\/uploads\/2023\/03\/Gloeophyllum-abietinum_20140503_14869-1200x852.jpg 1200w, https:\/\/micologica-barakaldo.org\/wp-content\/uploads\/2023\/03\/Gloeophyllum-abietinum_20140503_14869.jpg 1204w\" sizes=\"auto, (max-width: 1024px) 100vw, 800px\" \/><\/span><\/div><div class=\"fusion-clearfix\"><\/div><\/div><\/div><div class=\"fusion-layout-column fusion_builder_column fusion-builder-column-2 fusion_builder_column_1_1 1_1 fusion-one-full fusion-column-first fusion-column-last\" style=\"--awb-padding-top:40px;--awb-bg-size:cover;\"><div class=\"fusion-column-wrapper fusion-flex-column-wrapper-legacy\"><div class=\"fusion-aligncenter\"><a class=\"fusion-button button-flat button-xlarge button-default fusion-button-default button-1 fusion-button-default-span fusion-button-default-type\" target=\"_self\" href=\"https:\/\/micologica-barakaldo.org\/wp-content\/uploads\/2023\/03\/Gloeophyllum-abietinum.pdf\"><i class=\"fa-file-pdf far awb-button__icon awb-button__icon--default button-icon-left\" aria-hidden=\"true\"><\/i><span class=\"fusion-button-text awb-button__text awb-button__text--default\">VER FICHA COMPLETA<\/span><\/a><\/div><div class=\"fusion-clearfix\"><\/div><\/div><\/div><\/div><\/div>\n","protected":false},"excerpt":{"rendered":"","protected":false},"author":2,"featured_media":7447,"comment_status":"open","ping_status":"closed","sticky":false,"template":"","format":"standard","meta":{"footnotes":"","jetpack_publicize_message":"","jetpack_publicize_feature_enabled":true,"jetpack_social_post_already_shared":true,"jetpack_social_options":{"image_generator_settings":{"template":"highway","default_image_id":0,"font":"","enabled":false},"version":2}},"categories":[6,34],"tags":[],"class_list":["post-7449","post","type-post","status-publish","format-standard","has-post-thumbnail","hentry","category-fichas-micologicas","category-fichas-micologicas-setas-g"],"jetpack_publicize_connections":[],"jetpack_featured_media_url":"https:\/\/micologica-barakaldo.org\/wp-content\/uploads\/2023\/03\/Gloeophyllum-abietinum_20140503_14869.jpg","jetpack_shortlink":"https:\/\/wp.me\/p9dTSQ-1W9","_links":{"self":[{"href":"https:\/\/micologica-barakaldo.org\/eu\/wp-json\/wp\/v2\/posts\/7449","targetHints":{"allow":["GET"]}}],"collection":[{"href":"https:\/\/micologica-barakaldo.org\/eu\/wp-json\/wp\/v2\/posts"}],"about":[{"href":"https:\/\/micologica-barakaldo.org\/eu\/wp-json\/wp\/v2\/types\/post"}],"author":[{"embeddable":true,"href":"https:\/\/micologica-barakaldo.org\/eu\/wp-json\/wp\/v2\/users\/2"}],"replies":[{"embeddable":true,"href":"https:\/\/micologica-barakaldo.org\/eu\/wp-json\/wp\/v2\/comments?post=7449"}],"version-history":[{"count":1,"href":"https:\/\/micologica-barakaldo.org\/eu\/wp-json\/wp\/v2\/posts\/7449\/revisions"}],"predecessor-version":[{"id":7450,"href":"https:\/\/micologica-barakaldo.org\/eu\/wp-json\/wp\/v2\/posts\/7449\/revisions\/7450"}],"wp:featuredmedia":[{"embeddable":true,"href":"https:\/\/micologica-barakaldo.org\/eu\/wp-json\/wp\/v2\/media\/7447"}],"wp:attachment":[{"href":"https:\/\/micologica-barakaldo.org\/eu\/wp-json\/wp\/v2\/media?parent=7449"}],"wp:term":[{"taxonomy":"category","embeddable":true,"href":"https:\/\/micologica-barakaldo.org\/eu\/wp-json\/wp\/v2\/categories?post=7449"},{"taxonomy":"post_tag","embeddable":true,"href":"https:\/\/micologica-barakaldo.org\/eu\/wp-json\/wp\/v2\/tags?post=7449"}],"curies":[{"name":"wp","href":"https:\/\/api.w.org\/{rel}","templated":true}]}}