{"id":748,"date":"2017-11-05T21:54:06","date_gmt":"2017-11-05T20:54:06","guid":{"rendered":"https:\/\/micologica-barakaldo.org\/?p=748"},"modified":"2020-06-25T21:58:41","modified_gmt":"2020-06-25T20:58:41","slug":"amanita-coryli","status":"publish","type":"post","link":"https:\/\/micologica-barakaldo.org\/eu\/amanita-coryli\/","title":{"rendered":"Amanita coryli"},"content":{"rendered":"<div class=\"fusion-fullwidth fullwidth-box fusion-builder-row-1 nonhundred-percent-fullwidth non-hundred-percent-height-scrolling\" style=\"--awb-border-radius-top-left:0px;--awb-border-radius-top-right:0px;--awb-border-radius-bottom-right:0px;--awb-border-radius-bottom-left:0px;--awb-padding-bottom:50px;--awb-flex-wrap:wrap;\" ><div class=\"fusion-builder-row fusion-row\"><div class=\"fusion-layout-column fusion_builder_column fusion-builder-column-0 fusion_builder_column_1_2 1_2 fusion-one-half fusion-column-first\" style=\"--awb-bg-size:cover;width:48%; margin-right: 4%;\"><div class=\"fusion-column-wrapper fusion-flex-column-wrapper-legacy\"><div class=\"fusion-text fusion-text-1\"><p style=\"text-align: justify;\"><em>Caracteres macrosc\u00f3picos<\/em>. P\u00edleo de hasta 80 mm de di\u00e1metro, primero c\u00f3nico acampanado, despu\u00e9s convexo mamelonado y por \u00faltimo extendido mamelonado; margen delgado, fuertemente acanalado (hasta 15 mm). Superficie pileica lisa, brillante en tiempo h\u00famedo, mate en seco; de color gris beige, gris ocr\u00e1ceo, gris oscuro en la madurez. L\u00e1minas libres, apretadas, de color blanco, finalmente crema p\u00e1lido, con el material seco toma color rosa salm\u00f3n; arista flocnosa, concolor. Est\u00edpite de hasta 150 x 12 mm, esbelto, cil\u00edndrico, largo, delgado, con la edad hueco; de color blanquecino, cubierto de bandas gris\u00e1ceas hacia la mitad inferior; volva amplia en forma de saco, alargada, blanca. Contexto fr\u00e1gil, escaso en el p\u00edleo; sin olor ni sabor caracter\u00edstico.<\/p>\n<p style=\"text-align: justify;\"><em>Caracteres microsc\u00f3picos<\/em>. Basidi\u00f3sporas de 9,5-13,5 x 9,5-12,5 \u00b5m \/ Q = 1,0-1,1; globosas o subglobulosas, lisas, hialinas, amiloides. Arista de las l\u00e1minas formada por abundantes elementos globosos o esferocistos de hasta x 40 \u00b5m y elementos clavados de hasta 30 x 18 \u00b5m.\u00a0 Esporada blanca. Basidios de hasta 70&#215;18\u00b5m, claviformes, tetrasp\u00f3ricos. Elementos del velo formado por una estructura filamentosa de hasta x 6 \u00b5m, con esferocistos de hasta x 50 \u00b5m.<\/p>\n<p style=\"text-align: justify;\"><em>Ecolog\u00eda<\/em>. En verano y oto\u00f1o bajo <em>Corylus avellana<\/em>, en bosques mixtos de ribera con <em>Corylus avellana<\/em>. <em>Distribuci\u00f3n<\/em>. \u00a0muy raro.<\/p>\n<\/div><div class=\"fusion-clearfix\"><\/div><\/div><\/div><div class=\"fusion-layout-column fusion_builder_column fusion-builder-column-1 fusion_builder_column_1_2 1_2 fusion-one-half fusion-column-last\" style=\"--awb-bg-size:cover;width:48%;\"><div class=\"fusion-column-wrapper fusion-flex-column-wrapper-legacy\"><div class=\"fusion-image-element in-legacy-container\" style=\"--awb-caption-title-font-family:var(--h2_typography-font-family);--awb-caption-title-font-weight:var(--h2_typography-font-weight);--awb-caption-title-font-style:var(--h2_typography-font-style);--awb-caption-title-size:var(--h2_typography-font-size);--awb-caption-title-transform:var(--h2_typography-text-transform);--awb-caption-title-line-height:var(--h2_typography-line-height);--awb-caption-title-letter-spacing:var(--h2_typography-letter-spacing);\"><span class=\" fusion-imageframe imageframe-none imageframe-1 hover-type-none\"><img loading=\"lazy\" decoding=\"async\" width=\"968\" height=\"707\" title=\"Amanita coryli_2016101410_2126\" src=\"https:\/\/micologica-barakaldo.org\/wp-content\/uploads\/2017\/10\/Amanita-coryli_2016101410_2126.jpg\" alt class=\"img-responsive wp-image-8002\" srcset=\"https:\/\/micologica-barakaldo.org\/wp-content\/uploads\/2017\/10\/Amanita-coryli_2016101410_2126-200x146.jpg 200w, https:\/\/micologica-barakaldo.org\/wp-content\/uploads\/2017\/10\/Amanita-coryli_2016101410_2126-400x292.jpg 400w, https:\/\/micologica-barakaldo.org\/wp-content\/uploads\/2017\/10\/Amanita-coryli_2016101410_2126-600x438.jpg 600w, https:\/\/micologica-barakaldo.org\/wp-content\/uploads\/2017\/10\/Amanita-coryli_2016101410_2126-800x584.jpg 800w, https:\/\/micologica-barakaldo.org\/wp-content\/uploads\/2017\/10\/Amanita-coryli_2016101410_2126.jpg 968w\" sizes=\"auto, (max-width: 1024px) 100vw, 800px\" \/><\/span><\/div><div class=\"fusion-clearfix\"><\/div><\/div><\/div><div class=\"fusion-layout-column fusion_builder_column fusion-builder-column-2 fusion_builder_column_1_1 1_1 fusion-one-full fusion-column-first fusion-column-last\" style=\"--awb-padding-top:40px;--awb-bg-size:cover;\"><div class=\"fusion-column-wrapper fusion-flex-column-wrapper-legacy\"><div class=\"fusion-aligncenter\"><a class=\"fusion-button button-flat button-xlarge button-default fusion-button-default button-1 fusion-button-default-span fusion-button-default-type\" target=\"_self\" href=\"https:\/\/micologica-barakaldo.org\/wp-content\/uploads\/2020\/06\/Amanita-coryli_01.pdf\"><i class=\" fa fa-file-pdf-o awb-button__icon awb-button__icon--default button-icon-left\" aria-hidden=\"true\"><\/i><span class=\"fusion-button-text awb-button__text awb-button__text--default\">VER FICHA COMPLETA<\/span><\/a><\/div><div class=\"fusion-clearfix\"><\/div><\/div><\/div><\/div><\/div>\n","protected":false},"excerpt":{"rendered":"","protected":false},"author":2,"featured_media":725,"comment_status":"open","ping_status":"closed","sticky":false,"template":"","format":"standard","meta":{"footnotes":"","jetpack_publicize_message":"","jetpack_publicize_feature_enabled":true,"jetpack_social_post_already_shared":true,"jetpack_social_options":{"image_generator_settings":{"template":"highway","default_image_id":0,"font":"","enabled":false},"version":2}},"categories":[28,6],"tags":[],"class_list":["post-748","post","type-post","status-publish","format-standard","has-post-thumbnail","hentry","category-fichas-micologicas-setas-a","category-fichas-micologicas"],"jetpack_publicize_connections":[],"jetpack_featured_media_url":"https:\/\/micologica-barakaldo.org\/wp-content\/uploads\/2017\/10\/Amanita-coryli_2016101410_2126.jpg","jetpack_shortlink":"https:\/\/wp.me\/p9dTSQ-c4","_links":{"self":[{"href":"https:\/\/micologica-barakaldo.org\/eu\/wp-json\/wp\/v2\/posts\/748","targetHints":{"allow":["GET"]}}],"collection":[{"href":"https:\/\/micologica-barakaldo.org\/eu\/wp-json\/wp\/v2\/posts"}],"about":[{"href":"https:\/\/micologica-barakaldo.org\/eu\/wp-json\/wp\/v2\/types\/post"}],"author":[{"embeddable":true,"href":"https:\/\/micologica-barakaldo.org\/eu\/wp-json\/wp\/v2\/users\/2"}],"replies":[{"embeddable":true,"href":"https:\/\/micologica-barakaldo.org\/eu\/wp-json\/wp\/v2\/comments?post=748"}],"version-history":[{"count":2,"href":"https:\/\/micologica-barakaldo.org\/eu\/wp-json\/wp\/v2\/posts\/748\/revisions"}],"predecessor-version":[{"id":3771,"href":"https:\/\/micologica-barakaldo.org\/eu\/wp-json\/wp\/v2\/posts\/748\/revisions\/3771"}],"wp:featuredmedia":[{"embeddable":true,"href":"https:\/\/micologica-barakaldo.org\/eu\/wp-json\/wp\/v2\/media\/725"}],"wp:attachment":[{"href":"https:\/\/micologica-barakaldo.org\/eu\/wp-json\/wp\/v2\/media?parent=748"}],"wp:term":[{"taxonomy":"category","embeddable":true,"href":"https:\/\/micologica-barakaldo.org\/eu\/wp-json\/wp\/v2\/categories?post=748"},{"taxonomy":"post_tag","embeddable":true,"href":"https:\/\/micologica-barakaldo.org\/eu\/wp-json\/wp\/v2\/tags?post=748"}],"curies":[{"name":"wp","href":"https:\/\/api.w.org\/{rel}","templated":true}]}}